     {"id":97595,"date":"2025-06-04T11:02:42","date_gmt":"2025-06-04T09:02:42","guid":{"rendered":"https:\/\/www.jobcloud.ch\/c\/blog\/2025\/06\/diversite-et-inclusion-en-milieu-professionnel\/"},"modified":"2025-06-04T11:23:20","modified_gmt":"2025-06-04T09:23:20","slug":"diversite-et-inclusion-en-milieu-professionnel","status":"publish","type":"post","link":"https:\/\/www.jobcloud.ch\/c\/fr-ch\/blog\/diversite-et-inclusion-en-milieu-professionnel\/","title":{"rendered":"Diversit\u00e9 et inclusion en milieu professionnel : ce que cela signifie concr\u00e8tement et pourquoi c\u2019est plus important que jamais"},"content":{"rendered":"","protected":false},"excerpt":{"rendered":"","protected":false},"author":12,"featured_media":97347,"comment_status":"closed","ping_status":"open","sticky":false,"template":"","format":"standard","meta":{"_acf_changed":false,"inline_featured_image":false,"footnotes":""},"categories":[1708,1718,1689],"tags":[3033,2337,3034],"class_list":["post-97595","post","type-post","status-publish","format-standard","has-post-thumbnail","hentry","category-actualites-du-marche","category-recrutement","category-vie-au-travail","tag-arbeitswelt-fr-ch","tag-recruiting-fr-ch","tag-unternehmenskultur-fr-ch"],"acf":[],"yoast_head":"<!-- This site is optimized with the Yoast SEO plugin v27.2 - https:\/\/yoast.com\/product\/yoast-seo-wordpress\/ -->\n<title>Diversit\u00e9 et inclusion en milieu professionnel : ce que cela signifie concr\u00e8tement et pourquoi c\u2019est plus important que jamais | JobCloud<\/title>\n<meta name=\"description\" content=\"Diversit\u00e9 &amp; Inclusion : Que signifient ces termes et pourquoi sont-ils plus importants que jamais dans un climat social polaris\u00e9 ?\" \/>\n<meta name=\"robots\" content=\"index, follow, max-snippet:-1, max-image-preview:large, max-video-preview:-1\" \/>\n<link rel=\"canonical\" href=\"https:\/\/www.jobcloud.ch\/c\/fr-ch\/blog\/diversite-et-inclusion-en-milieu-professionnel\/\" \/>\n<meta property=\"og:locale\" content=\"fr_FR\" \/>\n<meta property=\"og:type\" content=\"article\" \/>\n<meta property=\"og:title\" content=\"Diversit\u00e9 et inclusion en milieu professionnel : ce que cela signifie concr\u00e8tement et pourquoi c\u2019est plus important que jamais | JobCloud\" \/>\n<meta property=\"og:description\" content=\"Diversit\u00e9 &amp; Inclusion : Que signifient ces termes et pourquoi sont-ils plus importants que jamais dans un climat social polaris\u00e9 ?\" \/>\n<meta property=\"og:url\" content=\"https:\/\/www.jobcloud.ch\/c\/fr-ch\/blog\/diversite-et-inclusion-en-milieu-professionnel\/\" \/>\n<meta property=\"og:site_name\" content=\"JobCloud\" \/>\n<meta property=\"article:published_time\" content=\"2025-06-04T09:02:42+00:00\" \/>\n<meta property=\"article:modified_time\" content=\"2025-06-04T09:23:20+00:00\" \/>\n<meta property=\"og:image\" content=\"https:\/\/www.jobcloud.ch\/wp-content\/uploads\/2025\/05\/DSC8436-scaled.jpg\" \/>\n\t<meta property=\"og:image:width\" content=\"2560\" \/>\n\t<meta property=\"og:image:height\" content=\"1440\" \/>\n\t<meta property=\"og:image:type\" content=\"image\/jpeg\" \/>\n<meta name=\"author\" content=\"Rebekka H\u00e4nggi\" \/>\n<meta name=\"twitter:card\" content=\"summary_large_image\" \/>\n<meta name=\"twitter:label1\" content=\"Written by\" \/>\n\t<meta name=\"twitter:data1\" content=\"Rebekka H\u00e4nggi\" \/>\n\t<meta name=\"twitter:label2\" content=\"Est. reading time\" \/>\n\t<meta name=\"twitter:data2\" content=\"1 minute\" \/>\n<script type=\"application\/ld+json\" class=\"yoast-schema-graph\">{\"@context\":\"https:\/\/schema.org\",\"@graph\":[{\"@type\":\"Article\",\"@id\":\"https:\/\/www.jobcloud.ch\/c\/fr-ch\/blog\/diversite-et-inclusion-en-milieu-professionnel\/#article\",\"isPartOf\":{\"@id\":\"https:\/\/www.jobcloud.ch\/c\/fr-ch\/blog\/diversite-et-inclusion-en-milieu-professionnel\/\"},\"author\":{\"name\":\"Rebekka H\u00e4nggi\",\"@id\":\"https:\/\/www.jobcloud.ch\/c\/fr-ch\/#\/schema\/person\/77630b275e0f27fc4e48d5a2367855af\"},\"headline\":\"Diversit\u00e9 et inclusion en milieu professionnel : ce que cela signifie concr\u00e8tement et pourquoi c\u2019est plus important que jamais\",\"datePublished\":\"2025-06-04T09:02:42+00:00\",\"dateModified\":\"2025-06-04T09:23:20+00:00\",\"mainEntityOfPage\":{\"@id\":\"https:\/\/www.jobcloud.ch\/c\/fr-ch\/blog\/diversite-et-inclusion-en-milieu-professionnel\/\"},\"wordCount\":20,\"publisher\":{\"@id\":\"https:\/\/www.jobcloud.ch\/c\/fr-ch\/#organization\"},\"image\":{\"@id\":\"https:\/\/www.jobcloud.ch\/c\/fr-ch\/blog\/diversite-et-inclusion-en-milieu-professionnel\/#primaryimage\"},\"thumbnailUrl\":\"https:\/\/www.jobcloud.ch\/wp-content\/uploads\/2025\/05\/DSC8436-scaled.jpg\",\"keywords\":[\"Arbeitswelt\",\"Recruiting\",\"Unternehmenskultur\"],\"articleSection\":[\"Actualit\u00e9s du march\u00e9\",\"Recrutement\",\"Vie au travail\"],\"inLanguage\":\"fr-CH\"},{\"@type\":\"WebPage\",\"@id\":\"https:\/\/www.jobcloud.ch\/c\/fr-ch\/blog\/diversite-et-inclusion-en-milieu-professionnel\/\",\"url\":\"https:\/\/www.jobcloud.ch\/c\/fr-ch\/blog\/diversite-et-inclusion-en-milieu-professionnel\/\",\"name\":\"Diversit\u00e9 et inclusion en milieu professionnel : ce que cela signifie concr\u00e8tement et pourquoi c\u2019est plus important que jamais | JobCloud\",\"isPartOf\":{\"@id\":\"https:\/\/www.jobcloud.ch\/c\/fr-ch\/#website\"},\"primaryImageOfPage\":{\"@id\":\"https:\/\/www.jobcloud.ch\/c\/fr-ch\/blog\/diversite-et-inclusion-en-milieu-professionnel\/#primaryimage\"},\"image\":{\"@id\":\"https:\/\/www.jobcloud.ch\/c\/fr-ch\/blog\/diversite-et-inclusion-en-milieu-professionnel\/#primaryimage\"},\"thumbnailUrl\":\"https:\/\/www.jobcloud.ch\/wp-content\/uploads\/2025\/05\/DSC8436-scaled.jpg\",\"datePublished\":\"2025-06-04T09:02:42+00:00\",\"dateModified\":\"2025-06-04T09:23:20+00:00\",\"description\":\"Diversit\u00e9 & Inclusion : Que signifient ces termes et pourquoi sont-ils plus importants que jamais dans un climat social polaris\u00e9 ?\",\"inLanguage\":\"fr-CH\",\"potentialAction\":[{\"@type\":\"ReadAction\",\"target\":[\"https:\/\/www.jobcloud.ch\/c\/fr-ch\/blog\/diversite-et-inclusion-en-milieu-professionnel\/\"]}]},{\"@type\":\"ImageObject\",\"inLanguage\":\"fr-CH\",\"@id\":\"https:\/\/www.jobcloud.ch\/c\/fr-ch\/blog\/diversite-et-inclusion-en-milieu-professionnel\/#primaryimage\",\"url\":\"https:\/\/www.jobcloud.ch\/wp-content\/uploads\/2025\/05\/DSC8436-scaled.jpg\",\"contentUrl\":\"https:\/\/www.jobcloud.ch\/wp-content\/uploads\/2025\/05\/DSC8436-scaled.jpg\",\"width\":2560,\"height\":1440},{\"@type\":\"WebSite\",\"@id\":\"https:\/\/www.jobcloud.ch\/c\/fr-ch\/#website\",\"url\":\"https:\/\/www.jobcloud.ch\/c\/fr-ch\/\",\"name\":\"JobCloud\",\"description\":\"JobCloud is the leading job portal for jobseekers in Switzerland\",\"publisher\":{\"@id\":\"https:\/\/www.jobcloud.ch\/c\/fr-ch\/#organization\"},\"potentialAction\":[{\"@type\":\"SearchAction\",\"target\":{\"@type\":\"EntryPoint\",\"urlTemplate\":\"https:\/\/www.jobcloud.ch\/c\/fr-ch\/?s={search_term_string}\"},\"query-input\":{\"@type\":\"PropertyValueSpecification\",\"valueRequired\":true,\"valueName\":\"search_term_string\"}}],\"inLanguage\":\"fr-CH\"},{\"@type\":\"Organization\",\"@id\":\"https:\/\/www.jobcloud.ch\/c\/fr-ch\/#organization\",\"name\":\"JobCloud\",\"url\":\"https:\/\/www.jobcloud.ch\/c\/fr-ch\/\",\"logo\":{\"@type\":\"ImageObject\",\"inLanguage\":\"fr-CH\",\"@id\":\"https:\/\/www.jobcloud.ch\/c\/fr-ch\/#\/schema\/logo\/image\/\",\"url\":\"https:\/\/www.jobcloud.ch\/wp-content\/uploads\/2020\/02\/jobcloude-logo.svg\",\"contentUrl\":\"https:\/\/www.jobcloud.ch\/wp-content\/uploads\/2020\/02\/jobcloude-logo.svg\",\"width\":160,\"height\":37,\"caption\":\"JobCloud\"},\"image\":{\"@id\":\"https:\/\/www.jobcloud.ch\/c\/fr-ch\/#\/schema\/logo\/image\/\"}},{\"@type\":\"Person\",\"@id\":\"https:\/\/www.jobcloud.ch\/c\/fr-ch\/#\/schema\/person\/77630b275e0f27fc4e48d5a2367855af\",\"name\":\"Rebekka H\u00e4nggi\",\"image\":{\"@type\":\"ImageObject\",\"inLanguage\":\"fr-CH\",\"@id\":\"https:\/\/www.jobcloud.ch\/wp-content\/uploads\/2021\/01\/Rebekka-Haenggi_avatar-96x96.jpg\",\"url\":\"https:\/\/www.jobcloud.ch\/wp-content\/uploads\/2021\/01\/Rebekka-Haenggi_avatar-96x96.jpg\",\"contentUrl\":\"https:\/\/www.jobcloud.ch\/wp-content\/uploads\/2021\/01\/Rebekka-Haenggi_avatar-96x96.jpg\",\"caption\":\"Rebekka H\u00e4nggi\"},\"description\":\"Depuis janvier 2013, je suis en charge de la communication de JobCloud SA. Avant cela, je travaillais dans le d\u00e9partement marketing au sein de la soci\u00e9t\u00e9 Jobup AG. Le domaine du marketing et de la communication est ma passion et cela fait maintenant 8 ans que je m\u2019occupe des sujets relatifs aux RH Management. J\u2019ai un fort attrait pour le marketing du personnel, le recrutement en ligne et la direction du personnel, sujets que j\u2019aborderai sur notre blog. En outre, je vous donnerai un coup d\u2019\u0153il dans les coulisses de JobCloud en m\u2019exprimant sur la vie et le travail chez nous.\",\"sameAs\":[\"https:\/\/www.linkedin.com\/in\/rebekka-hnggi-affolter-9678b142\"],\"url\":\"https:\/\/www.jobcloud.ch\/c\/fr-ch\/blog\/author\/rebekka\/\"}]}<\/script>\n<!-- \/ Yoast SEO plugin. -->","yoast_head_json":{"title":"Diversit\u00e9 et inclusion en milieu professionnel : ce que cela signifie concr\u00e8tement et pourquoi c\u2019est plus important que jamais | JobCloud","description":"Diversit\u00e9 & Inclusion : Que signifient ces termes et pourquoi sont-ils plus importants que jamais dans un climat social polaris\u00e9 ?","robots":{"index":"index","follow":"follow","max-snippet":"max-snippet:-1","max-image-preview":"max-image-preview:large","max-video-preview":"max-video-preview:-1"},"canonical":"https:\/\/www.jobcloud.ch\/c\/fr-ch\/blog\/diversite-et-inclusion-en-milieu-professionnel\/","og_locale":"fr_FR","og_type":"article","og_title":"Diversit\u00e9 et inclusion en milieu professionnel : ce que cela signifie concr\u00e8tement et pourquoi c\u2019est plus important que jamais | JobCloud","og_description":"Diversit\u00e9 & Inclusion : Que signifient ces termes et pourquoi sont-ils plus importants que jamais dans un climat social polaris\u00e9 ?","og_url":"https:\/\/www.jobcloud.ch\/c\/fr-ch\/blog\/diversite-et-inclusion-en-milieu-professionnel\/","og_site_name":"JobCloud","article_published_time":"2025-06-04T09:02:42+00:00","article_modified_time":"2025-06-04T09:23:20+00:00","og_image":[{"width":2560,"height":1440,"url":"https:\/\/www.jobcloud.ch\/wp-content\/uploads\/2025\/05\/DSC8436-scaled.jpg","type":"image\/jpeg"}],"author":"Rebekka H\u00e4nggi","twitter_card":"summary_large_image","twitter_misc":{"Written by":"Rebekka H\u00e4nggi","Est. reading time":"1 minute"},"schema":{"@context":"https:\/\/schema.org","@graph":[{"@type":"Article","@id":"https:\/\/www.jobcloud.ch\/c\/fr-ch\/blog\/diversite-et-inclusion-en-milieu-professionnel\/#article","isPartOf":{"@id":"https:\/\/www.jobcloud.ch\/c\/fr-ch\/blog\/diversite-et-inclusion-en-milieu-professionnel\/"},"author":{"name":"Rebekka H\u00e4nggi","@id":"https:\/\/www.jobcloud.ch\/c\/fr-ch\/#\/schema\/person\/77630b275e0f27fc4e48d5a2367855af"},"headline":"Diversit\u00e9 et inclusion en milieu professionnel : ce que cela signifie concr\u00e8tement et pourquoi c\u2019est plus important que jamais","datePublished":"2025-06-04T09:02:42+00:00","dateModified":"2025-06-04T09:23:20+00:00","mainEntityOfPage":{"@id":"https:\/\/www.jobcloud.ch\/c\/fr-ch\/blog\/diversite-et-inclusion-en-milieu-professionnel\/"},"wordCount":20,"publisher":{"@id":"https:\/\/www.jobcloud.ch\/c\/fr-ch\/#organization"},"image":{"@id":"https:\/\/www.jobcloud.ch\/c\/fr-ch\/blog\/diversite-et-inclusion-en-milieu-professionnel\/#primaryimage"},"thumbnailUrl":"https:\/\/www.jobcloud.ch\/wp-content\/uploads\/2025\/05\/DSC8436-scaled.jpg","keywords":["Arbeitswelt","Recruiting","Unternehmenskultur"],"articleSection":["Actualit\u00e9s du march\u00e9","Recrutement","Vie au travail"],"inLanguage":"fr-CH"},{"@type":"WebPage","@id":"https:\/\/www.jobcloud.ch\/c\/fr-ch\/blog\/diversite-et-inclusion-en-milieu-professionnel\/","url":"https:\/\/www.jobcloud.ch\/c\/fr-ch\/blog\/diversite-et-inclusion-en-milieu-professionnel\/","name":"Diversit\u00e9 et inclusion en milieu professionnel : ce que cela signifie concr\u00e8tement et pourquoi c\u2019est plus important que jamais | JobCloud","isPartOf":{"@id":"https:\/\/www.jobcloud.ch\/c\/fr-ch\/#website"},"primaryImageOfPage":{"@id":"https:\/\/www.jobcloud.ch\/c\/fr-ch\/blog\/diversite-et-inclusion-en-milieu-professionnel\/#primaryimage"},"image":{"@id":"https:\/\/www.jobcloud.ch\/c\/fr-ch\/blog\/diversite-et-inclusion-en-milieu-professionnel\/#primaryimage"},"thumbnailUrl":"https:\/\/www.jobcloud.ch\/wp-content\/uploads\/2025\/05\/DSC8436-scaled.jpg","datePublished":"2025-06-04T09:02:42+00:00","dateModified":"2025-06-04T09:23:20+00:00","description":"Diversit\u00e9 & Inclusion : Que signifient ces termes et pourquoi sont-ils plus importants que jamais dans un climat social polaris\u00e9 ?","inLanguage":"fr-CH","potentialAction":[{"@type":"ReadAction","target":["https:\/\/www.jobcloud.ch\/c\/fr-ch\/blog\/diversite-et-inclusion-en-milieu-professionnel\/"]}]},{"@type":"ImageObject","inLanguage":"fr-CH","@id":"https:\/\/www.jobcloud.ch\/c\/fr-ch\/blog\/diversite-et-inclusion-en-milieu-professionnel\/#primaryimage","url":"https:\/\/www.jobcloud.ch\/wp-content\/uploads\/2025\/05\/DSC8436-scaled.jpg","contentUrl":"https:\/\/www.jobcloud.ch\/wp-content\/uploads\/2025\/05\/DSC8436-scaled.jpg","width":2560,"height":1440},{"@type":"WebSite","@id":"https:\/\/www.jobcloud.ch\/c\/fr-ch\/#website","url":"https:\/\/www.jobcloud.ch\/c\/fr-ch\/","name":"JobCloud","description":"JobCloud is the leading job portal for jobseekers in Switzerland","publisher":{"@id":"https:\/\/www.jobcloud.ch\/c\/fr-ch\/#organization"},"potentialAction":[{"@type":"SearchAction","target":{"@type":"EntryPoint","urlTemplate":"https:\/\/www.jobcloud.ch\/c\/fr-ch\/?s={search_term_string}"},"query-input":{"@type":"PropertyValueSpecification","valueRequired":true,"valueName":"search_term_string"}}],"inLanguage":"fr-CH"},{"@type":"Organization","@id":"https:\/\/www.jobcloud.ch\/c\/fr-ch\/#organization","name":"JobCloud","url":"https:\/\/www.jobcloud.ch\/c\/fr-ch\/","logo":{"@type":"ImageObject","inLanguage":"fr-CH","@id":"https:\/\/www.jobcloud.ch\/c\/fr-ch\/#\/schema\/logo\/image\/","url":"https:\/\/www.jobcloud.ch\/wp-content\/uploads\/2020\/02\/jobcloude-logo.svg","contentUrl":"https:\/\/www.jobcloud.ch\/wp-content\/uploads\/2020\/02\/jobcloude-logo.svg","width":160,"height":37,"caption":"JobCloud"},"image":{"@id":"https:\/\/www.jobcloud.ch\/c\/fr-ch\/#\/schema\/logo\/image\/"}},{"@type":"Person","@id":"https:\/\/www.jobcloud.ch\/c\/fr-ch\/#\/schema\/person\/77630b275e0f27fc4e48d5a2367855af","name":"Rebekka H\u00e4nggi","image":{"@type":"ImageObject","inLanguage":"fr-CH","@id":"https:\/\/www.jobcloud.ch\/wp-content\/uploads\/2021\/01\/Rebekka-Haenggi_avatar-96x96.jpg","url":"https:\/\/www.jobcloud.ch\/wp-content\/uploads\/2021\/01\/Rebekka-Haenggi_avatar-96x96.jpg","contentUrl":"https:\/\/www.jobcloud.ch\/wp-content\/uploads\/2021\/01\/Rebekka-Haenggi_avatar-96x96.jpg","caption":"Rebekka H\u00e4nggi"},"description":"Depuis janvier 2013, je suis en charge de la communication de JobCloud SA. Avant cela, je travaillais dans le d\u00e9partement marketing au sein de la soci\u00e9t\u00e9 Jobup AG. Le domaine du marketing et de la communication est ma passion et cela fait maintenant 8 ans que je m\u2019occupe des sujets relatifs aux RH Management. J\u2019ai un fort attrait pour le marketing du personnel, le recrutement en ligne et la direction du personnel, sujets que j\u2019aborderai sur notre blog. En outre, je vous donnerai un coup d\u2019\u0153il dans les coulisses de JobCloud en m\u2019exprimant sur la vie et le travail chez nous.","sameAs":["https:\/\/www.linkedin.com\/in\/rebekka-hnggi-affolter-9678b142"],"url":"https:\/\/www.jobcloud.ch\/c\/fr-ch\/blog\/author\/rebekka\/"}]}},"_links":{"self":[{"href":"https:\/\/www.jobcloud.ch\/c\/fr-ch\/wp-json\/wp\/v2\/posts\/97595","targetHints":{"allow":["GET"]}}],"collection":[{"href":"https:\/\/www.jobcloud.ch\/c\/fr-ch\/wp-json\/wp\/v2\/posts"}],"about":[{"href":"https:\/\/www.jobcloud.ch\/c\/fr-ch\/wp-json\/wp\/v2\/types\/post"}],"author":[{"embeddable":true,"href":"https:\/\/www.jobcloud.ch\/c\/fr-ch\/wp-json\/wp\/v2\/users\/12"}],"replies":[{"embeddable":true,"href":"https:\/\/www.jobcloud.ch\/c\/fr-ch\/wp-json\/wp\/v2\/comments?post=97595"}],"version-history":[{"count":0,"href":"https:\/\/www.jobcloud.ch\/c\/fr-ch\/wp-json\/wp\/v2\/posts\/97595\/revisions"}],"wp:featuredmedia":[{"embeddable":true,"href":"https:\/\/www.jobcloud.ch\/c\/fr-ch\/wp-json\/wp\/v2\/media\/97347"}],"wp:attachment":[{"href":"https:\/\/www.jobcloud.ch\/c\/fr-ch\/wp-json\/wp\/v2\/media?parent=97595"}],"wp:term":[{"taxonomy":"category","embeddable":true,"href":"https:\/\/www.jobcloud.ch\/c\/fr-ch\/wp-json\/wp\/v2\/categories?post=97595"},{"taxonomy":"post_tag","embeddable":true,"href":"https:\/\/www.jobcloud.ch\/c\/fr-ch\/wp-json\/wp\/v2\/tags?post=97595"}],"curies":[{"name":"wp","href":"https:\/\/api.w.org\/{rel}","templated":true}]}}