     {"id":96843,"date":"2025-05-19T11:41:41","date_gmt":"2025-05-19T09:41:41","guid":{"rendered":"https:\/\/www.jobcloud.ch\/c\/?p=96843"},"modified":"2025-10-02T15:35:14","modified_gmt":"2025-10-02T13:35:14","slug":"les-tendances-du-marche-du-travail-suisse-ce-que-nous-reserve-2025","status":"publish","type":"post","link":"https:\/\/www.jobcloud.ch\/c\/fr-ch\/blog\/2025\/05\/les-tendances-du-marche-du-travail-suisse-ce-que-nous-reserve-2025\/","title":{"rendered":"Les tendances du march\u00e9 du travail suisse : ce que nous r\u00e9serve 2025"},"content":{"rendered":"","protected":false},"excerpt":{"rendered":"","protected":false},"author":100,"featured_media":96848,"comment_status":"closed","ping_status":"open","sticky":false,"template":"","format":"standard","meta":{"_acf_changed":false,"inline_featured_image":false,"footnotes":""},"categories":[1708,3030],"tags":[],"class_list":["post-96843","post","type-post","status-publish","format-standard","has-post-thumbnail","hentry","category-actualites-du-marche","category-trends-studien-fr-ch"],"acf":[],"yoast_head":"<!-- This site is optimized with the Yoast SEO plugin v27.2 - https:\/\/yoast.com\/product\/yoast-seo-wordpress\/ -->\n<title>Les tendances du march\u00e9 du travail suisse : ce que nous r\u00e9serve 2025 | JobCloud<\/title>\n<meta name=\"description\" content=\"Le march\u00e9 du travail suisse en 2025 montre de la stabilit\u00e9, mais aussi des d\u00e9fis. Malgr\u00e9 un taux de ch\u00f4mage stable \u00e0 2,8 % et une l\u00e9g\u00e8re reprise des offres d&#039;emploi, des tensions persistent. Les m\u00e9tiers STEM et le secteur de la sant\u00e9 sont particuli\u00e8rement recherch\u00e9s, tandis que les fonctions administratives et de bureau subissent des pressions. Les entreprises doivent s&#039;adapter aux attentes changeantes des employ\u00e9s qui valorisent la flexibilit\u00e9 et le bien-\u00eatre. Le t\u00e9l\u00e9travail est \u00e9tabli et les mod\u00e8les de travail flexibles sont la nouvelle normalit\u00e9.\" \/>\n<meta name=\"robots\" content=\"index, follow, max-snippet:-1, max-image-preview:large, max-video-preview:-1\" \/>\n<link rel=\"canonical\" href=\"https:\/\/www.jobcloud.ch\/c\/fr-ch\/blog\/2025\/05\/les-tendances-du-marche-du-travail-suisse-ce-que-nous-reserve-2025\/\" \/>\n<meta property=\"og:locale\" content=\"fr_FR\" \/>\n<meta property=\"og:type\" content=\"article\" \/>\n<meta property=\"og:title\" content=\"Les tendances du march\u00e9 du travail suisse : ce que nous r\u00e9serve 2025 | JobCloud\" \/>\n<meta property=\"og:description\" content=\"Le march\u00e9 du travail suisse en 2025 montre de la stabilit\u00e9, mais aussi des d\u00e9fis. Malgr\u00e9 un taux de ch\u00f4mage stable \u00e0 2,8 % et une l\u00e9g\u00e8re reprise des offres d&#039;emploi, des tensions persistent. Les m\u00e9tiers STEM et le secteur de la sant\u00e9 sont particuli\u00e8rement recherch\u00e9s, tandis que les fonctions administratives et de bureau subissent des pressions. Les entreprises doivent s&#039;adapter aux attentes changeantes des employ\u00e9s qui valorisent la flexibilit\u00e9 et le bien-\u00eatre. Le t\u00e9l\u00e9travail est \u00e9tabli et les mod\u00e8les de travail flexibles sont la nouvelle normalit\u00e9.\" \/>\n<meta property=\"og:url\" content=\"https:\/\/www.jobcloud.ch\/c\/fr-ch\/blog\/2025\/05\/les-tendances-du-marche-du-travail-suisse-ce-que-nous-reserve-2025\/\" \/>\n<meta property=\"og:site_name\" content=\"JobCloud\" \/>\n<meta property=\"article:published_time\" content=\"2025-05-19T09:41:41+00:00\" \/>\n<meta property=\"article:modified_time\" content=\"2025-10-02T13:35:14+00:00\" \/>\n<meta property=\"og:image\" content=\"https:\/\/www.jobcloud.ch\/wp-content\/uploads\/2025\/05\/2-1.png\" \/>\n\t<meta property=\"og:image:width\" content=\"1025\" \/>\n\t<meta property=\"og:image:height\" content=\"450\" \/>\n\t<meta property=\"og:image:type\" content=\"image\/png\" \/>\n<meta name=\"author\" content=\"Janos Marton\" \/>\n<meta name=\"twitter:card\" content=\"summary_large_image\" \/>\n<meta name=\"twitter:label1\" content=\"Written by\" \/>\n\t<meta name=\"twitter:data1\" content=\"Janos Marton\" \/>\n\t<meta name=\"twitter:label2\" content=\"Est. reading time\" \/>\n\t<meta name=\"twitter:data2\" content=\"1 minute\" \/>\n<script type=\"application\/ld+json\" class=\"yoast-schema-graph\">{\"@context\":\"https:\/\/schema.org\",\"@graph\":[{\"@type\":\"Article\",\"@id\":\"https:\/\/www.jobcloud.ch\/c\/fr-ch\/blog\/2025\/05\/les-tendances-du-marche-du-travail-suisse-ce-que-nous-reserve-2025\/#article\",\"isPartOf\":{\"@id\":\"https:\/\/www.jobcloud.ch\/c\/fr-ch\/blog\/2025\/05\/les-tendances-du-marche-du-travail-suisse-ce-que-nous-reserve-2025\/\"},\"author\":{\"name\":\"Janos Marton\",\"@id\":\"https:\/\/www.jobcloud.ch\/c\/fr-ch\/#\/schema\/person\/d37296b9acfec191e62203bfa5944cc5\"},\"headline\":\"Les tendances du march\u00e9 du travail suisse : ce que nous r\u00e9serve 2025\",\"datePublished\":\"2025-05-19T09:41:41+00:00\",\"dateModified\":\"2025-10-02T13:35:14+00:00\",\"mainEntityOfPage\":{\"@id\":\"https:\/\/www.jobcloud.ch\/c\/fr-ch\/blog\/2025\/05\/les-tendances-du-marche-du-travail-suisse-ce-que-nous-reserve-2025\/\"},\"wordCount\":12,\"publisher\":{\"@id\":\"https:\/\/www.jobcloud.ch\/c\/fr-ch\/#organization\"},\"image\":{\"@id\":\"https:\/\/www.jobcloud.ch\/c\/fr-ch\/blog\/2025\/05\/les-tendances-du-marche-du-travail-suisse-ce-que-nous-reserve-2025\/#primaryimage\"},\"thumbnailUrl\":\"https:\/\/www.jobcloud.ch\/wp-content\/uploads\/2025\/05\/2-1.png\",\"articleSection\":[\"Actualit\u00e9s du march\u00e9\",\"Trends &amp; Studien\"],\"inLanguage\":\"fr-CH\"},{\"@type\":\"WebPage\",\"@id\":\"https:\/\/www.jobcloud.ch\/c\/fr-ch\/blog\/2025\/05\/les-tendances-du-marche-du-travail-suisse-ce-que-nous-reserve-2025\/\",\"url\":\"https:\/\/www.jobcloud.ch\/c\/fr-ch\/blog\/2025\/05\/les-tendances-du-marche-du-travail-suisse-ce-que-nous-reserve-2025\/\",\"name\":\"Les tendances du march\u00e9 du travail suisse : ce que nous r\u00e9serve 2025 | JobCloud\",\"isPartOf\":{\"@id\":\"https:\/\/www.jobcloud.ch\/c\/fr-ch\/#website\"},\"primaryImageOfPage\":{\"@id\":\"https:\/\/www.jobcloud.ch\/c\/fr-ch\/blog\/2025\/05\/les-tendances-du-marche-du-travail-suisse-ce-que-nous-reserve-2025\/#primaryimage\"},\"image\":{\"@id\":\"https:\/\/www.jobcloud.ch\/c\/fr-ch\/blog\/2025\/05\/les-tendances-du-marche-du-travail-suisse-ce-que-nous-reserve-2025\/#primaryimage\"},\"thumbnailUrl\":\"https:\/\/www.jobcloud.ch\/wp-content\/uploads\/2025\/05\/2-1.png\",\"datePublished\":\"2025-05-19T09:41:41+00:00\",\"dateModified\":\"2025-10-02T13:35:14+00:00\",\"description\":\"Le march\u00e9 du travail suisse en 2025 montre de la stabilit\u00e9, mais aussi des d\u00e9fis. Malgr\u00e9 un taux de ch\u00f4mage stable \u00e0 2,8 % et une l\u00e9g\u00e8re reprise des offres d'emploi, des tensions persistent. Les m\u00e9tiers STEM et le secteur de la sant\u00e9 sont particuli\u00e8rement recherch\u00e9s, tandis que les fonctions administratives et de bureau subissent des pressions. Les entreprises doivent s'adapter aux attentes changeantes des employ\u00e9s qui valorisent la flexibilit\u00e9 et le bien-\u00eatre. Le t\u00e9l\u00e9travail est \u00e9tabli et les mod\u00e8les de travail flexibles sont la nouvelle normalit\u00e9.\",\"inLanguage\":\"fr-CH\",\"potentialAction\":[{\"@type\":\"ReadAction\",\"target\":[\"https:\/\/www.jobcloud.ch\/c\/fr-ch\/blog\/2025\/05\/les-tendances-du-marche-du-travail-suisse-ce-que-nous-reserve-2025\/\"]}]},{\"@type\":\"ImageObject\",\"inLanguage\":\"fr-CH\",\"@id\":\"https:\/\/www.jobcloud.ch\/c\/fr-ch\/blog\/2025\/05\/les-tendances-du-marche-du-travail-suisse-ce-que-nous-reserve-2025\/#primaryimage\",\"url\":\"https:\/\/www.jobcloud.ch\/wp-content\/uploads\/2025\/05\/2-1.png\",\"contentUrl\":\"https:\/\/www.jobcloud.ch\/wp-content\/uploads\/2025\/05\/2-1.png\",\"width\":1025,\"height\":450},{\"@type\":\"WebSite\",\"@id\":\"https:\/\/www.jobcloud.ch\/c\/fr-ch\/#website\",\"url\":\"https:\/\/www.jobcloud.ch\/c\/fr-ch\/\",\"name\":\"JobCloud\",\"description\":\"JobCloud is the leading job portal for jobseekers in Switzerland\",\"publisher\":{\"@id\":\"https:\/\/www.jobcloud.ch\/c\/fr-ch\/#organization\"},\"potentialAction\":[{\"@type\":\"SearchAction\",\"target\":{\"@type\":\"EntryPoint\",\"urlTemplate\":\"https:\/\/www.jobcloud.ch\/c\/fr-ch\/?s={search_term_string}\"},\"query-input\":{\"@type\":\"PropertyValueSpecification\",\"valueRequired\":true,\"valueName\":\"search_term_string\"}}],\"inLanguage\":\"fr-CH\"},{\"@type\":\"Organization\",\"@id\":\"https:\/\/www.jobcloud.ch\/c\/fr-ch\/#organization\",\"name\":\"JobCloud\",\"url\":\"https:\/\/www.jobcloud.ch\/c\/fr-ch\/\",\"logo\":{\"@type\":\"ImageObject\",\"inLanguage\":\"fr-CH\",\"@id\":\"https:\/\/www.jobcloud.ch\/c\/fr-ch\/#\/schema\/logo\/image\/\",\"url\":\"https:\/\/www.jobcloud.ch\/wp-content\/uploads\/2020\/02\/jobcloude-logo.svg\",\"contentUrl\":\"https:\/\/www.jobcloud.ch\/wp-content\/uploads\/2020\/02\/jobcloude-logo.svg\",\"width\":160,\"height\":37,\"caption\":\"JobCloud\"},\"image\":{\"@id\":\"https:\/\/www.jobcloud.ch\/c\/fr-ch\/#\/schema\/logo\/image\/\"}},{\"@type\":\"Person\",\"@id\":\"https:\/\/www.jobcloud.ch\/c\/fr-ch\/#\/schema\/person\/d37296b9acfec191e62203bfa5944cc5\",\"name\":\"Janos Marton\",\"image\":{\"@type\":\"ImageObject\",\"inLanguage\":\"fr-CH\",\"@id\":\"https:\/\/secure.gravatar.com\/avatar\/268f019a6a3769b0628a36c3805f94f6fd5fbafd44230aeb657684574cb1f825?s=96&d=mm&r=g\",\"url\":\"https:\/\/secure.gravatar.com\/avatar\/268f019a6a3769b0628a36c3805f94f6fd5fbafd44230aeb657684574cb1f825?s=96&d=mm&r=g\",\"contentUrl\":\"https:\/\/secure.gravatar.com\/avatar\/268f019a6a3769b0628a36c3805f94f6fd5fbafd44230aeb657684574cb1f825?s=96&d=mm&r=g\",\"caption\":\"Janos Marton\"},\"url\":\"https:\/\/www.jobcloud.ch\/c\/fr-ch\/blog\/author\/jmarton\/\"}]}<\/script>\n<!-- \/ Yoast SEO plugin. -->","yoast_head_json":{"title":"Les tendances du march\u00e9 du travail suisse : ce que nous r\u00e9serve 2025 | JobCloud","description":"Le march\u00e9 du travail suisse en 2025 montre de la stabilit\u00e9, mais aussi des d\u00e9fis. Malgr\u00e9 un taux de ch\u00f4mage stable \u00e0 2,8 % et une l\u00e9g\u00e8re reprise des offres d'emploi, des tensions persistent. Les m\u00e9tiers STEM et le secteur de la sant\u00e9 sont particuli\u00e8rement recherch\u00e9s, tandis que les fonctions administratives et de bureau subissent des pressions. Les entreprises doivent s'adapter aux attentes changeantes des employ\u00e9s qui valorisent la flexibilit\u00e9 et le bien-\u00eatre. Le t\u00e9l\u00e9travail est \u00e9tabli et les mod\u00e8les de travail flexibles sont la nouvelle normalit\u00e9.","robots":{"index":"index","follow":"follow","max-snippet":"max-snippet:-1","max-image-preview":"max-image-preview:large","max-video-preview":"max-video-preview:-1"},"canonical":"https:\/\/www.jobcloud.ch\/c\/fr-ch\/blog\/2025\/05\/les-tendances-du-marche-du-travail-suisse-ce-que-nous-reserve-2025\/","og_locale":"fr_FR","og_type":"article","og_title":"Les tendances du march\u00e9 du travail suisse : ce que nous r\u00e9serve 2025 | JobCloud","og_description":"Le march\u00e9 du travail suisse en 2025 montre de la stabilit\u00e9, mais aussi des d\u00e9fis. Malgr\u00e9 un taux de ch\u00f4mage stable \u00e0 2,8 % et une l\u00e9g\u00e8re reprise des offres d'emploi, des tensions persistent. Les m\u00e9tiers STEM et le secteur de la sant\u00e9 sont particuli\u00e8rement recherch\u00e9s, tandis que les fonctions administratives et de bureau subissent des pressions. Les entreprises doivent s'adapter aux attentes changeantes des employ\u00e9s qui valorisent la flexibilit\u00e9 et le bien-\u00eatre. Le t\u00e9l\u00e9travail est \u00e9tabli et les mod\u00e8les de travail flexibles sont la nouvelle normalit\u00e9.","og_url":"https:\/\/www.jobcloud.ch\/c\/fr-ch\/blog\/2025\/05\/les-tendances-du-marche-du-travail-suisse-ce-que-nous-reserve-2025\/","og_site_name":"JobCloud","article_published_time":"2025-05-19T09:41:41+00:00","article_modified_time":"2025-10-02T13:35:14+00:00","og_image":[{"width":1025,"height":450,"url":"https:\/\/www.jobcloud.ch\/wp-content\/uploads\/2025\/05\/2-1.png","type":"image\/png"}],"author":"Janos Marton","twitter_card":"summary_large_image","twitter_misc":{"Written by":"Janos Marton","Est. reading time":"1 minute"},"schema":{"@context":"https:\/\/schema.org","@graph":[{"@type":"Article","@id":"https:\/\/www.jobcloud.ch\/c\/fr-ch\/blog\/2025\/05\/les-tendances-du-marche-du-travail-suisse-ce-que-nous-reserve-2025\/#article","isPartOf":{"@id":"https:\/\/www.jobcloud.ch\/c\/fr-ch\/blog\/2025\/05\/les-tendances-du-marche-du-travail-suisse-ce-que-nous-reserve-2025\/"},"author":{"name":"Janos Marton","@id":"https:\/\/www.jobcloud.ch\/c\/fr-ch\/#\/schema\/person\/d37296b9acfec191e62203bfa5944cc5"},"headline":"Les tendances du march\u00e9 du travail suisse : ce que nous r\u00e9serve 2025","datePublished":"2025-05-19T09:41:41+00:00","dateModified":"2025-10-02T13:35:14+00:00","mainEntityOfPage":{"@id":"https:\/\/www.jobcloud.ch\/c\/fr-ch\/blog\/2025\/05\/les-tendances-du-marche-du-travail-suisse-ce-que-nous-reserve-2025\/"},"wordCount":12,"publisher":{"@id":"https:\/\/www.jobcloud.ch\/c\/fr-ch\/#organization"},"image":{"@id":"https:\/\/www.jobcloud.ch\/c\/fr-ch\/blog\/2025\/05\/les-tendances-du-marche-du-travail-suisse-ce-que-nous-reserve-2025\/#primaryimage"},"thumbnailUrl":"https:\/\/www.jobcloud.ch\/wp-content\/uploads\/2025\/05\/2-1.png","articleSection":["Actualit\u00e9s du march\u00e9","Trends &amp; Studien"],"inLanguage":"fr-CH"},{"@type":"WebPage","@id":"https:\/\/www.jobcloud.ch\/c\/fr-ch\/blog\/2025\/05\/les-tendances-du-marche-du-travail-suisse-ce-que-nous-reserve-2025\/","url":"https:\/\/www.jobcloud.ch\/c\/fr-ch\/blog\/2025\/05\/les-tendances-du-marche-du-travail-suisse-ce-que-nous-reserve-2025\/","name":"Les tendances du march\u00e9 du travail suisse : ce que nous r\u00e9serve 2025 | JobCloud","isPartOf":{"@id":"https:\/\/www.jobcloud.ch\/c\/fr-ch\/#website"},"primaryImageOfPage":{"@id":"https:\/\/www.jobcloud.ch\/c\/fr-ch\/blog\/2025\/05\/les-tendances-du-marche-du-travail-suisse-ce-que-nous-reserve-2025\/#primaryimage"},"image":{"@id":"https:\/\/www.jobcloud.ch\/c\/fr-ch\/blog\/2025\/05\/les-tendances-du-marche-du-travail-suisse-ce-que-nous-reserve-2025\/#primaryimage"},"thumbnailUrl":"https:\/\/www.jobcloud.ch\/wp-content\/uploads\/2025\/05\/2-1.png","datePublished":"2025-05-19T09:41:41+00:00","dateModified":"2025-10-02T13:35:14+00:00","description":"Le march\u00e9 du travail suisse en 2025 montre de la stabilit\u00e9, mais aussi des d\u00e9fis. Malgr\u00e9 un taux de ch\u00f4mage stable \u00e0 2,8 % et une l\u00e9g\u00e8re reprise des offres d'emploi, des tensions persistent. Les m\u00e9tiers STEM et le secteur de la sant\u00e9 sont particuli\u00e8rement recherch\u00e9s, tandis que les fonctions administratives et de bureau subissent des pressions. Les entreprises doivent s'adapter aux attentes changeantes des employ\u00e9s qui valorisent la flexibilit\u00e9 et le bien-\u00eatre. Le t\u00e9l\u00e9travail est \u00e9tabli et les mod\u00e8les de travail flexibles sont la nouvelle normalit\u00e9.","inLanguage":"fr-CH","potentialAction":[{"@type":"ReadAction","target":["https:\/\/www.jobcloud.ch\/c\/fr-ch\/blog\/2025\/05\/les-tendances-du-marche-du-travail-suisse-ce-que-nous-reserve-2025\/"]}]},{"@type":"ImageObject","inLanguage":"fr-CH","@id":"https:\/\/www.jobcloud.ch\/c\/fr-ch\/blog\/2025\/05\/les-tendances-du-marche-du-travail-suisse-ce-que-nous-reserve-2025\/#primaryimage","url":"https:\/\/www.jobcloud.ch\/wp-content\/uploads\/2025\/05\/2-1.png","contentUrl":"https:\/\/www.jobcloud.ch\/wp-content\/uploads\/2025\/05\/2-1.png","width":1025,"height":450},{"@type":"WebSite","@id":"https:\/\/www.jobcloud.ch\/c\/fr-ch\/#website","url":"https:\/\/www.jobcloud.ch\/c\/fr-ch\/","name":"JobCloud","description":"JobCloud is the leading job portal for jobseekers in Switzerland","publisher":{"@id":"https:\/\/www.jobcloud.ch\/c\/fr-ch\/#organization"},"potentialAction":[{"@type":"SearchAction","target":{"@type":"EntryPoint","urlTemplate":"https:\/\/www.jobcloud.ch\/c\/fr-ch\/?s={search_term_string}"},"query-input":{"@type":"PropertyValueSpecification","valueRequired":true,"valueName":"search_term_string"}}],"inLanguage":"fr-CH"},{"@type":"Organization","@id":"https:\/\/www.jobcloud.ch\/c\/fr-ch\/#organization","name":"JobCloud","url":"https:\/\/www.jobcloud.ch\/c\/fr-ch\/","logo":{"@type":"ImageObject","inLanguage":"fr-CH","@id":"https:\/\/www.jobcloud.ch\/c\/fr-ch\/#\/schema\/logo\/image\/","url":"https:\/\/www.jobcloud.ch\/wp-content\/uploads\/2020\/02\/jobcloude-logo.svg","contentUrl":"https:\/\/www.jobcloud.ch\/wp-content\/uploads\/2020\/02\/jobcloude-logo.svg","width":160,"height":37,"caption":"JobCloud"},"image":{"@id":"https:\/\/www.jobcloud.ch\/c\/fr-ch\/#\/schema\/logo\/image\/"}},{"@type":"Person","@id":"https:\/\/www.jobcloud.ch\/c\/fr-ch\/#\/schema\/person\/d37296b9acfec191e62203bfa5944cc5","name":"Janos Marton","image":{"@type":"ImageObject","inLanguage":"fr-CH","@id":"https:\/\/secure.gravatar.com\/avatar\/268f019a6a3769b0628a36c3805f94f6fd5fbafd44230aeb657684574cb1f825?s=96&d=mm&r=g","url":"https:\/\/secure.gravatar.com\/avatar\/268f019a6a3769b0628a36c3805f94f6fd5fbafd44230aeb657684574cb1f825?s=96&d=mm&r=g","contentUrl":"https:\/\/secure.gravatar.com\/avatar\/268f019a6a3769b0628a36c3805f94f6fd5fbafd44230aeb657684574cb1f825?s=96&d=mm&r=g","caption":"Janos Marton"},"url":"https:\/\/www.jobcloud.ch\/c\/fr-ch\/blog\/author\/jmarton\/"}]}},"_links":{"self":[{"href":"https:\/\/www.jobcloud.ch\/c\/fr-ch\/wp-json\/wp\/v2\/posts\/96843","targetHints":{"allow":["GET"]}}],"collection":[{"href":"https:\/\/www.jobcloud.ch\/c\/fr-ch\/wp-json\/wp\/v2\/posts"}],"about":[{"href":"https:\/\/www.jobcloud.ch\/c\/fr-ch\/wp-json\/wp\/v2\/types\/post"}],"author":[{"embeddable":true,"href":"https:\/\/www.jobcloud.ch\/c\/fr-ch\/wp-json\/wp\/v2\/users\/100"}],"replies":[{"embeddable":true,"href":"https:\/\/www.jobcloud.ch\/c\/fr-ch\/wp-json\/wp\/v2\/comments?post=96843"}],"version-history":[{"count":0,"href":"https:\/\/www.jobcloud.ch\/c\/fr-ch\/wp-json\/wp\/v2\/posts\/96843\/revisions"}],"wp:featuredmedia":[{"embeddable":true,"href":"https:\/\/www.jobcloud.ch\/c\/fr-ch\/wp-json\/wp\/v2\/media\/96848"}],"wp:attachment":[{"href":"https:\/\/www.jobcloud.ch\/c\/fr-ch\/wp-json\/wp\/v2\/media?parent=96843"}],"wp:term":[{"taxonomy":"category","embeddable":true,"href":"https:\/\/www.jobcloud.ch\/c\/fr-ch\/wp-json\/wp\/v2\/categories?post=96843"},{"taxonomy":"post_tag","embeddable":true,"href":"https:\/\/www.jobcloud.ch\/c\/fr-ch\/wp-json\/wp\/v2\/tags?post=96843"}],"curies":[{"name":"wp","href":"https:\/\/api.w.org\/{rel}","templated":true}]}}