     {"id":89992,"date":"2024-11-04T12:35:44","date_gmt":"2024-11-04T11:35:44","guid":{"rendered":"https:\/\/www.jobcloud.ch\/c\/?p=89992"},"modified":"2024-11-04T12:35:44","modified_gmt":"2024-11-04T11:35:44","slug":"lentretien-dembauche-est-mort-vive-la-vraie-conversation","status":"publish","type":"post","link":"https:\/\/www.jobcloud.ch\/c\/fr-ch\/blog\/la-vraie-conversation-recrutement%21","title":{"rendered":"L&#8217;entretien d&#8217;embauche est mort &#8211; vive la vraie conversation!"},"content":{"rendered":"","protected":false},"excerpt":{"rendered":"","protected":false},"author":94,"featured_media":89875,"comment_status":"open","ping_status":"open","sticky":false,"template":"","format":"standard","meta":{"_acf_changed":false,"inline_featured_image":false,"footnotes":""},"categories":[2809],"tags":[2645,1834,2377,2337],"class_list":["post-89992","post","type-post","status-publish","format-standard","has-post-thumbnail","hentry","category-recruiting-fr-ch","tag-best-practice-fr-ch","tag-entretien-dembauche","tag-hr-fr-ch","tag-recruiting-fr-ch"],"acf":[],"yoast_head":"<!-- This site is optimized with the Yoast SEO plugin v27.2 - https:\/\/yoast.com\/product\/yoast-seo-wordpress\/ -->\n<title>L&#039;entretien d&#039;embauche est mort - vive la vraie conversation! | JobCloud<\/title>\n<meta name=\"description\" content=\"Dans une v\u00e9ritable conversation dans le recrutement, les deux parties ont autant d&#039;espace, c&#039;est un \u00e9change bas\u00e9 sur l&#039;appr\u00e9ciation mutuelle.\" \/>\n<meta name=\"robots\" content=\"index, follow, max-snippet:-1, max-image-preview:large, max-video-preview:-1\" \/>\n<link rel=\"canonical\" href=\"https:\/\/www.jobcloud.ch\/c\/fr-ch\/blog\/la-vraie-conversation-recrutement%21\/\" \/>\n<meta property=\"og:locale\" content=\"fr_FR\" \/>\n<meta property=\"og:type\" content=\"article\" \/>\n<meta property=\"og:title\" content=\"L&#039;entretien d&#039;embauche est mort - vive la vraie conversation! | JobCloud\" \/>\n<meta property=\"og:description\" content=\"Dans une v\u00e9ritable conversation dans le recrutement, les deux parties ont autant d&#039;espace, c&#039;est un \u00e9change bas\u00e9 sur l&#039;appr\u00e9ciation mutuelle.\" \/>\n<meta property=\"og:url\" content=\"https:\/\/www.jobcloud.ch\/c\/fr-ch\/blog\/la-vraie-conversation-recrutement%21\" \/>\n<meta property=\"og:site_name\" content=\"JobCloud\" \/>\n<meta property=\"article:published_time\" content=\"2024-11-04T11:35:44+00:00\" \/>\n<meta property=\"og:image\" content=\"https:\/\/www.jobcloud.ch\/wp-content\/uploads\/2024\/07\/gespraech-statt-interview.jpg\" \/>\n\t<meta property=\"og:image:width\" content=\"820\" \/>\n\t<meta property=\"og:image:height\" content=\"270\" \/>\n\t<meta property=\"og:image:type\" content=\"image\/jpeg\" \/>\n<meta name=\"author\" content=\"Claudine Somazzi\" \/>\n<meta name=\"twitter:card\" content=\"summary_large_image\" \/>\n<meta name=\"twitter:label1\" content=\"Written by\" \/>\n\t<meta name=\"twitter:data1\" content=\"Claudine Somazzi\" \/>\n\t<meta name=\"twitter:label2\" content=\"Est. reading time\" \/>\n\t<meta name=\"twitter:data2\" content=\"1 minute\" \/>\n<script type=\"application\/ld+json\" class=\"yoast-schema-graph\">{\"@context\":\"https:\/\/schema.org\",\"@graph\":[{\"@type\":\"Article\",\"@id\":\"https:\/\/www.jobcloud.ch\/c\/fr-ch\/blog\/la-vraie-conversation-recrutement%21#article\",\"isPartOf\":{\"@id\":\"https:\/\/www.jobcloud.ch\/c\/fr-ch\/blog\/la-vraie-conversation-recrutement%21\"},\"author\":{\"name\":\"Claudine Somazzi\",\"@id\":\"https:\/\/www.jobcloud.ch\/c\/fr-ch\/#\/schema\/person\/691a99e5ce6d57fc90da0f0e5b5927c9\"},\"headline\":\"L&#8217;entretien d&#8217;embauche est mort &#8211; vive la vraie conversation!\",\"datePublished\":\"2024-11-04T11:35:44+00:00\",\"mainEntityOfPage\":{\"@id\":\"https:\/\/www.jobcloud.ch\/c\/fr-ch\/blog\/la-vraie-conversation-recrutement%21\"},\"wordCount\":11,\"commentCount\":0,\"publisher\":{\"@id\":\"https:\/\/www.jobcloud.ch\/c\/fr-ch\/#organization\"},\"image\":{\"@id\":\"https:\/\/www.jobcloud.ch\/c\/fr-ch\/blog\/la-vraie-conversation-recrutement%21#primaryimage\"},\"thumbnailUrl\":\"https:\/\/www.jobcloud.ch\/wp-content\/uploads\/2024\/07\/gespraech-statt-interview.jpg\",\"keywords\":[\"Best practice\",\"entretien d'embauche\",\"HR\",\"Recruiting\"],\"articleSection\":[\"Recruiting\"],\"inLanguage\":\"fr-CH\",\"potentialAction\":[{\"@type\":\"CommentAction\",\"name\":\"Comment\",\"target\":[\"https:\/\/www.jobcloud.ch\/c\/fr-ch\/blog\/la-vraie-conversation-recrutement%21#respond\"]}]},{\"@type\":\"WebPage\",\"@id\":\"https:\/\/www.jobcloud.ch\/c\/fr-ch\/blog\/la-vraie-conversation-recrutement%21\",\"url\":\"https:\/\/www.jobcloud.ch\/c\/fr-ch\/blog\/la-vraie-conversation-recrutement%21\",\"name\":\"L'entretien d'embauche est mort - vive la vraie conversation! | JobCloud\",\"isPartOf\":{\"@id\":\"https:\/\/www.jobcloud.ch\/c\/fr-ch\/#website\"},\"primaryImageOfPage\":{\"@id\":\"https:\/\/www.jobcloud.ch\/c\/fr-ch\/blog\/la-vraie-conversation-recrutement%21#primaryimage\"},\"image\":{\"@id\":\"https:\/\/www.jobcloud.ch\/c\/fr-ch\/blog\/la-vraie-conversation-recrutement%21#primaryimage\"},\"thumbnailUrl\":\"https:\/\/www.jobcloud.ch\/wp-content\/uploads\/2024\/07\/gespraech-statt-interview.jpg\",\"datePublished\":\"2024-11-04T11:35:44+00:00\",\"description\":\"Dans une v\u00e9ritable conversation dans le recrutement, les deux parties ont autant d'espace, c'est un \u00e9change bas\u00e9 sur l'appr\u00e9ciation mutuelle.\",\"inLanguage\":\"fr-CH\",\"potentialAction\":[{\"@type\":\"ReadAction\",\"target\":[\"https:\/\/www.jobcloud.ch\/c\/fr-ch\/blog\/la-vraie-conversation-recrutement%21\"]}]},{\"@type\":\"ImageObject\",\"inLanguage\":\"fr-CH\",\"@id\":\"https:\/\/www.jobcloud.ch\/c\/fr-ch\/blog\/la-vraie-conversation-recrutement%21#primaryimage\",\"url\":\"https:\/\/www.jobcloud.ch\/wp-content\/uploads\/2024\/07\/gespraech-statt-interview.jpg\",\"contentUrl\":\"https:\/\/www.jobcloud.ch\/wp-content\/uploads\/2024\/07\/gespraech-statt-interview.jpg\",\"width\":820,\"height\":270,\"caption\":\"L'entretien d'embauche est mort - vive la vraie conversation !\"},{\"@type\":\"WebSite\",\"@id\":\"https:\/\/www.jobcloud.ch\/c\/fr-ch\/#website\",\"url\":\"https:\/\/www.jobcloud.ch\/c\/fr-ch\/\",\"name\":\"JobCloud\",\"description\":\"JobCloud is the leading job portal for jobseekers in Switzerland\",\"publisher\":{\"@id\":\"https:\/\/www.jobcloud.ch\/c\/fr-ch\/#organization\"},\"potentialAction\":[{\"@type\":\"SearchAction\",\"target\":{\"@type\":\"EntryPoint\",\"urlTemplate\":\"https:\/\/www.jobcloud.ch\/c\/fr-ch\/?s={search_term_string}\"},\"query-input\":{\"@type\":\"PropertyValueSpecification\",\"valueRequired\":true,\"valueName\":\"search_term_string\"}}],\"inLanguage\":\"fr-CH\"},{\"@type\":\"Organization\",\"@id\":\"https:\/\/www.jobcloud.ch\/c\/fr-ch\/#organization\",\"name\":\"JobCloud\",\"url\":\"https:\/\/www.jobcloud.ch\/c\/fr-ch\/\",\"logo\":{\"@type\":\"ImageObject\",\"inLanguage\":\"fr-CH\",\"@id\":\"https:\/\/www.jobcloud.ch\/c\/fr-ch\/#\/schema\/logo\/image\/\",\"url\":\"https:\/\/www.jobcloud.ch\/wp-content\/uploads\/2020\/02\/jobcloude-logo.svg\",\"contentUrl\":\"https:\/\/www.jobcloud.ch\/wp-content\/uploads\/2020\/02\/jobcloude-logo.svg\",\"width\":160,\"height\":37,\"caption\":\"JobCloud\"},\"image\":{\"@id\":\"https:\/\/www.jobcloud.ch\/c\/fr-ch\/#\/schema\/logo\/image\/\"}},{\"@type\":\"Person\",\"@id\":\"https:\/\/www.jobcloud.ch\/c\/fr-ch\/#\/schema\/person\/691a99e5ce6d57fc90da0f0e5b5927c9\",\"name\":\"Claudine Somazzi\",\"image\":{\"@type\":\"ImageObject\",\"inLanguage\":\"fr-CH\",\"@id\":\"https:\/\/secure.gravatar.com\/avatar\/ede21322e8a8090bf13c7ef91863fa3e39f2a243627eb5ab8691229268400b2d?s=96&d=mm&r=g\",\"url\":\"https:\/\/secure.gravatar.com\/avatar\/ede21322e8a8090bf13c7ef91863fa3e39f2a243627eb5ab8691229268400b2d?s=96&d=mm&r=g\",\"contentUrl\":\"https:\/\/secure.gravatar.com\/avatar\/ede21322e8a8090bf13c7ef91863fa3e39f2a243627eb5ab8691229268400b2d?s=96&d=mm&r=g\",\"caption\":\"Claudine Somazzi\"},\"url\":\"https:\/\/www.jobcloud.ch\/c\/fr-ch\/blog\/author\/csomazzi\/\"}]}<\/script>\n<!-- \/ Yoast SEO plugin. -->","yoast_head_json":{"title":"L'entretien d'embauche est mort - vive la vraie conversation! | JobCloud","description":"Dans une v\u00e9ritable conversation dans le recrutement, les deux parties ont autant d'espace, c'est un \u00e9change bas\u00e9 sur l'appr\u00e9ciation mutuelle.","robots":{"index":"index","follow":"follow","max-snippet":"max-snippet:-1","max-image-preview":"max-image-preview:large","max-video-preview":"max-video-preview:-1"},"canonical":"https:\/\/www.jobcloud.ch\/c\/fr-ch\/blog\/la-vraie-conversation-recrutement%21\/","og_locale":"fr_FR","og_type":"article","og_title":"L'entretien d'embauche est mort - vive la vraie conversation! | JobCloud","og_description":"Dans une v\u00e9ritable conversation dans le recrutement, les deux parties ont autant d'espace, c'est un \u00e9change bas\u00e9 sur l'appr\u00e9ciation mutuelle.","og_url":"https:\/\/www.jobcloud.ch\/c\/fr-ch\/blog\/la-vraie-conversation-recrutement%21","og_site_name":"JobCloud","article_published_time":"2024-11-04T11:35:44+00:00","og_image":[{"width":820,"height":270,"url":"https:\/\/www.jobcloud.ch\/wp-content\/uploads\/2024\/07\/gespraech-statt-interview.jpg","type":"image\/jpeg"}],"author":"Claudine Somazzi","twitter_card":"summary_large_image","twitter_misc":{"Written by":"Claudine Somazzi","Est. reading time":"1 minute"},"schema":{"@context":"https:\/\/schema.org","@graph":[{"@type":"Article","@id":"https:\/\/www.jobcloud.ch\/c\/fr-ch\/blog\/la-vraie-conversation-recrutement%21#article","isPartOf":{"@id":"https:\/\/www.jobcloud.ch\/c\/fr-ch\/blog\/la-vraie-conversation-recrutement%21"},"author":{"name":"Claudine Somazzi","@id":"https:\/\/www.jobcloud.ch\/c\/fr-ch\/#\/schema\/person\/691a99e5ce6d57fc90da0f0e5b5927c9"},"headline":"L&#8217;entretien d&#8217;embauche est mort &#8211; vive la vraie conversation!","datePublished":"2024-11-04T11:35:44+00:00","mainEntityOfPage":{"@id":"https:\/\/www.jobcloud.ch\/c\/fr-ch\/blog\/la-vraie-conversation-recrutement%21"},"wordCount":11,"commentCount":0,"publisher":{"@id":"https:\/\/www.jobcloud.ch\/c\/fr-ch\/#organization"},"image":{"@id":"https:\/\/www.jobcloud.ch\/c\/fr-ch\/blog\/la-vraie-conversation-recrutement%21#primaryimage"},"thumbnailUrl":"https:\/\/www.jobcloud.ch\/wp-content\/uploads\/2024\/07\/gespraech-statt-interview.jpg","keywords":["Best practice","entretien d'embauche","HR","Recruiting"],"articleSection":["Recruiting"],"inLanguage":"fr-CH","potentialAction":[{"@type":"CommentAction","name":"Comment","target":["https:\/\/www.jobcloud.ch\/c\/fr-ch\/blog\/la-vraie-conversation-recrutement%21#respond"]}]},{"@type":"WebPage","@id":"https:\/\/www.jobcloud.ch\/c\/fr-ch\/blog\/la-vraie-conversation-recrutement%21","url":"https:\/\/www.jobcloud.ch\/c\/fr-ch\/blog\/la-vraie-conversation-recrutement%21","name":"L'entretien d'embauche est mort - vive la vraie conversation! | JobCloud","isPartOf":{"@id":"https:\/\/www.jobcloud.ch\/c\/fr-ch\/#website"},"primaryImageOfPage":{"@id":"https:\/\/www.jobcloud.ch\/c\/fr-ch\/blog\/la-vraie-conversation-recrutement%21#primaryimage"},"image":{"@id":"https:\/\/www.jobcloud.ch\/c\/fr-ch\/blog\/la-vraie-conversation-recrutement%21#primaryimage"},"thumbnailUrl":"https:\/\/www.jobcloud.ch\/wp-content\/uploads\/2024\/07\/gespraech-statt-interview.jpg","datePublished":"2024-11-04T11:35:44+00:00","description":"Dans une v\u00e9ritable conversation dans le recrutement, les deux parties ont autant d'espace, c'est un \u00e9change bas\u00e9 sur l'appr\u00e9ciation mutuelle.","inLanguage":"fr-CH","potentialAction":[{"@type":"ReadAction","target":["https:\/\/www.jobcloud.ch\/c\/fr-ch\/blog\/la-vraie-conversation-recrutement%21"]}]},{"@type":"ImageObject","inLanguage":"fr-CH","@id":"https:\/\/www.jobcloud.ch\/c\/fr-ch\/blog\/la-vraie-conversation-recrutement%21#primaryimage","url":"https:\/\/www.jobcloud.ch\/wp-content\/uploads\/2024\/07\/gespraech-statt-interview.jpg","contentUrl":"https:\/\/www.jobcloud.ch\/wp-content\/uploads\/2024\/07\/gespraech-statt-interview.jpg","width":820,"height":270,"caption":"L'entretien d'embauche est mort - vive la vraie conversation !"},{"@type":"WebSite","@id":"https:\/\/www.jobcloud.ch\/c\/fr-ch\/#website","url":"https:\/\/www.jobcloud.ch\/c\/fr-ch\/","name":"JobCloud","description":"JobCloud is the leading job portal for jobseekers in Switzerland","publisher":{"@id":"https:\/\/www.jobcloud.ch\/c\/fr-ch\/#organization"},"potentialAction":[{"@type":"SearchAction","target":{"@type":"EntryPoint","urlTemplate":"https:\/\/www.jobcloud.ch\/c\/fr-ch\/?s={search_term_string}"},"query-input":{"@type":"PropertyValueSpecification","valueRequired":true,"valueName":"search_term_string"}}],"inLanguage":"fr-CH"},{"@type":"Organization","@id":"https:\/\/www.jobcloud.ch\/c\/fr-ch\/#organization","name":"JobCloud","url":"https:\/\/www.jobcloud.ch\/c\/fr-ch\/","logo":{"@type":"ImageObject","inLanguage":"fr-CH","@id":"https:\/\/www.jobcloud.ch\/c\/fr-ch\/#\/schema\/logo\/image\/","url":"https:\/\/www.jobcloud.ch\/wp-content\/uploads\/2020\/02\/jobcloude-logo.svg","contentUrl":"https:\/\/www.jobcloud.ch\/wp-content\/uploads\/2020\/02\/jobcloude-logo.svg","width":160,"height":37,"caption":"JobCloud"},"image":{"@id":"https:\/\/www.jobcloud.ch\/c\/fr-ch\/#\/schema\/logo\/image\/"}},{"@type":"Person","@id":"https:\/\/www.jobcloud.ch\/c\/fr-ch\/#\/schema\/person\/691a99e5ce6d57fc90da0f0e5b5927c9","name":"Claudine Somazzi","image":{"@type":"ImageObject","inLanguage":"fr-CH","@id":"https:\/\/secure.gravatar.com\/avatar\/ede21322e8a8090bf13c7ef91863fa3e39f2a243627eb5ab8691229268400b2d?s=96&d=mm&r=g","url":"https:\/\/secure.gravatar.com\/avatar\/ede21322e8a8090bf13c7ef91863fa3e39f2a243627eb5ab8691229268400b2d?s=96&d=mm&r=g","contentUrl":"https:\/\/secure.gravatar.com\/avatar\/ede21322e8a8090bf13c7ef91863fa3e39f2a243627eb5ab8691229268400b2d?s=96&d=mm&r=g","caption":"Claudine Somazzi"},"url":"https:\/\/www.jobcloud.ch\/c\/fr-ch\/blog\/author\/csomazzi\/"}]}},"_links":{"self":[{"href":"https:\/\/www.jobcloud.ch\/c\/fr-ch\/wp-json\/wp\/v2\/posts\/89992","targetHints":{"allow":["GET"]}}],"collection":[{"href":"https:\/\/www.jobcloud.ch\/c\/fr-ch\/wp-json\/wp\/v2\/posts"}],"about":[{"href":"https:\/\/www.jobcloud.ch\/c\/fr-ch\/wp-json\/wp\/v2\/types\/post"}],"author":[{"embeddable":true,"href":"https:\/\/www.jobcloud.ch\/c\/fr-ch\/wp-json\/wp\/v2\/users\/94"}],"replies":[{"embeddable":true,"href":"https:\/\/www.jobcloud.ch\/c\/fr-ch\/wp-json\/wp\/v2\/comments?post=89992"}],"version-history":[{"count":0,"href":"https:\/\/www.jobcloud.ch\/c\/fr-ch\/wp-json\/wp\/v2\/posts\/89992\/revisions"}],"wp:featuredmedia":[{"embeddable":true,"href":"https:\/\/www.jobcloud.ch\/c\/fr-ch\/wp-json\/wp\/v2\/media\/89875"}],"wp:attachment":[{"href":"https:\/\/www.jobcloud.ch\/c\/fr-ch\/wp-json\/wp\/v2\/media?parent=89992"}],"wp:term":[{"taxonomy":"category","embeddable":true,"href":"https:\/\/www.jobcloud.ch\/c\/fr-ch\/wp-json\/wp\/v2\/categories?post=89992"},{"taxonomy":"post_tag","embeddable":true,"href":"https:\/\/www.jobcloud.ch\/c\/fr-ch\/wp-json\/wp\/v2\/tags?post=89992"}],"curies":[{"name":"wp","href":"https:\/\/api.w.org\/{rel}","templated":true}]}}