     {"id":53822,"date":"2023-07-11T18:45:08","date_gmt":"2023-07-11T16:45:08","guid":{"rendered":"https:\/\/www.jobcloud.ch\/c\/?p=53822"},"modified":"2023-07-18T07:42:42","modified_gmt":"2023-07-18T05:42:42","slug":"bilan-de-competences-10-benefices-pour-les-ressources-humaines","status":"publish","type":"post","link":"https:\/\/www.jobcloud.ch\/c\/fr-ch\/blog\/bilan-de-competences\/","title":{"rendered":"Bilan de comp\u00e9tences: 10 b\u00e9n\u00e9fices pour les ressources humaines"},"content":{"rendered":"","protected":false},"excerpt":{"rendered":"","protected":false},"author":46,"featured_media":53840,"comment_status":"open","ping_status":"open","sticky":false,"template":"","format":"standard","meta":{"_acf_changed":false,"inline_featured_image":false,"footnotes":""},"categories":[2808,1689],"tags":[2901,2699,2902,2903],"class_list":["post-53822","post","type-post","status-publish","format-standard","has-post-thumbnail","hentry","category-hr-talent-management-fr-ch","category-vie-au-travail","tag-bilan-de-competences","tag-competences","tag-competences-des-employes","tag-employes-motives"],"acf":[],"yoast_head":"<!-- This site is optimized with the Yoast SEO plugin v27.2 - https:\/\/yoast.com\/product\/yoast-seo-wordpress\/ -->\n<title>Bilan de comp\u00e9tences: 10 b\u00e9n\u00e9fices pour les ressources humaines | JobCloud<\/title>\n<meta name=\"description\" content=\"Pour favoriser le bien-\u00eatre de vos employ\u00e9.e.s, le bilan de comp\u00e9tence peut s\u2019av\u00e9rer \u00eatre un atout redoutable.\" \/>\n<meta name=\"robots\" content=\"index, follow, max-snippet:-1, max-image-preview:large, max-video-preview:-1\" \/>\n<link rel=\"canonical\" href=\"https:\/\/www.jobcloud.ch\/c\/fr-ch\/blog\/bilan-de-competences\/\" \/>\n<meta property=\"og:locale\" content=\"fr_FR\" \/>\n<meta property=\"og:type\" content=\"article\" \/>\n<meta property=\"og:title\" content=\"Bilan de comp\u00e9tences: 10 b\u00e9n\u00e9fices pour les ressources humaines | JobCloud\" \/>\n<meta property=\"og:description\" content=\"Pour favoriser le bien-\u00eatre de vos employ\u00e9.e.s, le bilan de comp\u00e9tence peut s\u2019av\u00e9rer \u00eatre un atout redoutable.\" \/>\n<meta property=\"og:url\" content=\"https:\/\/www.jobcloud.ch\/c\/fr-ch\/blog\/bilan-de-competences\/\" \/>\n<meta property=\"og:site_name\" content=\"JobCloud\" \/>\n<meta property=\"article:published_time\" content=\"2023-07-11T16:45:08+00:00\" \/>\n<meta property=\"article:modified_time\" content=\"2023-07-18T05:42:42+00:00\" \/>\n<meta property=\"og:image\" content=\"https:\/\/www.jobcloud.ch\/wp-content\/uploads\/2023\/07\/bilan-de-competences.jpg\" \/>\n\t<meta property=\"og:image:width\" content=\"1025\" \/>\n\t<meta property=\"og:image:height\" content=\"457\" \/>\n\t<meta property=\"og:image:type\" content=\"image\/jpeg\" \/>\n<meta name=\"author\" content=\"Expert invit\u00e9\" \/>\n<meta name=\"twitter:card\" content=\"summary_large_image\" \/>\n<meta name=\"twitter:label1\" content=\"Written by\" \/>\n\t<meta name=\"twitter:data1\" content=\"Expert invit\u00e9\" \/>\n<script type=\"application\/ld+json\" class=\"yoast-schema-graph\">{\"@context\":\"https:\/\/schema.org\",\"@graph\":[{\"@type\":\"Article\",\"@id\":\"https:\/\/www.jobcloud.ch\/c\/fr-ch\/blog\/bilan-de-competences\/#article\",\"isPartOf\":{\"@id\":\"https:\/\/www.jobcloud.ch\/c\/fr-ch\/blog\/bilan-de-competences\/\"},\"author\":{\"name\":\"Expert invit\u00e9\",\"@id\":\"https:\/\/www.jobcloud.ch\/c\/fr-ch\/#\/schema\/person\/45410035a9050a8aa628a6a74e8e497a\"},\"headline\":\"Bilan de comp\u00e9tences: 10 b\u00e9n\u00e9fices pour les ressources humaines\",\"datePublished\":\"2023-07-11T16:45:08+00:00\",\"dateModified\":\"2023-07-18T05:42:42+00:00\",\"mainEntityOfPage\":{\"@id\":\"https:\/\/www.jobcloud.ch\/c\/fr-ch\/blog\/bilan-de-competences\/\"},\"wordCount\":11,\"commentCount\":0,\"publisher\":{\"@id\":\"https:\/\/www.jobcloud.ch\/c\/fr-ch\/#organization\"},\"image\":{\"@id\":\"https:\/\/www.jobcloud.ch\/c\/fr-ch\/blog\/bilan-de-competences\/#primaryimage\"},\"thumbnailUrl\":\"https:\/\/www.jobcloud.ch\/wp-content\/uploads\/2023\/07\/bilan-de-competences.jpg\",\"keywords\":[\"bilan de comp\u00e9tences\",\"comp\u00e9tences\",\"comp\u00e9tences des employ\u00e9s\",\"employ\u00e9s motiv\u00e9s\"],\"articleSection\":[\"HR &amp; Talent Management\",\"Vie au travail\"],\"inLanguage\":\"fr-CH\",\"potentialAction\":[{\"@type\":\"CommentAction\",\"name\":\"Comment\",\"target\":[\"https:\/\/www.jobcloud.ch\/c\/fr-ch\/blog\/bilan-de-competences\/#respond\"]}]},{\"@type\":\"WebPage\",\"@id\":\"https:\/\/www.jobcloud.ch\/c\/fr-ch\/blog\/bilan-de-competences\/\",\"url\":\"https:\/\/www.jobcloud.ch\/c\/fr-ch\/blog\/bilan-de-competences\/\",\"name\":\"Bilan de comp\u00e9tences: 10 b\u00e9n\u00e9fices pour les ressources humaines | JobCloud\",\"isPartOf\":{\"@id\":\"https:\/\/www.jobcloud.ch\/c\/fr-ch\/#website\"},\"primaryImageOfPage\":{\"@id\":\"https:\/\/www.jobcloud.ch\/c\/fr-ch\/blog\/bilan-de-competences\/#primaryimage\"},\"image\":{\"@id\":\"https:\/\/www.jobcloud.ch\/c\/fr-ch\/blog\/bilan-de-competences\/#primaryimage\"},\"thumbnailUrl\":\"https:\/\/www.jobcloud.ch\/wp-content\/uploads\/2023\/07\/bilan-de-competences.jpg\",\"datePublished\":\"2023-07-11T16:45:08+00:00\",\"dateModified\":\"2023-07-18T05:42:42+00:00\",\"description\":\"Pour favoriser le bien-\u00eatre de vos employ\u00e9.e.s, le bilan de comp\u00e9tence peut s\u2019av\u00e9rer \u00eatre un atout redoutable.\",\"inLanguage\":\"fr-CH\",\"potentialAction\":[{\"@type\":\"ReadAction\",\"target\":[\"https:\/\/www.jobcloud.ch\/c\/fr-ch\/blog\/bilan-de-competences\/\"]}]},{\"@type\":\"ImageObject\",\"inLanguage\":\"fr-CH\",\"@id\":\"https:\/\/www.jobcloud.ch\/c\/fr-ch\/blog\/bilan-de-competences\/#primaryimage\",\"url\":\"https:\/\/www.jobcloud.ch\/wp-content\/uploads\/2023\/07\/bilan-de-competences.jpg\",\"contentUrl\":\"https:\/\/www.jobcloud.ch\/wp-content\/uploads\/2023\/07\/bilan-de-competences.jpg\",\"width\":1025,\"height\":457,\"caption\":\"bilan de comp\u00e9tences\"},{\"@type\":\"WebSite\",\"@id\":\"https:\/\/www.jobcloud.ch\/c\/fr-ch\/#website\",\"url\":\"https:\/\/www.jobcloud.ch\/c\/fr-ch\/\",\"name\":\"JobCloud\",\"description\":\"JobCloud is the leading job portal for jobseekers in Switzerland\",\"publisher\":{\"@id\":\"https:\/\/www.jobcloud.ch\/c\/fr-ch\/#organization\"},\"potentialAction\":[{\"@type\":\"SearchAction\",\"target\":{\"@type\":\"EntryPoint\",\"urlTemplate\":\"https:\/\/www.jobcloud.ch\/c\/fr-ch\/?s={search_term_string}\"},\"query-input\":{\"@type\":\"PropertyValueSpecification\",\"valueRequired\":true,\"valueName\":\"search_term_string\"}}],\"inLanguage\":\"fr-CH\"},{\"@type\":\"Organization\",\"@id\":\"https:\/\/www.jobcloud.ch\/c\/fr-ch\/#organization\",\"name\":\"JobCloud\",\"url\":\"https:\/\/www.jobcloud.ch\/c\/fr-ch\/\",\"logo\":{\"@type\":\"ImageObject\",\"inLanguage\":\"fr-CH\",\"@id\":\"https:\/\/www.jobcloud.ch\/c\/fr-ch\/#\/schema\/logo\/image\/\",\"url\":\"https:\/\/www.jobcloud.ch\/wp-content\/uploads\/2020\/02\/jobcloude-logo.svg\",\"contentUrl\":\"https:\/\/www.jobcloud.ch\/wp-content\/uploads\/2020\/02\/jobcloude-logo.svg\",\"width\":160,\"height\":37,\"caption\":\"JobCloud\"},\"image\":{\"@id\":\"https:\/\/www.jobcloud.ch\/c\/fr-ch\/#\/schema\/logo\/image\/\"}},{\"@type\":\"Person\",\"@id\":\"https:\/\/www.jobcloud.ch\/c\/fr-ch\/#\/schema\/person\/45410035a9050a8aa628a6a74e8e497a\",\"name\":\"Expert invit\u00e9\",\"image\":{\"@type\":\"ImageObject\",\"inLanguage\":\"fr-CH\",\"@id\":\"https:\/\/secure.gravatar.com\/avatar\/df78bb184c3b7120c832ecd537ae1503375f653ae0da86515d2c3843dcc05cf2?s=96&d=mm&r=g\",\"url\":\"https:\/\/secure.gravatar.com\/avatar\/df78bb184c3b7120c832ecd537ae1503375f653ae0da86515d2c3843dcc05cf2?s=96&d=mm&r=g\",\"contentUrl\":\"https:\/\/secure.gravatar.com\/avatar\/df78bb184c3b7120c832ecd537ae1503375f653ae0da86515d2c3843dcc05cf2?s=96&d=mm&r=g\",\"caption\":\"Expert invit\u00e9\"},\"url\":\"https:\/\/www.jobcloud.ch\/c\/fr-ch\/blog\/author\/redacteurexterne\/\"}]}<\/script>\n<!-- \/ Yoast SEO plugin. -->","yoast_head_json":{"title":"Bilan de comp\u00e9tences: 10 b\u00e9n\u00e9fices pour les ressources humaines | JobCloud","description":"Pour favoriser le bien-\u00eatre de vos employ\u00e9.e.s, le bilan de comp\u00e9tence peut s\u2019av\u00e9rer \u00eatre un atout redoutable.","robots":{"index":"index","follow":"follow","max-snippet":"max-snippet:-1","max-image-preview":"max-image-preview:large","max-video-preview":"max-video-preview:-1"},"canonical":"https:\/\/www.jobcloud.ch\/c\/fr-ch\/blog\/bilan-de-competences\/","og_locale":"fr_FR","og_type":"article","og_title":"Bilan de comp\u00e9tences: 10 b\u00e9n\u00e9fices pour les ressources humaines | JobCloud","og_description":"Pour favoriser le bien-\u00eatre de vos employ\u00e9.e.s, le bilan de comp\u00e9tence peut s\u2019av\u00e9rer \u00eatre un atout redoutable.","og_url":"https:\/\/www.jobcloud.ch\/c\/fr-ch\/blog\/bilan-de-competences\/","og_site_name":"JobCloud","article_published_time":"2023-07-11T16:45:08+00:00","article_modified_time":"2023-07-18T05:42:42+00:00","og_image":[{"width":1025,"height":457,"url":"https:\/\/www.jobcloud.ch\/wp-content\/uploads\/2023\/07\/bilan-de-competences.jpg","type":"image\/jpeg"}],"author":"Expert invit\u00e9","twitter_card":"summary_large_image","twitter_misc":{"Written by":"Expert invit\u00e9"},"schema":{"@context":"https:\/\/schema.org","@graph":[{"@type":"Article","@id":"https:\/\/www.jobcloud.ch\/c\/fr-ch\/blog\/bilan-de-competences\/#article","isPartOf":{"@id":"https:\/\/www.jobcloud.ch\/c\/fr-ch\/blog\/bilan-de-competences\/"},"author":{"name":"Expert invit\u00e9","@id":"https:\/\/www.jobcloud.ch\/c\/fr-ch\/#\/schema\/person\/45410035a9050a8aa628a6a74e8e497a"},"headline":"Bilan de comp\u00e9tences: 10 b\u00e9n\u00e9fices pour les ressources humaines","datePublished":"2023-07-11T16:45:08+00:00","dateModified":"2023-07-18T05:42:42+00:00","mainEntityOfPage":{"@id":"https:\/\/www.jobcloud.ch\/c\/fr-ch\/blog\/bilan-de-competences\/"},"wordCount":11,"commentCount":0,"publisher":{"@id":"https:\/\/www.jobcloud.ch\/c\/fr-ch\/#organization"},"image":{"@id":"https:\/\/www.jobcloud.ch\/c\/fr-ch\/blog\/bilan-de-competences\/#primaryimage"},"thumbnailUrl":"https:\/\/www.jobcloud.ch\/wp-content\/uploads\/2023\/07\/bilan-de-competences.jpg","keywords":["bilan de comp\u00e9tences","comp\u00e9tences","comp\u00e9tences des employ\u00e9s","employ\u00e9s motiv\u00e9s"],"articleSection":["HR &amp; Talent Management","Vie au travail"],"inLanguage":"fr-CH","potentialAction":[{"@type":"CommentAction","name":"Comment","target":["https:\/\/www.jobcloud.ch\/c\/fr-ch\/blog\/bilan-de-competences\/#respond"]}]},{"@type":"WebPage","@id":"https:\/\/www.jobcloud.ch\/c\/fr-ch\/blog\/bilan-de-competences\/","url":"https:\/\/www.jobcloud.ch\/c\/fr-ch\/blog\/bilan-de-competences\/","name":"Bilan de comp\u00e9tences: 10 b\u00e9n\u00e9fices pour les ressources humaines | JobCloud","isPartOf":{"@id":"https:\/\/www.jobcloud.ch\/c\/fr-ch\/#website"},"primaryImageOfPage":{"@id":"https:\/\/www.jobcloud.ch\/c\/fr-ch\/blog\/bilan-de-competences\/#primaryimage"},"image":{"@id":"https:\/\/www.jobcloud.ch\/c\/fr-ch\/blog\/bilan-de-competences\/#primaryimage"},"thumbnailUrl":"https:\/\/www.jobcloud.ch\/wp-content\/uploads\/2023\/07\/bilan-de-competences.jpg","datePublished":"2023-07-11T16:45:08+00:00","dateModified":"2023-07-18T05:42:42+00:00","description":"Pour favoriser le bien-\u00eatre de vos employ\u00e9.e.s, le bilan de comp\u00e9tence peut s\u2019av\u00e9rer \u00eatre un atout redoutable.","inLanguage":"fr-CH","potentialAction":[{"@type":"ReadAction","target":["https:\/\/www.jobcloud.ch\/c\/fr-ch\/blog\/bilan-de-competences\/"]}]},{"@type":"ImageObject","inLanguage":"fr-CH","@id":"https:\/\/www.jobcloud.ch\/c\/fr-ch\/blog\/bilan-de-competences\/#primaryimage","url":"https:\/\/www.jobcloud.ch\/wp-content\/uploads\/2023\/07\/bilan-de-competences.jpg","contentUrl":"https:\/\/www.jobcloud.ch\/wp-content\/uploads\/2023\/07\/bilan-de-competences.jpg","width":1025,"height":457,"caption":"bilan de comp\u00e9tences"},{"@type":"WebSite","@id":"https:\/\/www.jobcloud.ch\/c\/fr-ch\/#website","url":"https:\/\/www.jobcloud.ch\/c\/fr-ch\/","name":"JobCloud","description":"JobCloud is the leading job portal for jobseekers in Switzerland","publisher":{"@id":"https:\/\/www.jobcloud.ch\/c\/fr-ch\/#organization"},"potentialAction":[{"@type":"SearchAction","target":{"@type":"EntryPoint","urlTemplate":"https:\/\/www.jobcloud.ch\/c\/fr-ch\/?s={search_term_string}"},"query-input":{"@type":"PropertyValueSpecification","valueRequired":true,"valueName":"search_term_string"}}],"inLanguage":"fr-CH"},{"@type":"Organization","@id":"https:\/\/www.jobcloud.ch\/c\/fr-ch\/#organization","name":"JobCloud","url":"https:\/\/www.jobcloud.ch\/c\/fr-ch\/","logo":{"@type":"ImageObject","inLanguage":"fr-CH","@id":"https:\/\/www.jobcloud.ch\/c\/fr-ch\/#\/schema\/logo\/image\/","url":"https:\/\/www.jobcloud.ch\/wp-content\/uploads\/2020\/02\/jobcloude-logo.svg","contentUrl":"https:\/\/www.jobcloud.ch\/wp-content\/uploads\/2020\/02\/jobcloude-logo.svg","width":160,"height":37,"caption":"JobCloud"},"image":{"@id":"https:\/\/www.jobcloud.ch\/c\/fr-ch\/#\/schema\/logo\/image\/"}},{"@type":"Person","@id":"https:\/\/www.jobcloud.ch\/c\/fr-ch\/#\/schema\/person\/45410035a9050a8aa628a6a74e8e497a","name":"Expert invit\u00e9","image":{"@type":"ImageObject","inLanguage":"fr-CH","@id":"https:\/\/secure.gravatar.com\/avatar\/df78bb184c3b7120c832ecd537ae1503375f653ae0da86515d2c3843dcc05cf2?s=96&d=mm&r=g","url":"https:\/\/secure.gravatar.com\/avatar\/df78bb184c3b7120c832ecd537ae1503375f653ae0da86515d2c3843dcc05cf2?s=96&d=mm&r=g","contentUrl":"https:\/\/secure.gravatar.com\/avatar\/df78bb184c3b7120c832ecd537ae1503375f653ae0da86515d2c3843dcc05cf2?s=96&d=mm&r=g","caption":"Expert invit\u00e9"},"url":"https:\/\/www.jobcloud.ch\/c\/fr-ch\/blog\/author\/redacteurexterne\/"}]}},"_links":{"self":[{"href":"https:\/\/www.jobcloud.ch\/c\/fr-ch\/wp-json\/wp\/v2\/posts\/53822","targetHints":{"allow":["GET"]}}],"collection":[{"href":"https:\/\/www.jobcloud.ch\/c\/fr-ch\/wp-json\/wp\/v2\/posts"}],"about":[{"href":"https:\/\/www.jobcloud.ch\/c\/fr-ch\/wp-json\/wp\/v2\/types\/post"}],"author":[{"embeddable":true,"href":"https:\/\/www.jobcloud.ch\/c\/fr-ch\/wp-json\/wp\/v2\/users\/46"}],"replies":[{"embeddable":true,"href":"https:\/\/www.jobcloud.ch\/c\/fr-ch\/wp-json\/wp\/v2\/comments?post=53822"}],"version-history":[{"count":0,"href":"https:\/\/www.jobcloud.ch\/c\/fr-ch\/wp-json\/wp\/v2\/posts\/53822\/revisions"}],"wp:featuredmedia":[{"embeddable":true,"href":"https:\/\/www.jobcloud.ch\/c\/fr-ch\/wp-json\/wp\/v2\/media\/53840"}],"wp:attachment":[{"href":"https:\/\/www.jobcloud.ch\/c\/fr-ch\/wp-json\/wp\/v2\/media?parent=53822"}],"wp:term":[{"taxonomy":"category","embeddable":true,"href":"https:\/\/www.jobcloud.ch\/c\/fr-ch\/wp-json\/wp\/v2\/categories?post=53822"},{"taxonomy":"post_tag","embeddable":true,"href":"https:\/\/www.jobcloud.ch\/c\/fr-ch\/wp-json\/wp\/v2\/tags?post=53822"}],"curies":[{"name":"wp","href":"https:\/\/api.w.org\/{rel}","templated":true}]}}