     {"id":50129,"date":"2022-06-22T08:35:07","date_gmt":"2022-06-22T06:35:07","guid":{"rendered":"https:\/\/www.jobcloud.ch\/c\/?p=50129"},"modified":"2022-06-21T17:16:23","modified_gmt":"2022-06-21T15:16:23","slug":"sante-mentale-sur-le-lieu-de-travail-que-peuvent-faire-collaborateurs-et-employeurs","status":"publish","type":"post","link":"https:\/\/www.jobcloud.ch\/c\/fr-ch\/blog\/sante-mentale-travail-collaborateurs-et-employeurs\/","title":{"rendered":"Sant\u00e9 mentale sur le lieu de travail : que peuvent faire collaborateurs et employeurs?"},"content":{"rendered":"","protected":false},"excerpt":{"rendered":"","protected":false},"author":27,"featured_media":49963,"comment_status":"open","ping_status":"open","sticky":false,"template":"","format":"standard","meta":{"_acf_changed":false,"inline_featured_image":false,"footnotes":""},"categories":[1689],"tags":[1974,2718,2722,1994,2716,2717],"class_list":["post-50129","post","type-post","status-publish","format-standard","has-post-thumbnail","hentry","category-vie-au-travail","tag-gestion-de-la-sante","tag-gestion-du-stress","tag-motivation-fr-ch","tag-sante-au-travail","tag-sante-mentale","tag-sante-mentale-au-travail"],"acf":[],"yoast_head":"<!-- This site is optimized with the Yoast SEO plugin v27.2 - https:\/\/yoast.com\/product\/yoast-seo-wordpress\/ -->\n<title>Sant\u00e9 mentale sur le lieu de travail : que peuvent faire collaborateurs et employeurs? | JobCloud<\/title>\n<meta name=\"description\" content=\"Dans les conditions actuelles, les collaborateurs ont de la peine \u00e0 se concentrer sur leur travail et \u00e0 conserver leur motivation. Comment peuvent r\u00e9agir les collaborateurs et comment les employeurs peuvent-ils les soutenir\u00a0?\" \/>\n<meta name=\"robots\" content=\"index, follow, max-snippet:-1, max-image-preview:large, max-video-preview:-1\" \/>\n<link rel=\"canonical\" href=\"https:\/\/www.jobcloud.ch\/c\/fr-ch\/blog\/sante-mentale-travail-collaborateurs-et-employeurs\/\" \/>\n<meta property=\"og:locale\" content=\"fr_FR\" \/>\n<meta property=\"og:type\" content=\"article\" \/>\n<meta property=\"og:title\" content=\"Sant\u00e9 mentale sur le lieu de travail : que peuvent faire collaborateurs et employeurs? | JobCloud\" \/>\n<meta property=\"og:description\" content=\"Dans les conditions actuelles, les collaborateurs ont de la peine \u00e0 se concentrer sur leur travail et \u00e0 conserver leur motivation. Comment peuvent r\u00e9agir les collaborateurs et comment les employeurs peuvent-ils les soutenir\u00a0?\" \/>\n<meta property=\"og:url\" content=\"https:\/\/www.jobcloud.ch\/c\/fr-ch\/blog\/sante-mentale-travail-collaborateurs-et-employeurs\/\" \/>\n<meta property=\"og:site_name\" content=\"JobCloud\" \/>\n<meta property=\"article:published_time\" content=\"2022-06-22T06:35:07+00:00\" \/>\n<meta property=\"og:image\" content=\"https:\/\/www.jobcloud.ch\/wp-content\/uploads\/2022\/06\/mentale-gesundheit.jpg\" \/>\n\t<meta property=\"og:image:width\" content=\"1018\" \/>\n\t<meta property=\"og:image:height\" content=\"470\" \/>\n\t<meta property=\"og:image:type\" content=\"image\/jpeg\" \/>\n<meta name=\"author\" content=\"Mathias Steger\" \/>\n<meta name=\"twitter:card\" content=\"summary_large_image\" \/>\n<meta name=\"twitter:label1\" content=\"Written by\" \/>\n\t<meta name=\"twitter:data1\" content=\"Mathias Steger\" \/>\n<script type=\"application\/ld+json\" class=\"yoast-schema-graph\">{\"@context\":\"https:\/\/schema.org\",\"@graph\":[{\"@type\":\"Article\",\"@id\":\"https:\/\/www.jobcloud.ch\/c\/fr-ch\/blog\/sante-mentale-travail-collaborateurs-et-employeurs\/#article\",\"isPartOf\":{\"@id\":\"https:\/\/www.jobcloud.ch\/c\/fr-ch\/blog\/sante-mentale-travail-collaborateurs-et-employeurs\/\"},\"author\":{\"name\":\"Mathias Steger\",\"@id\":\"https:\/\/www.jobcloud.ch\/c\/fr-ch\/#\/schema\/person\/1f8af37d814987189cbef1b058a084a4\"},\"headline\":\"Sant\u00e9 mentale sur le lieu de travail : que peuvent faire collaborateurs et employeurs?\",\"datePublished\":\"2022-06-22T06:35:07+00:00\",\"mainEntityOfPage\":{\"@id\":\"https:\/\/www.jobcloud.ch\/c\/fr-ch\/blog\/sante-mentale-travail-collaborateurs-et-employeurs\/\"},\"wordCount\":13,\"commentCount\":0,\"publisher\":{\"@id\":\"https:\/\/www.jobcloud.ch\/c\/fr-ch\/#organization\"},\"image\":{\"@id\":\"https:\/\/www.jobcloud.ch\/c\/fr-ch\/blog\/sante-mentale-travail-collaborateurs-et-employeurs\/#primaryimage\"},\"thumbnailUrl\":\"https:\/\/www.jobcloud.ch\/wp-content\/uploads\/2022\/06\/mentale-gesundheit.jpg\",\"keywords\":[\"gestion de la sant\u00e9\",\"gestion du stress\",\"Motivation\",\"sant\u00e9 au travail\",\"sant\u00e9 mentale\",\"sant\u00e9 mentale au travail\"],\"articleSection\":[\"Vie au travail\"],\"inLanguage\":\"fr-CH\",\"potentialAction\":[{\"@type\":\"CommentAction\",\"name\":\"Comment\",\"target\":[\"https:\/\/www.jobcloud.ch\/c\/fr-ch\/blog\/sante-mentale-travail-collaborateurs-et-employeurs\/#respond\"]}]},{\"@type\":\"WebPage\",\"@id\":\"https:\/\/www.jobcloud.ch\/c\/fr-ch\/blog\/sante-mentale-travail-collaborateurs-et-employeurs\/\",\"url\":\"https:\/\/www.jobcloud.ch\/c\/fr-ch\/blog\/sante-mentale-travail-collaborateurs-et-employeurs\/\",\"name\":\"Sant\u00e9 mentale sur le lieu de travail : que peuvent faire collaborateurs et employeurs? | JobCloud\",\"isPartOf\":{\"@id\":\"https:\/\/www.jobcloud.ch\/c\/fr-ch\/#website\"},\"primaryImageOfPage\":{\"@id\":\"https:\/\/www.jobcloud.ch\/c\/fr-ch\/blog\/sante-mentale-travail-collaborateurs-et-employeurs\/#primaryimage\"},\"image\":{\"@id\":\"https:\/\/www.jobcloud.ch\/c\/fr-ch\/blog\/sante-mentale-travail-collaborateurs-et-employeurs\/#primaryimage\"},\"thumbnailUrl\":\"https:\/\/www.jobcloud.ch\/wp-content\/uploads\/2022\/06\/mentale-gesundheit.jpg\",\"datePublished\":\"2022-06-22T06:35:07+00:00\",\"description\":\"Dans les conditions actuelles, les collaborateurs ont de la peine \u00e0 se concentrer sur leur travail et \u00e0 conserver leur motivation. Comment peuvent r\u00e9agir les collaborateurs et comment les employeurs peuvent-ils les soutenir\u00a0?\",\"inLanguage\":\"fr-CH\",\"potentialAction\":[{\"@type\":\"ReadAction\",\"target\":[\"https:\/\/www.jobcloud.ch\/c\/fr-ch\/blog\/sante-mentale-travail-collaborateurs-et-employeurs\/\"]}]},{\"@type\":\"ImageObject\",\"inLanguage\":\"fr-CH\",\"@id\":\"https:\/\/www.jobcloud.ch\/c\/fr-ch\/blog\/sante-mentale-travail-collaborateurs-et-employeurs\/#primaryimage\",\"url\":\"https:\/\/www.jobcloud.ch\/wp-content\/uploads\/2022\/06\/mentale-gesundheit.jpg\",\"contentUrl\":\"https:\/\/www.jobcloud.ch\/wp-content\/uploads\/2022\/06\/mentale-gesundheit.jpg\",\"width\":1018,\"height\":470,\"caption\":\"Mentale Gesundheit am Arbeitsplatz\"},{\"@type\":\"WebSite\",\"@id\":\"https:\/\/www.jobcloud.ch\/c\/fr-ch\/#website\",\"url\":\"https:\/\/www.jobcloud.ch\/c\/fr-ch\/\",\"name\":\"JobCloud\",\"description\":\"JobCloud is the leading job portal for jobseekers in Switzerland\",\"publisher\":{\"@id\":\"https:\/\/www.jobcloud.ch\/c\/fr-ch\/#organization\"},\"potentialAction\":[{\"@type\":\"SearchAction\",\"target\":{\"@type\":\"EntryPoint\",\"urlTemplate\":\"https:\/\/www.jobcloud.ch\/c\/fr-ch\/?s={search_term_string}\"},\"query-input\":{\"@type\":\"PropertyValueSpecification\",\"valueRequired\":true,\"valueName\":\"search_term_string\"}}],\"inLanguage\":\"fr-CH\"},{\"@type\":\"Organization\",\"@id\":\"https:\/\/www.jobcloud.ch\/c\/fr-ch\/#organization\",\"name\":\"JobCloud\",\"url\":\"https:\/\/www.jobcloud.ch\/c\/fr-ch\/\",\"logo\":{\"@type\":\"ImageObject\",\"inLanguage\":\"fr-CH\",\"@id\":\"https:\/\/www.jobcloud.ch\/c\/fr-ch\/#\/schema\/logo\/image\/\",\"url\":\"https:\/\/www.jobcloud.ch\/wp-content\/uploads\/2020\/02\/jobcloude-logo.svg\",\"contentUrl\":\"https:\/\/www.jobcloud.ch\/wp-content\/uploads\/2020\/02\/jobcloude-logo.svg\",\"width\":160,\"height\":37,\"caption\":\"JobCloud\"},\"image\":{\"@id\":\"https:\/\/www.jobcloud.ch\/c\/fr-ch\/#\/schema\/logo\/image\/\"}},{\"@type\":\"Person\",\"@id\":\"https:\/\/www.jobcloud.ch\/c\/fr-ch\/#\/schema\/person\/1f8af37d814987189cbef1b058a084a4\",\"name\":\"Mathias Steger\",\"image\":{\"@type\":\"ImageObject\",\"inLanguage\":\"fr-CH\",\"@id\":\"https:\/\/www.jobcloud.ch\/wp-content\/uploads\/2021\/01\/Mathias-Steger_avatar-96x96.png\",\"url\":\"https:\/\/www.jobcloud.ch\/wp-content\/uploads\/2021\/01\/Mathias-Steger_avatar-96x96.png\",\"contentUrl\":\"https:\/\/www.jobcloud.ch\/wp-content\/uploads\/2021\/01\/Mathias-Steger_avatar-96x96.png\",\"caption\":\"Mathias Steger\"},\"sameAs\":[\"https:\/\/www.linkedin.com\/in\/mathias-steger-52164a11b?\"],\"url\":\"https:\/\/www.jobcloud.ch\/c\/fr-ch\/blog\/author\/msteger\/\"}]}<\/script>\n<!-- \/ Yoast SEO plugin. -->","yoast_head_json":{"title":"Sant\u00e9 mentale sur le lieu de travail : que peuvent faire collaborateurs et employeurs? | JobCloud","description":"Dans les conditions actuelles, les collaborateurs ont de la peine \u00e0 se concentrer sur leur travail et \u00e0 conserver leur motivation. Comment peuvent r\u00e9agir les collaborateurs et comment les employeurs peuvent-ils les soutenir\u00a0?","robots":{"index":"index","follow":"follow","max-snippet":"max-snippet:-1","max-image-preview":"max-image-preview:large","max-video-preview":"max-video-preview:-1"},"canonical":"https:\/\/www.jobcloud.ch\/c\/fr-ch\/blog\/sante-mentale-travail-collaborateurs-et-employeurs\/","og_locale":"fr_FR","og_type":"article","og_title":"Sant\u00e9 mentale sur le lieu de travail : que peuvent faire collaborateurs et employeurs? | JobCloud","og_description":"Dans les conditions actuelles, les collaborateurs ont de la peine \u00e0 se concentrer sur leur travail et \u00e0 conserver leur motivation. Comment peuvent r\u00e9agir les collaborateurs et comment les employeurs peuvent-ils les soutenir\u00a0?","og_url":"https:\/\/www.jobcloud.ch\/c\/fr-ch\/blog\/sante-mentale-travail-collaborateurs-et-employeurs\/","og_site_name":"JobCloud","article_published_time":"2022-06-22T06:35:07+00:00","og_image":[{"width":1018,"height":470,"url":"https:\/\/www.jobcloud.ch\/wp-content\/uploads\/2022\/06\/mentale-gesundheit.jpg","type":"image\/jpeg"}],"author":"Mathias Steger","twitter_card":"summary_large_image","twitter_misc":{"Written by":"Mathias Steger"},"schema":{"@context":"https:\/\/schema.org","@graph":[{"@type":"Article","@id":"https:\/\/www.jobcloud.ch\/c\/fr-ch\/blog\/sante-mentale-travail-collaborateurs-et-employeurs\/#article","isPartOf":{"@id":"https:\/\/www.jobcloud.ch\/c\/fr-ch\/blog\/sante-mentale-travail-collaborateurs-et-employeurs\/"},"author":{"name":"Mathias Steger","@id":"https:\/\/www.jobcloud.ch\/c\/fr-ch\/#\/schema\/person\/1f8af37d814987189cbef1b058a084a4"},"headline":"Sant\u00e9 mentale sur le lieu de travail : que peuvent faire collaborateurs et employeurs?","datePublished":"2022-06-22T06:35:07+00:00","mainEntityOfPage":{"@id":"https:\/\/www.jobcloud.ch\/c\/fr-ch\/blog\/sante-mentale-travail-collaborateurs-et-employeurs\/"},"wordCount":13,"commentCount":0,"publisher":{"@id":"https:\/\/www.jobcloud.ch\/c\/fr-ch\/#organization"},"image":{"@id":"https:\/\/www.jobcloud.ch\/c\/fr-ch\/blog\/sante-mentale-travail-collaborateurs-et-employeurs\/#primaryimage"},"thumbnailUrl":"https:\/\/www.jobcloud.ch\/wp-content\/uploads\/2022\/06\/mentale-gesundheit.jpg","keywords":["gestion de la sant\u00e9","gestion du stress","Motivation","sant\u00e9 au travail","sant\u00e9 mentale","sant\u00e9 mentale au travail"],"articleSection":["Vie au travail"],"inLanguage":"fr-CH","potentialAction":[{"@type":"CommentAction","name":"Comment","target":["https:\/\/www.jobcloud.ch\/c\/fr-ch\/blog\/sante-mentale-travail-collaborateurs-et-employeurs\/#respond"]}]},{"@type":"WebPage","@id":"https:\/\/www.jobcloud.ch\/c\/fr-ch\/blog\/sante-mentale-travail-collaborateurs-et-employeurs\/","url":"https:\/\/www.jobcloud.ch\/c\/fr-ch\/blog\/sante-mentale-travail-collaborateurs-et-employeurs\/","name":"Sant\u00e9 mentale sur le lieu de travail : que peuvent faire collaborateurs et employeurs? | JobCloud","isPartOf":{"@id":"https:\/\/www.jobcloud.ch\/c\/fr-ch\/#website"},"primaryImageOfPage":{"@id":"https:\/\/www.jobcloud.ch\/c\/fr-ch\/blog\/sante-mentale-travail-collaborateurs-et-employeurs\/#primaryimage"},"image":{"@id":"https:\/\/www.jobcloud.ch\/c\/fr-ch\/blog\/sante-mentale-travail-collaborateurs-et-employeurs\/#primaryimage"},"thumbnailUrl":"https:\/\/www.jobcloud.ch\/wp-content\/uploads\/2022\/06\/mentale-gesundheit.jpg","datePublished":"2022-06-22T06:35:07+00:00","description":"Dans les conditions actuelles, les collaborateurs ont de la peine \u00e0 se concentrer sur leur travail et \u00e0 conserver leur motivation. Comment peuvent r\u00e9agir les collaborateurs et comment les employeurs peuvent-ils les soutenir\u00a0?","inLanguage":"fr-CH","potentialAction":[{"@type":"ReadAction","target":["https:\/\/www.jobcloud.ch\/c\/fr-ch\/blog\/sante-mentale-travail-collaborateurs-et-employeurs\/"]}]},{"@type":"ImageObject","inLanguage":"fr-CH","@id":"https:\/\/www.jobcloud.ch\/c\/fr-ch\/blog\/sante-mentale-travail-collaborateurs-et-employeurs\/#primaryimage","url":"https:\/\/www.jobcloud.ch\/wp-content\/uploads\/2022\/06\/mentale-gesundheit.jpg","contentUrl":"https:\/\/www.jobcloud.ch\/wp-content\/uploads\/2022\/06\/mentale-gesundheit.jpg","width":1018,"height":470,"caption":"Mentale Gesundheit am Arbeitsplatz"},{"@type":"WebSite","@id":"https:\/\/www.jobcloud.ch\/c\/fr-ch\/#website","url":"https:\/\/www.jobcloud.ch\/c\/fr-ch\/","name":"JobCloud","description":"JobCloud is the leading job portal for jobseekers in Switzerland","publisher":{"@id":"https:\/\/www.jobcloud.ch\/c\/fr-ch\/#organization"},"potentialAction":[{"@type":"SearchAction","target":{"@type":"EntryPoint","urlTemplate":"https:\/\/www.jobcloud.ch\/c\/fr-ch\/?s={search_term_string}"},"query-input":{"@type":"PropertyValueSpecification","valueRequired":true,"valueName":"search_term_string"}}],"inLanguage":"fr-CH"},{"@type":"Organization","@id":"https:\/\/www.jobcloud.ch\/c\/fr-ch\/#organization","name":"JobCloud","url":"https:\/\/www.jobcloud.ch\/c\/fr-ch\/","logo":{"@type":"ImageObject","inLanguage":"fr-CH","@id":"https:\/\/www.jobcloud.ch\/c\/fr-ch\/#\/schema\/logo\/image\/","url":"https:\/\/www.jobcloud.ch\/wp-content\/uploads\/2020\/02\/jobcloude-logo.svg","contentUrl":"https:\/\/www.jobcloud.ch\/wp-content\/uploads\/2020\/02\/jobcloude-logo.svg","width":160,"height":37,"caption":"JobCloud"},"image":{"@id":"https:\/\/www.jobcloud.ch\/c\/fr-ch\/#\/schema\/logo\/image\/"}},{"@type":"Person","@id":"https:\/\/www.jobcloud.ch\/c\/fr-ch\/#\/schema\/person\/1f8af37d814987189cbef1b058a084a4","name":"Mathias Steger","image":{"@type":"ImageObject","inLanguage":"fr-CH","@id":"https:\/\/www.jobcloud.ch\/wp-content\/uploads\/2021\/01\/Mathias-Steger_avatar-96x96.png","url":"https:\/\/www.jobcloud.ch\/wp-content\/uploads\/2021\/01\/Mathias-Steger_avatar-96x96.png","contentUrl":"https:\/\/www.jobcloud.ch\/wp-content\/uploads\/2021\/01\/Mathias-Steger_avatar-96x96.png","caption":"Mathias Steger"},"sameAs":["https:\/\/www.linkedin.com\/in\/mathias-steger-52164a11b?"],"url":"https:\/\/www.jobcloud.ch\/c\/fr-ch\/blog\/author\/msteger\/"}]}},"_links":{"self":[{"href":"https:\/\/www.jobcloud.ch\/c\/fr-ch\/wp-json\/wp\/v2\/posts\/50129","targetHints":{"allow":["GET"]}}],"collection":[{"href":"https:\/\/www.jobcloud.ch\/c\/fr-ch\/wp-json\/wp\/v2\/posts"}],"about":[{"href":"https:\/\/www.jobcloud.ch\/c\/fr-ch\/wp-json\/wp\/v2\/types\/post"}],"author":[{"embeddable":true,"href":"https:\/\/www.jobcloud.ch\/c\/fr-ch\/wp-json\/wp\/v2\/users\/27"}],"replies":[{"embeddable":true,"href":"https:\/\/www.jobcloud.ch\/c\/fr-ch\/wp-json\/wp\/v2\/comments?post=50129"}],"version-history":[{"count":0,"href":"https:\/\/www.jobcloud.ch\/c\/fr-ch\/wp-json\/wp\/v2\/posts\/50129\/revisions"}],"wp:featuredmedia":[{"embeddable":true,"href":"https:\/\/www.jobcloud.ch\/c\/fr-ch\/wp-json\/wp\/v2\/media\/49963"}],"wp:attachment":[{"href":"https:\/\/www.jobcloud.ch\/c\/fr-ch\/wp-json\/wp\/v2\/media?parent=50129"}],"wp:term":[{"taxonomy":"category","embeddable":true,"href":"https:\/\/www.jobcloud.ch\/c\/fr-ch\/wp-json\/wp\/v2\/categories?post=50129"},{"taxonomy":"post_tag","embeddable":true,"href":"https:\/\/www.jobcloud.ch\/c\/fr-ch\/wp-json\/wp\/v2\/tags?post=50129"}],"curies":[{"name":"wp","href":"https:\/\/api.w.org\/{rel}","templated":true}]}}