     {"id":49366,"date":"2022-05-05T13:01:41","date_gmt":"2022-05-05T11:01:41","guid":{"rendered":"https:\/\/www.jobcloud.ch\/c\/?p=49366"},"modified":"2022-05-05T13:04:55","modified_gmt":"2022-05-05T11:04:55","slug":"retour-au-bureau-les-employe-es-souhaitent-teletravailler-plus-souvent","status":"publish","type":"post","link":"https:\/\/www.jobcloud.ch\/c\/fr-ch\/blog\/retour-au-bureau-les-employe-es-souhaitent-teletravailler-plus-souvent\/","title":{"rendered":"Retour au bureau : les employ\u00e9s souhaitent t\u00e9l\u00e9travailler plus souvent"},"content":{"rendered":"","protected":false},"excerpt":{"rendered":"","protected":false},"author":27,"featured_media":48914,"comment_status":"open","ping_status":"open","sticky":false,"template":"","format":"standard","meta":{"_acf_changed":false,"inline_featured_image":false,"footnotes":""},"categories":[1686],"tags":[2674,1780,2407,2321,2170,2675],"class_list":["post-49366","post","type-post","status-publish","format-standard","has-post-thumbnail","hentry","category-etudes-et-tendances","tag-equilibre-vie-privee-professionnelle","tag-etude","tag-flexibilite","tag-home-office-fr-ch","tag-teletravail","tag-travail-hybride"],"acf":[],"yoast_head":"<!-- This site is optimized with the Yoast SEO plugin v27.2 - https:\/\/yoast.com\/product\/yoast-seo-wordpress\/ -->\n<title>Retour au bureau : les employ\u00e9s souhaitent t\u00e9l\u00e9travailler plus souvent | JobCloud<\/title>\n<meta name=\"description\" content=\"La derni\u00e8res \u00e9tude de JobCloud a d\u00e9voil\u00e9 les derni\u00e8res tendances en mati\u00e8re de travail hybride et de Home Office.\" \/>\n<meta name=\"robots\" content=\"index, follow, max-snippet:-1, max-image-preview:large, max-video-preview:-1\" \/>\n<link rel=\"canonical\" href=\"https:\/\/www.jobcloud.ch\/c\/fr-ch\/blog\/retour-au-bureau-les-employe-es-souhaitent-teletravailler-plus-souvent\/\" \/>\n<meta property=\"og:locale\" content=\"fr_FR\" \/>\n<meta property=\"og:type\" content=\"article\" \/>\n<meta property=\"og:title\" content=\"Retour au bureau : les employ\u00e9s souhaitent t\u00e9l\u00e9travailler plus souvent | JobCloud\" \/>\n<meta property=\"og:description\" content=\"La derni\u00e8res \u00e9tude de JobCloud a d\u00e9voil\u00e9 les derni\u00e8res tendances en mati\u00e8re de travail hybride et de Home Office.\" \/>\n<meta property=\"og:url\" content=\"https:\/\/www.jobcloud.ch\/c\/fr-ch\/blog\/retour-au-bureau-les-employe-es-souhaitent-teletravailler-plus-souvent\/\" \/>\n<meta property=\"og:site_name\" content=\"JobCloud\" \/>\n<meta property=\"article:published_time\" content=\"2022-05-05T11:01:41+00:00\" \/>\n<meta property=\"article:modified_time\" content=\"2022-05-05T11:04:55+00:00\" \/>\n<meta property=\"og:image\" content=\"https:\/\/www.jobcloud.ch\/wp-content\/uploads\/2022\/03\/jobcloud-hybridearbeitsmodelle1.png\" \/>\n\t<meta property=\"og:image:width\" content=\"1025\" \/>\n\t<meta property=\"og:image:height\" content=\"450\" \/>\n\t<meta property=\"og:image:type\" content=\"image\/png\" \/>\n<meta name=\"author\" content=\"Mathias Steger\" \/>\n<meta name=\"twitter:card\" content=\"summary_large_image\" \/>\n<meta name=\"twitter:label1\" content=\"Written by\" \/>\n\t<meta name=\"twitter:data1\" content=\"Mathias Steger\" \/>\n<script type=\"application\/ld+json\" class=\"yoast-schema-graph\">{\"@context\":\"https:\/\/schema.org\",\"@graph\":[{\"@type\":\"Article\",\"@id\":\"https:\/\/www.jobcloud.ch\/c\/fr-ch\/blog\/retour-au-bureau-les-employe-es-souhaitent-teletravailler-plus-souvent\/#article\",\"isPartOf\":{\"@id\":\"https:\/\/www.jobcloud.ch\/c\/fr-ch\/blog\/retour-au-bureau-les-employe-es-souhaitent-teletravailler-plus-souvent\/\"},\"author\":{\"name\":\"Mathias Steger\",\"@id\":\"https:\/\/www.jobcloud.ch\/c\/fr-ch\/#\/schema\/person\/1f8af37d814987189cbef1b058a084a4\"},\"headline\":\"Retour au bureau : les employ\u00e9s souhaitent t\u00e9l\u00e9travailler plus souvent\",\"datePublished\":\"2022-05-05T11:01:41+00:00\",\"dateModified\":\"2022-05-05T11:04:55+00:00\",\"mainEntityOfPage\":{\"@id\":\"https:\/\/www.jobcloud.ch\/c\/fr-ch\/blog\/retour-au-bureau-les-employe-es-souhaitent-teletravailler-plus-souvent\/\"},\"wordCount\":12,\"commentCount\":0,\"publisher\":{\"@id\":\"https:\/\/www.jobcloud.ch\/c\/fr-ch\/#organization\"},\"image\":{\"@id\":\"https:\/\/www.jobcloud.ch\/c\/fr-ch\/blog\/retour-au-bureau-les-employe-es-souhaitent-teletravailler-plus-souvent\/#primaryimage\"},\"thumbnailUrl\":\"https:\/\/www.jobcloud.ch\/wp-content\/uploads\/2022\/03\/jobcloud-hybridearbeitsmodelle1.png\",\"keywords\":[\"\u00e9quilibre vie priv\u00e9e professionnelle\",\"\u00e9tude\",\"flexibilit\u00e9\",\"Home Office\",\"t\u00e9l\u00e9travail\",\"travail hybride\"],\"articleSection\":[\"Etudes &amp; tendances\"],\"inLanguage\":\"fr-CH\",\"potentialAction\":[{\"@type\":\"CommentAction\",\"name\":\"Comment\",\"target\":[\"https:\/\/www.jobcloud.ch\/c\/fr-ch\/blog\/retour-au-bureau-les-employe-es-souhaitent-teletravailler-plus-souvent\/#respond\"]}]},{\"@type\":\"WebPage\",\"@id\":\"https:\/\/www.jobcloud.ch\/c\/fr-ch\/blog\/retour-au-bureau-les-employe-es-souhaitent-teletravailler-plus-souvent\/\",\"url\":\"https:\/\/www.jobcloud.ch\/c\/fr-ch\/blog\/retour-au-bureau-les-employe-es-souhaitent-teletravailler-plus-souvent\/\",\"name\":\"Retour au bureau : les employ\u00e9s souhaitent t\u00e9l\u00e9travailler plus souvent | JobCloud\",\"isPartOf\":{\"@id\":\"https:\/\/www.jobcloud.ch\/c\/fr-ch\/#website\"},\"primaryImageOfPage\":{\"@id\":\"https:\/\/www.jobcloud.ch\/c\/fr-ch\/blog\/retour-au-bureau-les-employe-es-souhaitent-teletravailler-plus-souvent\/#primaryimage\"},\"image\":{\"@id\":\"https:\/\/www.jobcloud.ch\/c\/fr-ch\/blog\/retour-au-bureau-les-employe-es-souhaitent-teletravailler-plus-souvent\/#primaryimage\"},\"thumbnailUrl\":\"https:\/\/www.jobcloud.ch\/wp-content\/uploads\/2022\/03\/jobcloud-hybridearbeitsmodelle1.png\",\"datePublished\":\"2022-05-05T11:01:41+00:00\",\"dateModified\":\"2022-05-05T11:04:55+00:00\",\"description\":\"La derni\u00e8res \u00e9tude de JobCloud a d\u00e9voil\u00e9 les derni\u00e8res tendances en mati\u00e8re de travail hybride et de Home Office.\",\"inLanguage\":\"fr-CH\",\"potentialAction\":[{\"@type\":\"ReadAction\",\"target\":[\"https:\/\/www.jobcloud.ch\/c\/fr-ch\/blog\/retour-au-bureau-les-employe-es-souhaitent-teletravailler-plus-souvent\/\"]}]},{\"@type\":\"ImageObject\",\"inLanguage\":\"fr-CH\",\"@id\":\"https:\/\/www.jobcloud.ch\/c\/fr-ch\/blog\/retour-au-bureau-les-employe-es-souhaitent-teletravailler-plus-souvent\/#primaryimage\",\"url\":\"https:\/\/www.jobcloud.ch\/wp-content\/uploads\/2022\/03\/jobcloud-hybridearbeitsmodelle1.png\",\"contentUrl\":\"https:\/\/www.jobcloud.ch\/wp-content\/uploads\/2022\/03\/jobcloud-hybridearbeitsmodelle1.png\",\"width\":1025,\"height\":450,\"caption\":\"Mitarbeitende w\u00fcnschen sich mehr Flexibilit\u00e4t\"},{\"@type\":\"WebSite\",\"@id\":\"https:\/\/www.jobcloud.ch\/c\/fr-ch\/#website\",\"url\":\"https:\/\/www.jobcloud.ch\/c\/fr-ch\/\",\"name\":\"JobCloud\",\"description\":\"JobCloud is the leading job portal for jobseekers in Switzerland\",\"publisher\":{\"@id\":\"https:\/\/www.jobcloud.ch\/c\/fr-ch\/#organization\"},\"potentialAction\":[{\"@type\":\"SearchAction\",\"target\":{\"@type\":\"EntryPoint\",\"urlTemplate\":\"https:\/\/www.jobcloud.ch\/c\/fr-ch\/?s={search_term_string}\"},\"query-input\":{\"@type\":\"PropertyValueSpecification\",\"valueRequired\":true,\"valueName\":\"search_term_string\"}}],\"inLanguage\":\"fr-CH\"},{\"@type\":\"Organization\",\"@id\":\"https:\/\/www.jobcloud.ch\/c\/fr-ch\/#organization\",\"name\":\"JobCloud\",\"url\":\"https:\/\/www.jobcloud.ch\/c\/fr-ch\/\",\"logo\":{\"@type\":\"ImageObject\",\"inLanguage\":\"fr-CH\",\"@id\":\"https:\/\/www.jobcloud.ch\/c\/fr-ch\/#\/schema\/logo\/image\/\",\"url\":\"https:\/\/www.jobcloud.ch\/wp-content\/uploads\/2020\/02\/jobcloude-logo.svg\",\"contentUrl\":\"https:\/\/www.jobcloud.ch\/wp-content\/uploads\/2020\/02\/jobcloude-logo.svg\",\"width\":160,\"height\":37,\"caption\":\"JobCloud\"},\"image\":{\"@id\":\"https:\/\/www.jobcloud.ch\/c\/fr-ch\/#\/schema\/logo\/image\/\"}},{\"@type\":\"Person\",\"@id\":\"https:\/\/www.jobcloud.ch\/c\/fr-ch\/#\/schema\/person\/1f8af37d814987189cbef1b058a084a4\",\"name\":\"Mathias Steger\",\"image\":{\"@type\":\"ImageObject\",\"inLanguage\":\"fr-CH\",\"@id\":\"https:\/\/www.jobcloud.ch\/wp-content\/uploads\/2021\/01\/Mathias-Steger_avatar-96x96.png\",\"url\":\"https:\/\/www.jobcloud.ch\/wp-content\/uploads\/2021\/01\/Mathias-Steger_avatar-96x96.png\",\"contentUrl\":\"https:\/\/www.jobcloud.ch\/wp-content\/uploads\/2021\/01\/Mathias-Steger_avatar-96x96.png\",\"caption\":\"Mathias Steger\"},\"sameAs\":[\"https:\/\/www.linkedin.com\/in\/mathias-steger-52164a11b?\"],\"url\":\"https:\/\/www.jobcloud.ch\/c\/fr-ch\/blog\/author\/msteger\/\"}]}<\/script>\n<!-- \/ Yoast SEO plugin. -->","yoast_head_json":{"title":"Retour au bureau : les employ\u00e9s souhaitent t\u00e9l\u00e9travailler plus souvent | JobCloud","description":"La derni\u00e8res \u00e9tude de JobCloud a d\u00e9voil\u00e9 les derni\u00e8res tendances en mati\u00e8re de travail hybride et de Home Office.","robots":{"index":"index","follow":"follow","max-snippet":"max-snippet:-1","max-image-preview":"max-image-preview:large","max-video-preview":"max-video-preview:-1"},"canonical":"https:\/\/www.jobcloud.ch\/c\/fr-ch\/blog\/retour-au-bureau-les-employe-es-souhaitent-teletravailler-plus-souvent\/","og_locale":"fr_FR","og_type":"article","og_title":"Retour au bureau : les employ\u00e9s souhaitent t\u00e9l\u00e9travailler plus souvent | JobCloud","og_description":"La derni\u00e8res \u00e9tude de JobCloud a d\u00e9voil\u00e9 les derni\u00e8res tendances en mati\u00e8re de travail hybride et de Home Office.","og_url":"https:\/\/www.jobcloud.ch\/c\/fr-ch\/blog\/retour-au-bureau-les-employe-es-souhaitent-teletravailler-plus-souvent\/","og_site_name":"JobCloud","article_published_time":"2022-05-05T11:01:41+00:00","article_modified_time":"2022-05-05T11:04:55+00:00","og_image":[{"width":1025,"height":450,"url":"https:\/\/www.jobcloud.ch\/wp-content\/uploads\/2022\/03\/jobcloud-hybridearbeitsmodelle1.png","type":"image\/png"}],"author":"Mathias Steger","twitter_card":"summary_large_image","twitter_misc":{"Written by":"Mathias Steger"},"schema":{"@context":"https:\/\/schema.org","@graph":[{"@type":"Article","@id":"https:\/\/www.jobcloud.ch\/c\/fr-ch\/blog\/retour-au-bureau-les-employe-es-souhaitent-teletravailler-plus-souvent\/#article","isPartOf":{"@id":"https:\/\/www.jobcloud.ch\/c\/fr-ch\/blog\/retour-au-bureau-les-employe-es-souhaitent-teletravailler-plus-souvent\/"},"author":{"name":"Mathias Steger","@id":"https:\/\/www.jobcloud.ch\/c\/fr-ch\/#\/schema\/person\/1f8af37d814987189cbef1b058a084a4"},"headline":"Retour au bureau : les employ\u00e9s souhaitent t\u00e9l\u00e9travailler plus souvent","datePublished":"2022-05-05T11:01:41+00:00","dateModified":"2022-05-05T11:04:55+00:00","mainEntityOfPage":{"@id":"https:\/\/www.jobcloud.ch\/c\/fr-ch\/blog\/retour-au-bureau-les-employe-es-souhaitent-teletravailler-plus-souvent\/"},"wordCount":12,"commentCount":0,"publisher":{"@id":"https:\/\/www.jobcloud.ch\/c\/fr-ch\/#organization"},"image":{"@id":"https:\/\/www.jobcloud.ch\/c\/fr-ch\/blog\/retour-au-bureau-les-employe-es-souhaitent-teletravailler-plus-souvent\/#primaryimage"},"thumbnailUrl":"https:\/\/www.jobcloud.ch\/wp-content\/uploads\/2022\/03\/jobcloud-hybridearbeitsmodelle1.png","keywords":["\u00e9quilibre vie priv\u00e9e professionnelle","\u00e9tude","flexibilit\u00e9","Home Office","t\u00e9l\u00e9travail","travail hybride"],"articleSection":["Etudes &amp; tendances"],"inLanguage":"fr-CH","potentialAction":[{"@type":"CommentAction","name":"Comment","target":["https:\/\/www.jobcloud.ch\/c\/fr-ch\/blog\/retour-au-bureau-les-employe-es-souhaitent-teletravailler-plus-souvent\/#respond"]}]},{"@type":"WebPage","@id":"https:\/\/www.jobcloud.ch\/c\/fr-ch\/blog\/retour-au-bureau-les-employe-es-souhaitent-teletravailler-plus-souvent\/","url":"https:\/\/www.jobcloud.ch\/c\/fr-ch\/blog\/retour-au-bureau-les-employe-es-souhaitent-teletravailler-plus-souvent\/","name":"Retour au bureau : les employ\u00e9s souhaitent t\u00e9l\u00e9travailler plus souvent | JobCloud","isPartOf":{"@id":"https:\/\/www.jobcloud.ch\/c\/fr-ch\/#website"},"primaryImageOfPage":{"@id":"https:\/\/www.jobcloud.ch\/c\/fr-ch\/blog\/retour-au-bureau-les-employe-es-souhaitent-teletravailler-plus-souvent\/#primaryimage"},"image":{"@id":"https:\/\/www.jobcloud.ch\/c\/fr-ch\/blog\/retour-au-bureau-les-employe-es-souhaitent-teletravailler-plus-souvent\/#primaryimage"},"thumbnailUrl":"https:\/\/www.jobcloud.ch\/wp-content\/uploads\/2022\/03\/jobcloud-hybridearbeitsmodelle1.png","datePublished":"2022-05-05T11:01:41+00:00","dateModified":"2022-05-05T11:04:55+00:00","description":"La derni\u00e8res \u00e9tude de JobCloud a d\u00e9voil\u00e9 les derni\u00e8res tendances en mati\u00e8re de travail hybride et de Home Office.","inLanguage":"fr-CH","potentialAction":[{"@type":"ReadAction","target":["https:\/\/www.jobcloud.ch\/c\/fr-ch\/blog\/retour-au-bureau-les-employe-es-souhaitent-teletravailler-plus-souvent\/"]}]},{"@type":"ImageObject","inLanguage":"fr-CH","@id":"https:\/\/www.jobcloud.ch\/c\/fr-ch\/blog\/retour-au-bureau-les-employe-es-souhaitent-teletravailler-plus-souvent\/#primaryimage","url":"https:\/\/www.jobcloud.ch\/wp-content\/uploads\/2022\/03\/jobcloud-hybridearbeitsmodelle1.png","contentUrl":"https:\/\/www.jobcloud.ch\/wp-content\/uploads\/2022\/03\/jobcloud-hybridearbeitsmodelle1.png","width":1025,"height":450,"caption":"Mitarbeitende w\u00fcnschen sich mehr Flexibilit\u00e4t"},{"@type":"WebSite","@id":"https:\/\/www.jobcloud.ch\/c\/fr-ch\/#website","url":"https:\/\/www.jobcloud.ch\/c\/fr-ch\/","name":"JobCloud","description":"JobCloud is the leading job portal for jobseekers in Switzerland","publisher":{"@id":"https:\/\/www.jobcloud.ch\/c\/fr-ch\/#organization"},"potentialAction":[{"@type":"SearchAction","target":{"@type":"EntryPoint","urlTemplate":"https:\/\/www.jobcloud.ch\/c\/fr-ch\/?s={search_term_string}"},"query-input":{"@type":"PropertyValueSpecification","valueRequired":true,"valueName":"search_term_string"}}],"inLanguage":"fr-CH"},{"@type":"Organization","@id":"https:\/\/www.jobcloud.ch\/c\/fr-ch\/#organization","name":"JobCloud","url":"https:\/\/www.jobcloud.ch\/c\/fr-ch\/","logo":{"@type":"ImageObject","inLanguage":"fr-CH","@id":"https:\/\/www.jobcloud.ch\/c\/fr-ch\/#\/schema\/logo\/image\/","url":"https:\/\/www.jobcloud.ch\/wp-content\/uploads\/2020\/02\/jobcloude-logo.svg","contentUrl":"https:\/\/www.jobcloud.ch\/wp-content\/uploads\/2020\/02\/jobcloude-logo.svg","width":160,"height":37,"caption":"JobCloud"},"image":{"@id":"https:\/\/www.jobcloud.ch\/c\/fr-ch\/#\/schema\/logo\/image\/"}},{"@type":"Person","@id":"https:\/\/www.jobcloud.ch\/c\/fr-ch\/#\/schema\/person\/1f8af37d814987189cbef1b058a084a4","name":"Mathias Steger","image":{"@type":"ImageObject","inLanguage":"fr-CH","@id":"https:\/\/www.jobcloud.ch\/wp-content\/uploads\/2021\/01\/Mathias-Steger_avatar-96x96.png","url":"https:\/\/www.jobcloud.ch\/wp-content\/uploads\/2021\/01\/Mathias-Steger_avatar-96x96.png","contentUrl":"https:\/\/www.jobcloud.ch\/wp-content\/uploads\/2021\/01\/Mathias-Steger_avatar-96x96.png","caption":"Mathias Steger"},"sameAs":["https:\/\/www.linkedin.com\/in\/mathias-steger-52164a11b?"],"url":"https:\/\/www.jobcloud.ch\/c\/fr-ch\/blog\/author\/msteger\/"}]}},"_links":{"self":[{"href":"https:\/\/www.jobcloud.ch\/c\/fr-ch\/wp-json\/wp\/v2\/posts\/49366","targetHints":{"allow":["GET"]}}],"collection":[{"href":"https:\/\/www.jobcloud.ch\/c\/fr-ch\/wp-json\/wp\/v2\/posts"}],"about":[{"href":"https:\/\/www.jobcloud.ch\/c\/fr-ch\/wp-json\/wp\/v2\/types\/post"}],"author":[{"embeddable":true,"href":"https:\/\/www.jobcloud.ch\/c\/fr-ch\/wp-json\/wp\/v2\/users\/27"}],"replies":[{"embeddable":true,"href":"https:\/\/www.jobcloud.ch\/c\/fr-ch\/wp-json\/wp\/v2\/comments?post=49366"}],"version-history":[{"count":0,"href":"https:\/\/www.jobcloud.ch\/c\/fr-ch\/wp-json\/wp\/v2\/posts\/49366\/revisions"}],"wp:featuredmedia":[{"embeddable":true,"href":"https:\/\/www.jobcloud.ch\/c\/fr-ch\/wp-json\/wp\/v2\/media\/48914"}],"wp:attachment":[{"href":"https:\/\/www.jobcloud.ch\/c\/fr-ch\/wp-json\/wp\/v2\/media?parent=49366"}],"wp:term":[{"taxonomy":"category","embeddable":true,"href":"https:\/\/www.jobcloud.ch\/c\/fr-ch\/wp-json\/wp\/v2\/categories?post=49366"},{"taxonomy":"post_tag","embeddable":true,"href":"https:\/\/www.jobcloud.ch\/c\/fr-ch\/wp-json\/wp\/v2\/tags?post=49366"}],"curies":[{"name":"wp","href":"https:\/\/api.w.org\/{rel}","templated":true}]}}