     {"id":33759,"date":"2020-12-10T15:18:49","date_gmt":"2020-12-10T14:18:49","guid":{"rendered":"https:\/\/www.jobcloud.ch\/c\/?p=33759"},"modified":"2020-12-10T15:28:51","modified_gmt":"2020-12-10T14:28:51","slug":"votre-entreprise-est-elle-prete-a-relever-les-defis-actuels-poses-par-la-crise-du-coronavirus","status":"publish","type":"post","link":"https:\/\/www.jobcloud.ch\/c\/fr-ch\/blog\/2020\/12\/votre-entreprise-est-elle-prete-a-relever-les-defis-actuels-poses-par-la-crise-du-coronavirus\/","title":{"rendered":"Votre entreprise est-elle pr\u00eate \u00e0 relever les d\u00e9fis actuels pos\u00e9s  par la crise du coronavirus ?"},"content":{"rendered":"","protected":false},"excerpt":{"rendered":"","protected":false},"author":27,"featured_media":33760,"comment_status":"open","ping_status":"open","sticky":false,"template":"","format":"standard","meta":{"_acf_changed":false,"inline_featured_image":false,"footnotes":""},"categories":[1708],"tags":[2245,2384,2385],"class_list":["post-33759","post","type-post","status-publish","format-standard","has-post-thumbnail","hentry","category-actualites-du-marche","tag-covid-19","tag-crise-du-covid","tag-teletrvail"],"acf":[],"yoast_head":"<!-- This site is optimized with the Yoast SEO plugin v27.2 - https:\/\/yoast.com\/product\/yoast-seo-wordpress\/ -->\n<title>Votre entreprise est-elle pr\u00eate \u00e0 relever les d\u00e9fis actuels pos\u00e9s par la crise du coronavirus ? | JobCloud<\/title>\n<meta name=\"description\" content=\"Voici quelques conseils adress\u00e9s aux employeurs pour leur permettre de relever les nouveaux d\u00e9fis concernant les recrutements et le travail flexible.\" \/>\n<meta name=\"robots\" content=\"index, follow, max-snippet:-1, max-image-preview:large, max-video-preview:-1\" \/>\n<link rel=\"canonical\" href=\"https:\/\/www.jobcloud.ch\/c\/fr-ch\/blog\/2020\/12\/votre-entreprise-est-elle-prete-a-relever-les-defis-actuels-poses-par-la-crise-du-coronavirus\/\" \/>\n<meta property=\"og:locale\" content=\"fr_FR\" \/>\n<meta property=\"og:type\" content=\"article\" \/>\n<meta property=\"og:title\" content=\"Votre entreprise est-elle pr\u00eate \u00e0 relever les d\u00e9fis actuels pos\u00e9s par la crise du coronavirus ? | JobCloud\" \/>\n<meta property=\"og:description\" content=\"Voici quelques conseils adress\u00e9s aux employeurs pour leur permettre de relever les nouveaux d\u00e9fis concernant les recrutements et le travail flexible.\" \/>\n<meta property=\"og:url\" content=\"https:\/\/www.jobcloud.ch\/c\/fr-ch\/blog\/2020\/12\/votre-entreprise-est-elle-prete-a-relever-les-defis-actuels-poses-par-la-crise-du-coronavirus\/\" \/>\n<meta property=\"og:site_name\" content=\"JobCloud\" \/>\n<meta property=\"article:published_time\" content=\"2020-12-10T14:18:49+00:00\" \/>\n<meta property=\"article:modified_time\" content=\"2020-12-10T14:28:51+00:00\" \/>\n<meta property=\"og:image\" content=\"https:\/\/www.jobcloud.ch\/wp-content\/uploads\/2020\/12\/homeoffice-2-pager-1.jpg\" \/>\n\t<meta property=\"og:image:width\" content=\"998\" \/>\n\t<meta property=\"og:image:height\" content=\"478\" \/>\n\t<meta property=\"og:image:type\" content=\"image\/jpeg\" \/>\n<meta name=\"author\" content=\"Mathias Steger\" \/>\n<meta name=\"twitter:card\" content=\"summary_large_image\" \/>\n<meta name=\"twitter:label1\" content=\"Written by\" \/>\n\t<meta name=\"twitter:data1\" content=\"Mathias Steger\" \/>\n<script type=\"application\/ld+json\" class=\"yoast-schema-graph\">{\"@context\":\"https:\/\/schema.org\",\"@graph\":[{\"@type\":\"Article\",\"@id\":\"https:\/\/www.jobcloud.ch\/c\/fr-ch\/blog\/2020\/12\/votre-entreprise-est-elle-prete-a-relever-les-defis-actuels-poses-par-la-crise-du-coronavirus\/#article\",\"isPartOf\":{\"@id\":\"https:\/\/www.jobcloud.ch\/c\/fr-ch\/blog\/2020\/12\/votre-entreprise-est-elle-prete-a-relever-les-defis-actuels-poses-par-la-crise-du-coronavirus\/\"},\"author\":{\"name\":\"Mathias Steger\",\"@id\":\"https:\/\/www.jobcloud.ch\/c\/fr-ch\/#\/schema\/person\/1f8af37d814987189cbef1b058a084a4\"},\"headline\":\"Votre entreprise est-elle pr\u00eate \u00e0 relever les d\u00e9fis actuels pos\u00e9s par la crise du coronavirus ?\",\"datePublished\":\"2020-12-10T14:18:49+00:00\",\"dateModified\":\"2020-12-10T14:28:51+00:00\",\"mainEntityOfPage\":{\"@id\":\"https:\/\/www.jobcloud.ch\/c\/fr-ch\/blog\/2020\/12\/votre-entreprise-est-elle-prete-a-relever-les-defis-actuels-poses-par-la-crise-du-coronavirus\/\"},\"wordCount\":17,\"commentCount\":0,\"publisher\":{\"@id\":\"https:\/\/www.jobcloud.ch\/c\/fr-ch\/#organization\"},\"image\":{\"@id\":\"https:\/\/www.jobcloud.ch\/c\/fr-ch\/blog\/2020\/12\/votre-entreprise-est-elle-prete-a-relever-les-defis-actuels-poses-par-la-crise-du-coronavirus\/#primaryimage\"},\"thumbnailUrl\":\"https:\/\/www.jobcloud.ch\/wp-content\/uploads\/2020\/12\/homeoffice-2-pager-1.jpg\",\"keywords\":[\"Covid-19\",\"crise du covid\",\"t\u00e9l\u00e9trvail\"],\"articleSection\":[\"Actualit\u00e9s du march\u00e9\"],\"inLanguage\":\"fr-CH\",\"potentialAction\":[{\"@type\":\"CommentAction\",\"name\":\"Comment\",\"target\":[\"https:\/\/www.jobcloud.ch\/c\/fr-ch\/blog\/2020\/12\/votre-entreprise-est-elle-prete-a-relever-les-defis-actuels-poses-par-la-crise-du-coronavirus\/#respond\"]}]},{\"@type\":\"WebPage\",\"@id\":\"https:\/\/www.jobcloud.ch\/c\/fr-ch\/blog\/2020\/12\/votre-entreprise-est-elle-prete-a-relever-les-defis-actuels-poses-par-la-crise-du-coronavirus\/\",\"url\":\"https:\/\/www.jobcloud.ch\/c\/fr-ch\/blog\/2020\/12\/votre-entreprise-est-elle-prete-a-relever-les-defis-actuels-poses-par-la-crise-du-coronavirus\/\",\"name\":\"Votre entreprise est-elle pr\u00eate \u00e0 relever les d\u00e9fis actuels pos\u00e9s par la crise du coronavirus ? | JobCloud\",\"isPartOf\":{\"@id\":\"https:\/\/www.jobcloud.ch\/c\/fr-ch\/#website\"},\"primaryImageOfPage\":{\"@id\":\"https:\/\/www.jobcloud.ch\/c\/fr-ch\/blog\/2020\/12\/votre-entreprise-est-elle-prete-a-relever-les-defis-actuels-poses-par-la-crise-du-coronavirus\/#primaryimage\"},\"image\":{\"@id\":\"https:\/\/www.jobcloud.ch\/c\/fr-ch\/blog\/2020\/12\/votre-entreprise-est-elle-prete-a-relever-les-defis-actuels-poses-par-la-crise-du-coronavirus\/#primaryimage\"},\"thumbnailUrl\":\"https:\/\/www.jobcloud.ch\/wp-content\/uploads\/2020\/12\/homeoffice-2-pager-1.jpg\",\"datePublished\":\"2020-12-10T14:18:49+00:00\",\"dateModified\":\"2020-12-10T14:28:51+00:00\",\"description\":\"Voici quelques conseils adress\u00e9s aux employeurs pour leur permettre de relever les nouveaux d\u00e9fis concernant les recrutements et le travail flexible.\",\"inLanguage\":\"fr-CH\",\"potentialAction\":[{\"@type\":\"ReadAction\",\"target\":[\"https:\/\/www.jobcloud.ch\/c\/fr-ch\/blog\/2020\/12\/votre-entreprise-est-elle-prete-a-relever-les-defis-actuels-poses-par-la-crise-du-coronavirus\/\"]}]},{\"@type\":\"ImageObject\",\"inLanguage\":\"fr-CH\",\"@id\":\"https:\/\/www.jobcloud.ch\/c\/fr-ch\/blog\/2020\/12\/votre-entreprise-est-elle-prete-a-relever-les-defis-actuels-poses-par-la-crise-du-coronavirus\/#primaryimage\",\"url\":\"https:\/\/www.jobcloud.ch\/wp-content\/uploads\/2020\/12\/homeoffice-2-pager-1.jpg\",\"contentUrl\":\"https:\/\/www.jobcloud.ch\/wp-content\/uploads\/2020\/12\/homeoffice-2-pager-1.jpg\",\"width\":998,\"height\":478,\"caption\":\"Modern young man working remotely from home.\"},{\"@type\":\"WebSite\",\"@id\":\"https:\/\/www.jobcloud.ch\/c\/fr-ch\/#website\",\"url\":\"https:\/\/www.jobcloud.ch\/c\/fr-ch\/\",\"name\":\"JobCloud\",\"description\":\"JobCloud is the leading job portal for jobseekers in Switzerland\",\"publisher\":{\"@id\":\"https:\/\/www.jobcloud.ch\/c\/fr-ch\/#organization\"},\"potentialAction\":[{\"@type\":\"SearchAction\",\"target\":{\"@type\":\"EntryPoint\",\"urlTemplate\":\"https:\/\/www.jobcloud.ch\/c\/fr-ch\/?s={search_term_string}\"},\"query-input\":{\"@type\":\"PropertyValueSpecification\",\"valueRequired\":true,\"valueName\":\"search_term_string\"}}],\"inLanguage\":\"fr-CH\"},{\"@type\":\"Organization\",\"@id\":\"https:\/\/www.jobcloud.ch\/c\/fr-ch\/#organization\",\"name\":\"JobCloud\",\"url\":\"https:\/\/www.jobcloud.ch\/c\/fr-ch\/\",\"logo\":{\"@type\":\"ImageObject\",\"inLanguage\":\"fr-CH\",\"@id\":\"https:\/\/www.jobcloud.ch\/c\/fr-ch\/#\/schema\/logo\/image\/\",\"url\":\"https:\/\/www.jobcloud.ch\/wp-content\/uploads\/2020\/02\/jobcloude-logo.svg\",\"contentUrl\":\"https:\/\/www.jobcloud.ch\/wp-content\/uploads\/2020\/02\/jobcloude-logo.svg\",\"width\":160,\"height\":37,\"caption\":\"JobCloud\"},\"image\":{\"@id\":\"https:\/\/www.jobcloud.ch\/c\/fr-ch\/#\/schema\/logo\/image\/\"}},{\"@type\":\"Person\",\"@id\":\"https:\/\/www.jobcloud.ch\/c\/fr-ch\/#\/schema\/person\/1f8af37d814987189cbef1b058a084a4\",\"name\":\"Mathias Steger\",\"image\":{\"@type\":\"ImageObject\",\"inLanguage\":\"fr-CH\",\"@id\":\"https:\/\/www.jobcloud.ch\/wp-content\/uploads\/2021\/01\/Mathias-Steger_avatar-96x96.png\",\"url\":\"https:\/\/www.jobcloud.ch\/wp-content\/uploads\/2021\/01\/Mathias-Steger_avatar-96x96.png\",\"contentUrl\":\"https:\/\/www.jobcloud.ch\/wp-content\/uploads\/2021\/01\/Mathias-Steger_avatar-96x96.png\",\"caption\":\"Mathias Steger\"},\"sameAs\":[\"https:\/\/www.linkedin.com\/in\/mathias-steger-52164a11b?\"],\"url\":\"https:\/\/www.jobcloud.ch\/c\/fr-ch\/blog\/author\/msteger\/\"}]}<\/script>\n<!-- \/ Yoast SEO plugin. -->","yoast_head_json":{"title":"Votre entreprise est-elle pr\u00eate \u00e0 relever les d\u00e9fis actuels pos\u00e9s par la crise du coronavirus ? | JobCloud","description":"Voici quelques conseils adress\u00e9s aux employeurs pour leur permettre de relever les nouveaux d\u00e9fis concernant les recrutements et le travail flexible.","robots":{"index":"index","follow":"follow","max-snippet":"max-snippet:-1","max-image-preview":"max-image-preview:large","max-video-preview":"max-video-preview:-1"},"canonical":"https:\/\/www.jobcloud.ch\/c\/fr-ch\/blog\/2020\/12\/votre-entreprise-est-elle-prete-a-relever-les-defis-actuels-poses-par-la-crise-du-coronavirus\/","og_locale":"fr_FR","og_type":"article","og_title":"Votre entreprise est-elle pr\u00eate \u00e0 relever les d\u00e9fis actuels pos\u00e9s par la crise du coronavirus ? | JobCloud","og_description":"Voici quelques conseils adress\u00e9s aux employeurs pour leur permettre de relever les nouveaux d\u00e9fis concernant les recrutements et le travail flexible.","og_url":"https:\/\/www.jobcloud.ch\/c\/fr-ch\/blog\/2020\/12\/votre-entreprise-est-elle-prete-a-relever-les-defis-actuels-poses-par-la-crise-du-coronavirus\/","og_site_name":"JobCloud","article_published_time":"2020-12-10T14:18:49+00:00","article_modified_time":"2020-12-10T14:28:51+00:00","og_image":[{"width":998,"height":478,"url":"https:\/\/www.jobcloud.ch\/wp-content\/uploads\/2020\/12\/homeoffice-2-pager-1.jpg","type":"image\/jpeg"}],"author":"Mathias Steger","twitter_card":"summary_large_image","twitter_misc":{"Written by":"Mathias Steger"},"schema":{"@context":"https:\/\/schema.org","@graph":[{"@type":"Article","@id":"https:\/\/www.jobcloud.ch\/c\/fr-ch\/blog\/2020\/12\/votre-entreprise-est-elle-prete-a-relever-les-defis-actuels-poses-par-la-crise-du-coronavirus\/#article","isPartOf":{"@id":"https:\/\/www.jobcloud.ch\/c\/fr-ch\/blog\/2020\/12\/votre-entreprise-est-elle-prete-a-relever-les-defis-actuels-poses-par-la-crise-du-coronavirus\/"},"author":{"name":"Mathias Steger","@id":"https:\/\/www.jobcloud.ch\/c\/fr-ch\/#\/schema\/person\/1f8af37d814987189cbef1b058a084a4"},"headline":"Votre entreprise est-elle pr\u00eate \u00e0 relever les d\u00e9fis actuels pos\u00e9s par la crise du coronavirus ?","datePublished":"2020-12-10T14:18:49+00:00","dateModified":"2020-12-10T14:28:51+00:00","mainEntityOfPage":{"@id":"https:\/\/www.jobcloud.ch\/c\/fr-ch\/blog\/2020\/12\/votre-entreprise-est-elle-prete-a-relever-les-defis-actuels-poses-par-la-crise-du-coronavirus\/"},"wordCount":17,"commentCount":0,"publisher":{"@id":"https:\/\/www.jobcloud.ch\/c\/fr-ch\/#organization"},"image":{"@id":"https:\/\/www.jobcloud.ch\/c\/fr-ch\/blog\/2020\/12\/votre-entreprise-est-elle-prete-a-relever-les-defis-actuels-poses-par-la-crise-du-coronavirus\/#primaryimage"},"thumbnailUrl":"https:\/\/www.jobcloud.ch\/wp-content\/uploads\/2020\/12\/homeoffice-2-pager-1.jpg","keywords":["Covid-19","crise du covid","t\u00e9l\u00e9trvail"],"articleSection":["Actualit\u00e9s du march\u00e9"],"inLanguage":"fr-CH","potentialAction":[{"@type":"CommentAction","name":"Comment","target":["https:\/\/www.jobcloud.ch\/c\/fr-ch\/blog\/2020\/12\/votre-entreprise-est-elle-prete-a-relever-les-defis-actuels-poses-par-la-crise-du-coronavirus\/#respond"]}]},{"@type":"WebPage","@id":"https:\/\/www.jobcloud.ch\/c\/fr-ch\/blog\/2020\/12\/votre-entreprise-est-elle-prete-a-relever-les-defis-actuels-poses-par-la-crise-du-coronavirus\/","url":"https:\/\/www.jobcloud.ch\/c\/fr-ch\/blog\/2020\/12\/votre-entreprise-est-elle-prete-a-relever-les-defis-actuels-poses-par-la-crise-du-coronavirus\/","name":"Votre entreprise est-elle pr\u00eate \u00e0 relever les d\u00e9fis actuels pos\u00e9s par la crise du coronavirus ? | JobCloud","isPartOf":{"@id":"https:\/\/www.jobcloud.ch\/c\/fr-ch\/#website"},"primaryImageOfPage":{"@id":"https:\/\/www.jobcloud.ch\/c\/fr-ch\/blog\/2020\/12\/votre-entreprise-est-elle-prete-a-relever-les-defis-actuels-poses-par-la-crise-du-coronavirus\/#primaryimage"},"image":{"@id":"https:\/\/www.jobcloud.ch\/c\/fr-ch\/blog\/2020\/12\/votre-entreprise-est-elle-prete-a-relever-les-defis-actuels-poses-par-la-crise-du-coronavirus\/#primaryimage"},"thumbnailUrl":"https:\/\/www.jobcloud.ch\/wp-content\/uploads\/2020\/12\/homeoffice-2-pager-1.jpg","datePublished":"2020-12-10T14:18:49+00:00","dateModified":"2020-12-10T14:28:51+00:00","description":"Voici quelques conseils adress\u00e9s aux employeurs pour leur permettre de relever les nouveaux d\u00e9fis concernant les recrutements et le travail flexible.","inLanguage":"fr-CH","potentialAction":[{"@type":"ReadAction","target":["https:\/\/www.jobcloud.ch\/c\/fr-ch\/blog\/2020\/12\/votre-entreprise-est-elle-prete-a-relever-les-defis-actuels-poses-par-la-crise-du-coronavirus\/"]}]},{"@type":"ImageObject","inLanguage":"fr-CH","@id":"https:\/\/www.jobcloud.ch\/c\/fr-ch\/blog\/2020\/12\/votre-entreprise-est-elle-prete-a-relever-les-defis-actuels-poses-par-la-crise-du-coronavirus\/#primaryimage","url":"https:\/\/www.jobcloud.ch\/wp-content\/uploads\/2020\/12\/homeoffice-2-pager-1.jpg","contentUrl":"https:\/\/www.jobcloud.ch\/wp-content\/uploads\/2020\/12\/homeoffice-2-pager-1.jpg","width":998,"height":478,"caption":"Modern young man working remotely from home."},{"@type":"WebSite","@id":"https:\/\/www.jobcloud.ch\/c\/fr-ch\/#website","url":"https:\/\/www.jobcloud.ch\/c\/fr-ch\/","name":"JobCloud","description":"JobCloud is the leading job portal for jobseekers in Switzerland","publisher":{"@id":"https:\/\/www.jobcloud.ch\/c\/fr-ch\/#organization"},"potentialAction":[{"@type":"SearchAction","target":{"@type":"EntryPoint","urlTemplate":"https:\/\/www.jobcloud.ch\/c\/fr-ch\/?s={search_term_string}"},"query-input":{"@type":"PropertyValueSpecification","valueRequired":true,"valueName":"search_term_string"}}],"inLanguage":"fr-CH"},{"@type":"Organization","@id":"https:\/\/www.jobcloud.ch\/c\/fr-ch\/#organization","name":"JobCloud","url":"https:\/\/www.jobcloud.ch\/c\/fr-ch\/","logo":{"@type":"ImageObject","inLanguage":"fr-CH","@id":"https:\/\/www.jobcloud.ch\/c\/fr-ch\/#\/schema\/logo\/image\/","url":"https:\/\/www.jobcloud.ch\/wp-content\/uploads\/2020\/02\/jobcloude-logo.svg","contentUrl":"https:\/\/www.jobcloud.ch\/wp-content\/uploads\/2020\/02\/jobcloude-logo.svg","width":160,"height":37,"caption":"JobCloud"},"image":{"@id":"https:\/\/www.jobcloud.ch\/c\/fr-ch\/#\/schema\/logo\/image\/"}},{"@type":"Person","@id":"https:\/\/www.jobcloud.ch\/c\/fr-ch\/#\/schema\/person\/1f8af37d814987189cbef1b058a084a4","name":"Mathias Steger","image":{"@type":"ImageObject","inLanguage":"fr-CH","@id":"https:\/\/www.jobcloud.ch\/wp-content\/uploads\/2021\/01\/Mathias-Steger_avatar-96x96.png","url":"https:\/\/www.jobcloud.ch\/wp-content\/uploads\/2021\/01\/Mathias-Steger_avatar-96x96.png","contentUrl":"https:\/\/www.jobcloud.ch\/wp-content\/uploads\/2021\/01\/Mathias-Steger_avatar-96x96.png","caption":"Mathias Steger"},"sameAs":["https:\/\/www.linkedin.com\/in\/mathias-steger-52164a11b?"],"url":"https:\/\/www.jobcloud.ch\/c\/fr-ch\/blog\/author\/msteger\/"}]}},"_links":{"self":[{"href":"https:\/\/www.jobcloud.ch\/c\/fr-ch\/wp-json\/wp\/v2\/posts\/33759","targetHints":{"allow":["GET"]}}],"collection":[{"href":"https:\/\/www.jobcloud.ch\/c\/fr-ch\/wp-json\/wp\/v2\/posts"}],"about":[{"href":"https:\/\/www.jobcloud.ch\/c\/fr-ch\/wp-json\/wp\/v2\/types\/post"}],"author":[{"embeddable":true,"href":"https:\/\/www.jobcloud.ch\/c\/fr-ch\/wp-json\/wp\/v2\/users\/27"}],"replies":[{"embeddable":true,"href":"https:\/\/www.jobcloud.ch\/c\/fr-ch\/wp-json\/wp\/v2\/comments?post=33759"}],"version-history":[{"count":0,"href":"https:\/\/www.jobcloud.ch\/c\/fr-ch\/wp-json\/wp\/v2\/posts\/33759\/revisions"}],"wp:featuredmedia":[{"embeddable":true,"href":"https:\/\/www.jobcloud.ch\/c\/fr-ch\/wp-json\/wp\/v2\/media\/33760"}],"wp:attachment":[{"href":"https:\/\/www.jobcloud.ch\/c\/fr-ch\/wp-json\/wp\/v2\/media?parent=33759"}],"wp:term":[{"taxonomy":"category","embeddable":true,"href":"https:\/\/www.jobcloud.ch\/c\/fr-ch\/wp-json\/wp\/v2\/categories?post=33759"},{"taxonomy":"post_tag","embeddable":true,"href":"https:\/\/www.jobcloud.ch\/c\/fr-ch\/wp-json\/wp\/v2\/tags?post=33759"}],"curies":[{"name":"wp","href":"https:\/\/api.w.org\/{rel}","templated":true}]}}