     {"id":31051,"date":"2019-10-17T08:00:23","date_gmt":"2019-10-17T06:00:23","guid":{"rendered":"https:\/\/www.jobcloud.ch\/c\/fr-ch\/?p=21360"},"modified":"2019-10-17T08:00:23","modified_gmt":"2019-10-17T06:00:23","slug":"face-aux-erreurs-comment-reagir","status":"publish","type":"post","link":"https:\/\/www.jobcloud.ch\/c\/fr-ch\/blog\/2019\/10\/face-aux-erreurs-comment-reagir\/","title":{"rendered":"Face aux erreurs, comment r\u00e9agir?"},"content":{"rendered":"","protected":false},"excerpt":{"rendered":"","protected":false},"author":42,"featured_media":21805,"comment_status":"open","ping_status":"closed","sticky":false,"template":"","format":"standard","meta":{"_acf_changed":false,"inline_featured_image":false,"footnotes":""},"categories":[1708],"tags":[2163,2164,2165,2166,2167,2042],"class_list":["post-31051","post","type-post","status-publish","format-standard","has-post-thumbnail","hentry","category-actualites-du-marche","tag-erreurs","tag-isabelle-flouck","tag-liip","tag-mehdi-guessous","tag-tolerance","tag-transparence"],"acf":[],"yoast_head":"<!-- This site is optimized with the Yoast SEO plugin v27.2 - https:\/\/yoast.com\/product\/yoast-seo-wordpress\/ -->\n<title>Face aux erreurs, comment r\u00e9agir? | JobCloud<\/title>\n<meta name=\"description\" content=\"Alors que la cr\u00e9ativit\u00e9 joue un r\u00f4le toujours plus important dans le monde du travail, le droit de se tromper constitue un \u00e9l\u00e9ment cl\u00e9.\" \/>\n<meta name=\"robots\" content=\"index, follow, max-snippet:-1, max-image-preview:large, max-video-preview:-1\" \/>\n<link rel=\"canonical\" href=\"https:\/\/www.bilan.ch\/entreprises1\/face_aux_erreurs_comment_reagir_\/\" \/>\n<meta property=\"og:locale\" content=\"fr_FR\" \/>\n<meta property=\"og:type\" content=\"article\" \/>\n<meta property=\"og:title\" content=\"Face aux erreurs, comment r\u00e9agir? | JobCloud\" \/>\n<meta property=\"og:description\" content=\"Alors que la cr\u00e9ativit\u00e9 joue un r\u00f4le toujours plus important dans le monde du travail, le droit de se tromper constitue un \u00e9l\u00e9ment cl\u00e9.\" \/>\n<meta property=\"og:url\" content=\"https:\/\/www.bilan.ch\/entreprises1\/face_aux_erreurs_comment_reagir_\" \/>\n<meta property=\"og:site_name\" content=\"JobCloud\" \/>\n<meta property=\"article:author\" content=\"https:\/\/www.facebook.com\/MagazineBilan\/\" \/>\n<meta property=\"article:published_time\" content=\"2019-10-17T06:00:23+00:00\" \/>\n<meta property=\"og:image\" content=\"https:\/\/www.jobcloud.ch\/wp-content\/uploads\/2019\/10\/capture-decran-2019-10-04-a-16-07-07-e1570198090897-1.jpg\" \/>\n\t<meta property=\"og:image:width\" content=\"950\" \/>\n\t<meta property=\"og:image:height\" content=\"516\" \/>\n\t<meta property=\"og:image:type\" content=\"image\/jpeg\" \/>\n<meta name=\"author\" content=\"Bilan\" \/>\n<meta name=\"twitter:card\" content=\"summary_large_image\" \/>\n<meta name=\"twitter:label1\" content=\"Written by\" \/>\n\t<meta name=\"twitter:data1\" content=\"Bilan\" \/>\n<script type=\"application\/ld+json\" class=\"yoast-schema-graph\">{\"@context\":\"https:\/\/schema.org\",\"@graph\":[{\"@type\":\"Article\",\"@id\":\"https:\/\/www.bilan.ch\/entreprises1\/face_aux_erreurs_comment_reagir_#article\",\"isPartOf\":{\"@id\":\"https:\/\/www.jobcloud.ch\/c\/fr-ch\/blog\/2019\/10\/face-aux-erreurs-comment-reagir\/\"},\"author\":{\"name\":\"Bilan\",\"@id\":\"https:\/\/www.jobcloud.ch\/c\/fr-ch\/#\/schema\/person\/c88cbc558d65637c50616b9e94174a3b\"},\"headline\":\"Face aux erreurs, comment r\u00e9agir?\",\"datePublished\":\"2019-10-17T06:00:23+00:00\",\"mainEntityOfPage\":{\"@id\":\"https:\/\/www.jobcloud.ch\/c\/fr-ch\/blog\/2019\/10\/face-aux-erreurs-comment-reagir\/\"},\"wordCount\":6,\"commentCount\":0,\"publisher\":{\"@id\":\"https:\/\/www.jobcloud.ch\/c\/fr-ch\/#organization\"},\"image\":{\"@id\":\"https:\/\/www.bilan.ch\/entreprises1\/face_aux_erreurs_comment_reagir_#primaryimage\"},\"thumbnailUrl\":\"https:\/\/www.jobcloud.ch\/wp-content\/uploads\/2019\/10\/capture-decran-2019-10-04-a-16-07-07-e1570198090897-1.jpg\",\"keywords\":[\"erreurs\",\"Isabelle Flouck\",\"Liip\",\"Mehdi Guessous\",\"tolerance\",\"transparence\"],\"articleSection\":[\"Actualit\u00e9s du march\u00e9\"],\"inLanguage\":\"fr-CH\",\"potentialAction\":[{\"@type\":\"CommentAction\",\"name\":\"Comment\",\"target\":[\"https:\/\/www.bilan.ch\/entreprises1\/face_aux_erreurs_comment_reagir_#respond\"]}]},{\"@type\":\"WebPage\",\"@id\":\"https:\/\/www.jobcloud.ch\/c\/fr-ch\/blog\/2019\/10\/face-aux-erreurs-comment-reagir\/\",\"url\":\"https:\/\/www.bilan.ch\/entreprises1\/face_aux_erreurs_comment_reagir_\",\"name\":\"Face aux erreurs, comment r\u00e9agir? | JobCloud\",\"isPartOf\":{\"@id\":\"https:\/\/www.jobcloud.ch\/c\/fr-ch\/#website\"},\"primaryImageOfPage\":{\"@id\":\"https:\/\/www.bilan.ch\/entreprises1\/face_aux_erreurs_comment_reagir_#primaryimage\"},\"image\":{\"@id\":\"https:\/\/www.bilan.ch\/entreprises1\/face_aux_erreurs_comment_reagir_#primaryimage\"},\"thumbnailUrl\":\"https:\/\/www.jobcloud.ch\/wp-content\/uploads\/2019\/10\/capture-decran-2019-10-04-a-16-07-07-e1570198090897-1.jpg\",\"datePublished\":\"2019-10-17T06:00:23+00:00\",\"description\":\"Alors que la cr\u00e9ativit\u00e9 joue un r\u00f4le toujours plus important dans le monde du travail, le droit de se tromper constitue un \u00e9l\u00e9ment cl\u00e9.\",\"inLanguage\":\"fr-CH\",\"potentialAction\":[{\"@type\":\"ReadAction\",\"target\":[\"https:\/\/www.bilan.ch\/entreprises1\/face_aux_erreurs_comment_reagir_\"]}]},{\"@type\":\"ImageObject\",\"inLanguage\":\"fr-CH\",\"@id\":\"https:\/\/www.bilan.ch\/entreprises1\/face_aux_erreurs_comment_reagir_#primaryimage\",\"url\":\"https:\/\/www.jobcloud.ch\/wp-content\/uploads\/2019\/10\/capture-decran-2019-10-04-a-16-07-07-e1570198090897-1.jpg\",\"contentUrl\":\"https:\/\/www.jobcloud.ch\/wp-content\/uploads\/2019\/10\/capture-decran-2019-10-04-a-16-07-07-e1570198090897-1.jpg\",\"width\":950,\"height\":516,\"caption\":\"erreurs au travail\"},{\"@type\":\"WebSite\",\"@id\":\"https:\/\/www.jobcloud.ch\/c\/fr-ch\/#website\",\"url\":\"https:\/\/www.jobcloud.ch\/c\/fr-ch\/\",\"name\":\"JobCloud\",\"description\":\"JobCloud is the leading job portal for jobseekers in Switzerland\",\"publisher\":{\"@id\":\"https:\/\/www.jobcloud.ch\/c\/fr-ch\/#organization\"},\"potentialAction\":[{\"@type\":\"SearchAction\",\"target\":{\"@type\":\"EntryPoint\",\"urlTemplate\":\"https:\/\/www.jobcloud.ch\/c\/fr-ch\/?s={search_term_string}\"},\"query-input\":{\"@type\":\"PropertyValueSpecification\",\"valueRequired\":true,\"valueName\":\"search_term_string\"}}],\"inLanguage\":\"fr-CH\"},{\"@type\":\"Organization\",\"@id\":\"https:\/\/www.jobcloud.ch\/c\/fr-ch\/#organization\",\"name\":\"JobCloud\",\"url\":\"https:\/\/www.jobcloud.ch\/c\/fr-ch\/\",\"logo\":{\"@type\":\"ImageObject\",\"inLanguage\":\"fr-CH\",\"@id\":\"https:\/\/www.jobcloud.ch\/c\/fr-ch\/#\/schema\/logo\/image\/\",\"url\":\"https:\/\/www.jobcloud.ch\/wp-content\/uploads\/2020\/02\/jobcloude-logo.svg\",\"contentUrl\":\"https:\/\/www.jobcloud.ch\/wp-content\/uploads\/2020\/02\/jobcloude-logo.svg\",\"width\":160,\"height\":37,\"caption\":\"JobCloud\"},\"image\":{\"@id\":\"https:\/\/www.jobcloud.ch\/c\/fr-ch\/#\/schema\/logo\/image\/\"}},{\"@type\":\"Person\",\"@id\":\"https:\/\/www.jobcloud.ch\/c\/fr-ch\/#\/schema\/person\/c88cbc558d65637c50616b9e94174a3b\",\"name\":\"Bilan\",\"image\":{\"@type\":\"ImageObject\",\"inLanguage\":\"fr-CH\",\"@id\":\"https:\/\/www.jobcloud.ch\/wp-content\/uploads\/2021\/01\/Bilan_avatar-96x96.png\",\"url\":\"https:\/\/www.jobcloud.ch\/wp-content\/uploads\/2021\/01\/Bilan_avatar-96x96.png\",\"contentUrl\":\"https:\/\/www.jobcloud.ch\/wp-content\/uploads\/2021\/01\/Bilan_avatar-96x96.png\",\"caption\":\"Bilan\"},\"sameAs\":[\"https:\/\/www.bilan.ch\/\",\"https:\/\/www.facebook.com\/MagazineBilan\/\",\"https:\/\/www.linkedin.com\/company\/bilan\/\",\"https:\/\/www.youtube.com\/user\/TVBilan\"],\"url\":\"https:\/\/www.jobcloud.ch\/c\/fr-ch\/blog\/author\/bilan\/\"}]}<\/script>\n<!-- \/ Yoast SEO plugin. -->","yoast_head_json":{"title":"Face aux erreurs, comment r\u00e9agir? | JobCloud","description":"Alors que la cr\u00e9ativit\u00e9 joue un r\u00f4le toujours plus important dans le monde du travail, le droit de se tromper constitue un \u00e9l\u00e9ment cl\u00e9.","robots":{"index":"index","follow":"follow","max-snippet":"max-snippet:-1","max-image-preview":"max-image-preview:large","max-video-preview":"max-video-preview:-1"},"canonical":"https:\/\/www.bilan.ch\/entreprises1\/face_aux_erreurs_comment_reagir_\/","og_locale":"fr_FR","og_type":"article","og_title":"Face aux erreurs, comment r\u00e9agir? | JobCloud","og_description":"Alors que la cr\u00e9ativit\u00e9 joue un r\u00f4le toujours plus important dans le monde du travail, le droit de se tromper constitue un \u00e9l\u00e9ment cl\u00e9.","og_url":"https:\/\/www.bilan.ch\/entreprises1\/face_aux_erreurs_comment_reagir_","og_site_name":"JobCloud","article_author":"https:\/\/www.facebook.com\/MagazineBilan\/","article_published_time":"2019-10-17T06:00:23+00:00","og_image":[{"width":950,"height":516,"url":"https:\/\/www.jobcloud.ch\/wp-content\/uploads\/2019\/10\/capture-decran-2019-10-04-a-16-07-07-e1570198090897-1.jpg","type":"image\/jpeg"}],"author":"Bilan","twitter_card":"summary_large_image","twitter_misc":{"Written by":"Bilan"},"schema":{"@context":"https:\/\/schema.org","@graph":[{"@type":"Article","@id":"https:\/\/www.bilan.ch\/entreprises1\/face_aux_erreurs_comment_reagir_#article","isPartOf":{"@id":"https:\/\/www.jobcloud.ch\/c\/fr-ch\/blog\/2019\/10\/face-aux-erreurs-comment-reagir\/"},"author":{"name":"Bilan","@id":"https:\/\/www.jobcloud.ch\/c\/fr-ch\/#\/schema\/person\/c88cbc558d65637c50616b9e94174a3b"},"headline":"Face aux erreurs, comment r\u00e9agir?","datePublished":"2019-10-17T06:00:23+00:00","mainEntityOfPage":{"@id":"https:\/\/www.jobcloud.ch\/c\/fr-ch\/blog\/2019\/10\/face-aux-erreurs-comment-reagir\/"},"wordCount":6,"commentCount":0,"publisher":{"@id":"https:\/\/www.jobcloud.ch\/c\/fr-ch\/#organization"},"image":{"@id":"https:\/\/www.bilan.ch\/entreprises1\/face_aux_erreurs_comment_reagir_#primaryimage"},"thumbnailUrl":"https:\/\/www.jobcloud.ch\/wp-content\/uploads\/2019\/10\/capture-decran-2019-10-04-a-16-07-07-e1570198090897-1.jpg","keywords":["erreurs","Isabelle Flouck","Liip","Mehdi Guessous","tolerance","transparence"],"articleSection":["Actualit\u00e9s du march\u00e9"],"inLanguage":"fr-CH","potentialAction":[{"@type":"CommentAction","name":"Comment","target":["https:\/\/www.bilan.ch\/entreprises1\/face_aux_erreurs_comment_reagir_#respond"]}]},{"@type":"WebPage","@id":"https:\/\/www.jobcloud.ch\/c\/fr-ch\/blog\/2019\/10\/face-aux-erreurs-comment-reagir\/","url":"https:\/\/www.bilan.ch\/entreprises1\/face_aux_erreurs_comment_reagir_","name":"Face aux erreurs, comment r\u00e9agir? | JobCloud","isPartOf":{"@id":"https:\/\/www.jobcloud.ch\/c\/fr-ch\/#website"},"primaryImageOfPage":{"@id":"https:\/\/www.bilan.ch\/entreprises1\/face_aux_erreurs_comment_reagir_#primaryimage"},"image":{"@id":"https:\/\/www.bilan.ch\/entreprises1\/face_aux_erreurs_comment_reagir_#primaryimage"},"thumbnailUrl":"https:\/\/www.jobcloud.ch\/wp-content\/uploads\/2019\/10\/capture-decran-2019-10-04-a-16-07-07-e1570198090897-1.jpg","datePublished":"2019-10-17T06:00:23+00:00","description":"Alors que la cr\u00e9ativit\u00e9 joue un r\u00f4le toujours plus important dans le monde du travail, le droit de se tromper constitue un \u00e9l\u00e9ment cl\u00e9.","inLanguage":"fr-CH","potentialAction":[{"@type":"ReadAction","target":["https:\/\/www.bilan.ch\/entreprises1\/face_aux_erreurs_comment_reagir_"]}]},{"@type":"ImageObject","inLanguage":"fr-CH","@id":"https:\/\/www.bilan.ch\/entreprises1\/face_aux_erreurs_comment_reagir_#primaryimage","url":"https:\/\/www.jobcloud.ch\/wp-content\/uploads\/2019\/10\/capture-decran-2019-10-04-a-16-07-07-e1570198090897-1.jpg","contentUrl":"https:\/\/www.jobcloud.ch\/wp-content\/uploads\/2019\/10\/capture-decran-2019-10-04-a-16-07-07-e1570198090897-1.jpg","width":950,"height":516,"caption":"erreurs au travail"},{"@type":"WebSite","@id":"https:\/\/www.jobcloud.ch\/c\/fr-ch\/#website","url":"https:\/\/www.jobcloud.ch\/c\/fr-ch\/","name":"JobCloud","description":"JobCloud is the leading job portal for jobseekers in Switzerland","publisher":{"@id":"https:\/\/www.jobcloud.ch\/c\/fr-ch\/#organization"},"potentialAction":[{"@type":"SearchAction","target":{"@type":"EntryPoint","urlTemplate":"https:\/\/www.jobcloud.ch\/c\/fr-ch\/?s={search_term_string}"},"query-input":{"@type":"PropertyValueSpecification","valueRequired":true,"valueName":"search_term_string"}}],"inLanguage":"fr-CH"},{"@type":"Organization","@id":"https:\/\/www.jobcloud.ch\/c\/fr-ch\/#organization","name":"JobCloud","url":"https:\/\/www.jobcloud.ch\/c\/fr-ch\/","logo":{"@type":"ImageObject","inLanguage":"fr-CH","@id":"https:\/\/www.jobcloud.ch\/c\/fr-ch\/#\/schema\/logo\/image\/","url":"https:\/\/www.jobcloud.ch\/wp-content\/uploads\/2020\/02\/jobcloude-logo.svg","contentUrl":"https:\/\/www.jobcloud.ch\/wp-content\/uploads\/2020\/02\/jobcloude-logo.svg","width":160,"height":37,"caption":"JobCloud"},"image":{"@id":"https:\/\/www.jobcloud.ch\/c\/fr-ch\/#\/schema\/logo\/image\/"}},{"@type":"Person","@id":"https:\/\/www.jobcloud.ch\/c\/fr-ch\/#\/schema\/person\/c88cbc558d65637c50616b9e94174a3b","name":"Bilan","image":{"@type":"ImageObject","inLanguage":"fr-CH","@id":"https:\/\/www.jobcloud.ch\/wp-content\/uploads\/2021\/01\/Bilan_avatar-96x96.png","url":"https:\/\/www.jobcloud.ch\/wp-content\/uploads\/2021\/01\/Bilan_avatar-96x96.png","contentUrl":"https:\/\/www.jobcloud.ch\/wp-content\/uploads\/2021\/01\/Bilan_avatar-96x96.png","caption":"Bilan"},"sameAs":["https:\/\/www.bilan.ch\/","https:\/\/www.facebook.com\/MagazineBilan\/","https:\/\/www.linkedin.com\/company\/bilan\/","https:\/\/www.youtube.com\/user\/TVBilan"],"url":"https:\/\/www.jobcloud.ch\/c\/fr-ch\/blog\/author\/bilan\/"}]}},"_links":{"self":[{"href":"https:\/\/www.jobcloud.ch\/c\/fr-ch\/wp-json\/wp\/v2\/posts\/31051","targetHints":{"allow":["GET"]}}],"collection":[{"href":"https:\/\/www.jobcloud.ch\/c\/fr-ch\/wp-json\/wp\/v2\/posts"}],"about":[{"href":"https:\/\/www.jobcloud.ch\/c\/fr-ch\/wp-json\/wp\/v2\/types\/post"}],"author":[{"embeddable":true,"href":"https:\/\/www.jobcloud.ch\/c\/fr-ch\/wp-json\/wp\/v2\/users\/42"}],"replies":[{"embeddable":true,"href":"https:\/\/www.jobcloud.ch\/c\/fr-ch\/wp-json\/wp\/v2\/comments?post=31051"}],"version-history":[{"count":0,"href":"https:\/\/www.jobcloud.ch\/c\/fr-ch\/wp-json\/wp\/v2\/posts\/31051\/revisions"}],"wp:featuredmedia":[{"embeddable":true,"href":"https:\/\/www.jobcloud.ch\/c\/fr-ch\/wp-json\/wp\/v2\/media\/21805"}],"wp:attachment":[{"href":"https:\/\/www.jobcloud.ch\/c\/fr-ch\/wp-json\/wp\/v2\/media?parent=31051"}],"wp:term":[{"taxonomy":"category","embeddable":true,"href":"https:\/\/www.jobcloud.ch\/c\/fr-ch\/wp-json\/wp\/v2\/categories?post=31051"},{"taxonomy":"post_tag","embeddable":true,"href":"https:\/\/www.jobcloud.ch\/c\/fr-ch\/wp-json\/wp\/v2\/tags?post=31051"}],"curies":[{"name":"wp","href":"https:\/\/api.w.org\/{rel}","templated":true}]}}