     {"id":30969,"date":"2017-12-04T07:00:51","date_gmt":"2017-12-04T05:00:51","guid":{"rendered":"https:\/\/www.jobcloud.ch\/c\/fr-ch\/?p=12479"},"modified":"2017-12-04T07:00:51","modified_gmt":"2017-12-04T05:00:51","slug":"pour-une-autre-vision-des-rh-la-premiere-edition-de-disrupthr-en-suisse","status":"publish","type":"post","link":"https:\/\/www.jobcloud.ch\/c\/fr-ch\/blog\/2017\/12\/pour-une-autre-vision-des-rh-la-premiere-edition-de-disrupthr-en-suisse\/","title":{"rendered":"Pour une autre vision des RH : la premi\u00e8re \u00e9dition de DisruptHR en Suisse"},"content":{"rendered":"","protected":false},"excerpt":{"rendered":"","protected":false},"author":27,"featured_media":29015,"comment_status":"open","ping_status":"closed","sticky":false,"template":"","format":"standard","meta":{"_acf_changed":false,"inline_featured_image":false,"footnotes":""},"categories":[1685],"tags":[1786,941,1687,1924,1925,1693],"class_list":["post-30969","post","type-post","status-publish","format-standard","has-post-thumbnail","hentry","category-nouveautes-jobcloud-ch","tag-conference","tag-disrupthr","tag-evenement","tag-evenement-jobcloud","tag-presentations","tag-rh"],"acf":[],"yoast_head":"<!-- This site is optimized with the Yoast SEO plugin v27.2 - https:\/\/yoast.com\/product\/yoast-seo-wordpress\/ -->\n<title>Pour une autre vision des RH : la premi\u00e8re \u00e9dition de DisruptHR en Suisse | JobCloud<\/title>\n<meta name=\"description\" content=\"Le secteur des RH peut aussi se montrer sympa et rafra\u00eechissant. C\u2019est ce qu\u2019a r\u00e9ussi \u00e0 prouver la premi\u00e8re \u00e9dition de l\u2019\u00e9v\u00e9nement national DisruptHR.\" \/>\n<meta name=\"robots\" content=\"index, follow, max-snippet:-1, max-image-preview:large, max-video-preview:-1\" \/>\n<link rel=\"canonical\" href=\"https:\/\/www.jobcloud.ch\/c\/fr-ch\/blog\/2017\/12\/pour-une-autre-vision-des-rh-la-premiere-edition-de-disrupthr-en-suisse\/\" \/>\n<meta property=\"og:locale\" content=\"fr_FR\" \/>\n<meta property=\"og:type\" content=\"article\" \/>\n<meta property=\"og:title\" content=\"Pour une autre vision des RH : la premi\u00e8re \u00e9dition de DisruptHR en Suisse | JobCloud\" \/>\n<meta property=\"og:description\" content=\"Le secteur des RH peut aussi se montrer sympa et rafra\u00eechissant. C\u2019est ce qu\u2019a r\u00e9ussi \u00e0 prouver la premi\u00e8re \u00e9dition de l\u2019\u00e9v\u00e9nement national DisruptHR.\" \/>\n<meta property=\"og:url\" content=\"https:\/\/www.jobcloud.ch\/c\/fr-ch\/blog\/2017\/12\/pour-une-autre-vision-des-rh-la-premiere-edition-de-disrupthr-en-suisse\/\" \/>\n<meta property=\"og:site_name\" content=\"JobCloud\" \/>\n<meta property=\"article:published_time\" content=\"2017-12-04T05:00:51+00:00\" \/>\n<meta property=\"og:image\" content=\"https:\/\/www.jobcloud.ch\/wp-content\/uploads\/2017\/11\/disrupthr1-2.jpg\" \/>\n\t<meta property=\"og:image:width\" content=\"1025\" \/>\n\t<meta property=\"og:image:height\" content=\"420\" \/>\n\t<meta property=\"og:image:type\" content=\"image\/jpeg\" \/>\n<meta name=\"author\" content=\"Mathias Steger\" \/>\n<meta name=\"twitter:card\" content=\"summary_large_image\" \/>\n<meta name=\"twitter:label1\" content=\"Written by\" \/>\n\t<meta name=\"twitter:data1\" content=\"Mathias Steger\" \/>\n<script type=\"application\/ld+json\" class=\"yoast-schema-graph\">{\"@context\":\"https:\/\/schema.org\",\"@graph\":[{\"@type\":\"Article\",\"@id\":\"https:\/\/www.jobcloud.ch\/c\/fr-ch\/blog\/2017\/12\/pour-une-autre-vision-des-rh-la-premiere-edition-de-disrupthr-en-suisse\/#article\",\"isPartOf\":{\"@id\":\"https:\/\/www.jobcloud.ch\/c\/fr-ch\/blog\/2017\/12\/pour-une-autre-vision-des-rh-la-premiere-edition-de-disrupthr-en-suisse\/\"},\"author\":{\"name\":\"Mathias Steger\",\"@id\":\"https:\/\/www.jobcloud.ch\/c\/fr-ch\/#\/schema\/person\/1f8af37d814987189cbef1b058a084a4\"},\"headline\":\"Pour une autre vision des RH : la premi\u00e8re \u00e9dition de DisruptHR en Suisse\",\"datePublished\":\"2017-12-04T05:00:51+00:00\",\"mainEntityOfPage\":{\"@id\":\"https:\/\/www.jobcloud.ch\/c\/fr-ch\/blog\/2017\/12\/pour-une-autre-vision-des-rh-la-premiere-edition-de-disrupthr-en-suisse\/\"},\"wordCount\":14,\"commentCount\":0,\"publisher\":{\"@id\":\"https:\/\/www.jobcloud.ch\/c\/fr-ch\/#organization\"},\"image\":{\"@id\":\"https:\/\/www.jobcloud.ch\/c\/fr-ch\/blog\/2017\/12\/pour-une-autre-vision-des-rh-la-premiere-edition-de-disrupthr-en-suisse\/#primaryimage\"},\"thumbnailUrl\":\"https:\/\/www.jobcloud.ch\/wp-content\/uploads\/2017\/11\/disrupthr1-2.jpg\",\"keywords\":[\"Conf\u00e9rence\",\"DisruptHR\",\"\u00e9v\u00e9nement\",\"\u00e9v\u00e9nement JobCloud\",\"pr\u00e9sentations\",\"RH\"],\"articleSection\":[\"Nouveaut\u00e9s JobCloud\"],\"inLanguage\":\"fr-CH\",\"potentialAction\":[{\"@type\":\"CommentAction\",\"name\":\"Comment\",\"target\":[\"https:\/\/www.jobcloud.ch\/c\/fr-ch\/blog\/2017\/12\/pour-une-autre-vision-des-rh-la-premiere-edition-de-disrupthr-en-suisse\/#respond\"]}]},{\"@type\":\"WebPage\",\"@id\":\"https:\/\/www.jobcloud.ch\/c\/fr-ch\/blog\/2017\/12\/pour-une-autre-vision-des-rh-la-premiere-edition-de-disrupthr-en-suisse\/\",\"url\":\"https:\/\/www.jobcloud.ch\/c\/fr-ch\/blog\/2017\/12\/pour-une-autre-vision-des-rh-la-premiere-edition-de-disrupthr-en-suisse\/\",\"name\":\"Pour une autre vision des RH : la premi\u00e8re \u00e9dition de DisruptHR en Suisse | JobCloud\",\"isPartOf\":{\"@id\":\"https:\/\/www.jobcloud.ch\/c\/fr-ch\/#website\"},\"primaryImageOfPage\":{\"@id\":\"https:\/\/www.jobcloud.ch\/c\/fr-ch\/blog\/2017\/12\/pour-une-autre-vision-des-rh-la-premiere-edition-de-disrupthr-en-suisse\/#primaryimage\"},\"image\":{\"@id\":\"https:\/\/www.jobcloud.ch\/c\/fr-ch\/blog\/2017\/12\/pour-une-autre-vision-des-rh-la-premiere-edition-de-disrupthr-en-suisse\/#primaryimage\"},\"thumbnailUrl\":\"https:\/\/www.jobcloud.ch\/wp-content\/uploads\/2017\/11\/disrupthr1-2.jpg\",\"datePublished\":\"2017-12-04T05:00:51+00:00\",\"description\":\"Le secteur des RH peut aussi se montrer sympa et rafra\u00eechissant. C\u2019est ce qu\u2019a r\u00e9ussi \u00e0 prouver la premi\u00e8re \u00e9dition de l\u2019\u00e9v\u00e9nement national DisruptHR.\",\"inLanguage\":\"fr-CH\",\"potentialAction\":[{\"@type\":\"ReadAction\",\"target\":[\"https:\/\/www.jobcloud.ch\/c\/fr-ch\/blog\/2017\/12\/pour-une-autre-vision-des-rh-la-premiere-edition-de-disrupthr-en-suisse\/\"]}]},{\"@type\":\"ImageObject\",\"inLanguage\":\"fr-CH\",\"@id\":\"https:\/\/www.jobcloud.ch\/c\/fr-ch\/blog\/2017\/12\/pour-une-autre-vision-des-rh-la-premiere-edition-de-disrupthr-en-suisse\/#primaryimage\",\"url\":\"https:\/\/www.jobcloud.ch\/wp-content\/uploads\/2017\/11\/disrupthr1-2.jpg\",\"contentUrl\":\"https:\/\/www.jobcloud.ch\/wp-content\/uploads\/2017\/11\/disrupthr1-2.jpg\",\"width\":1025,\"height\":420,\"caption\":\"Deux intervenants sur sc\u00e8ne pendant DisruptHR\"},{\"@type\":\"WebSite\",\"@id\":\"https:\/\/www.jobcloud.ch\/c\/fr-ch\/#website\",\"url\":\"https:\/\/www.jobcloud.ch\/c\/fr-ch\/\",\"name\":\"JobCloud\",\"description\":\"JobCloud is the leading job portal for jobseekers in Switzerland\",\"publisher\":{\"@id\":\"https:\/\/www.jobcloud.ch\/c\/fr-ch\/#organization\"},\"potentialAction\":[{\"@type\":\"SearchAction\",\"target\":{\"@type\":\"EntryPoint\",\"urlTemplate\":\"https:\/\/www.jobcloud.ch\/c\/fr-ch\/?s={search_term_string}\"},\"query-input\":{\"@type\":\"PropertyValueSpecification\",\"valueRequired\":true,\"valueName\":\"search_term_string\"}}],\"inLanguage\":\"fr-CH\"},{\"@type\":\"Organization\",\"@id\":\"https:\/\/www.jobcloud.ch\/c\/fr-ch\/#organization\",\"name\":\"JobCloud\",\"url\":\"https:\/\/www.jobcloud.ch\/c\/fr-ch\/\",\"logo\":{\"@type\":\"ImageObject\",\"inLanguage\":\"fr-CH\",\"@id\":\"https:\/\/www.jobcloud.ch\/c\/fr-ch\/#\/schema\/logo\/image\/\",\"url\":\"https:\/\/www.jobcloud.ch\/wp-content\/uploads\/2020\/02\/jobcloude-logo.svg\",\"contentUrl\":\"https:\/\/www.jobcloud.ch\/wp-content\/uploads\/2020\/02\/jobcloude-logo.svg\",\"width\":160,\"height\":37,\"caption\":\"JobCloud\"},\"image\":{\"@id\":\"https:\/\/www.jobcloud.ch\/c\/fr-ch\/#\/schema\/logo\/image\/\"}},{\"@type\":\"Person\",\"@id\":\"https:\/\/www.jobcloud.ch\/c\/fr-ch\/#\/schema\/person\/1f8af37d814987189cbef1b058a084a4\",\"name\":\"Mathias Steger\",\"image\":{\"@type\":\"ImageObject\",\"inLanguage\":\"fr-CH\",\"@id\":\"https:\/\/www.jobcloud.ch\/wp-content\/uploads\/2021\/01\/Mathias-Steger_avatar-96x96.png\",\"url\":\"https:\/\/www.jobcloud.ch\/wp-content\/uploads\/2021\/01\/Mathias-Steger_avatar-96x96.png\",\"contentUrl\":\"https:\/\/www.jobcloud.ch\/wp-content\/uploads\/2021\/01\/Mathias-Steger_avatar-96x96.png\",\"caption\":\"Mathias Steger\"},\"sameAs\":[\"https:\/\/www.linkedin.com\/in\/mathias-steger-52164a11b?\"],\"url\":\"https:\/\/www.jobcloud.ch\/c\/fr-ch\/blog\/author\/msteger\/\"}]}<\/script>\n<!-- \/ Yoast SEO plugin. -->","yoast_head_json":{"title":"Pour une autre vision des RH : la premi\u00e8re \u00e9dition de DisruptHR en Suisse | JobCloud","description":"Le secteur des RH peut aussi se montrer sympa et rafra\u00eechissant. C\u2019est ce qu\u2019a r\u00e9ussi \u00e0 prouver la premi\u00e8re \u00e9dition de l\u2019\u00e9v\u00e9nement national DisruptHR.","robots":{"index":"index","follow":"follow","max-snippet":"max-snippet:-1","max-image-preview":"max-image-preview:large","max-video-preview":"max-video-preview:-1"},"canonical":"https:\/\/www.jobcloud.ch\/c\/fr-ch\/blog\/2017\/12\/pour-une-autre-vision-des-rh-la-premiere-edition-de-disrupthr-en-suisse\/","og_locale":"fr_FR","og_type":"article","og_title":"Pour une autre vision des RH : la premi\u00e8re \u00e9dition de DisruptHR en Suisse | JobCloud","og_description":"Le secteur des RH peut aussi se montrer sympa et rafra\u00eechissant. C\u2019est ce qu\u2019a r\u00e9ussi \u00e0 prouver la premi\u00e8re \u00e9dition de l\u2019\u00e9v\u00e9nement national DisruptHR.","og_url":"https:\/\/www.jobcloud.ch\/c\/fr-ch\/blog\/2017\/12\/pour-une-autre-vision-des-rh-la-premiere-edition-de-disrupthr-en-suisse\/","og_site_name":"JobCloud","article_published_time":"2017-12-04T05:00:51+00:00","og_image":[{"width":1025,"height":420,"url":"https:\/\/www.jobcloud.ch\/wp-content\/uploads\/2017\/11\/disrupthr1-2.jpg","type":"image\/jpeg"}],"author":"Mathias Steger","twitter_card":"summary_large_image","twitter_misc":{"Written by":"Mathias Steger"},"schema":{"@context":"https:\/\/schema.org","@graph":[{"@type":"Article","@id":"https:\/\/www.jobcloud.ch\/c\/fr-ch\/blog\/2017\/12\/pour-une-autre-vision-des-rh-la-premiere-edition-de-disrupthr-en-suisse\/#article","isPartOf":{"@id":"https:\/\/www.jobcloud.ch\/c\/fr-ch\/blog\/2017\/12\/pour-une-autre-vision-des-rh-la-premiere-edition-de-disrupthr-en-suisse\/"},"author":{"name":"Mathias Steger","@id":"https:\/\/www.jobcloud.ch\/c\/fr-ch\/#\/schema\/person\/1f8af37d814987189cbef1b058a084a4"},"headline":"Pour une autre vision des RH : la premi\u00e8re \u00e9dition de DisruptHR en Suisse","datePublished":"2017-12-04T05:00:51+00:00","mainEntityOfPage":{"@id":"https:\/\/www.jobcloud.ch\/c\/fr-ch\/blog\/2017\/12\/pour-une-autre-vision-des-rh-la-premiere-edition-de-disrupthr-en-suisse\/"},"wordCount":14,"commentCount":0,"publisher":{"@id":"https:\/\/www.jobcloud.ch\/c\/fr-ch\/#organization"},"image":{"@id":"https:\/\/www.jobcloud.ch\/c\/fr-ch\/blog\/2017\/12\/pour-une-autre-vision-des-rh-la-premiere-edition-de-disrupthr-en-suisse\/#primaryimage"},"thumbnailUrl":"https:\/\/www.jobcloud.ch\/wp-content\/uploads\/2017\/11\/disrupthr1-2.jpg","keywords":["Conf\u00e9rence","DisruptHR","\u00e9v\u00e9nement","\u00e9v\u00e9nement JobCloud","pr\u00e9sentations","RH"],"articleSection":["Nouveaut\u00e9s JobCloud"],"inLanguage":"fr-CH","potentialAction":[{"@type":"CommentAction","name":"Comment","target":["https:\/\/www.jobcloud.ch\/c\/fr-ch\/blog\/2017\/12\/pour-une-autre-vision-des-rh-la-premiere-edition-de-disrupthr-en-suisse\/#respond"]}]},{"@type":"WebPage","@id":"https:\/\/www.jobcloud.ch\/c\/fr-ch\/blog\/2017\/12\/pour-une-autre-vision-des-rh-la-premiere-edition-de-disrupthr-en-suisse\/","url":"https:\/\/www.jobcloud.ch\/c\/fr-ch\/blog\/2017\/12\/pour-une-autre-vision-des-rh-la-premiere-edition-de-disrupthr-en-suisse\/","name":"Pour une autre vision des RH : la premi\u00e8re \u00e9dition de DisruptHR en Suisse | JobCloud","isPartOf":{"@id":"https:\/\/www.jobcloud.ch\/c\/fr-ch\/#website"},"primaryImageOfPage":{"@id":"https:\/\/www.jobcloud.ch\/c\/fr-ch\/blog\/2017\/12\/pour-une-autre-vision-des-rh-la-premiere-edition-de-disrupthr-en-suisse\/#primaryimage"},"image":{"@id":"https:\/\/www.jobcloud.ch\/c\/fr-ch\/blog\/2017\/12\/pour-une-autre-vision-des-rh-la-premiere-edition-de-disrupthr-en-suisse\/#primaryimage"},"thumbnailUrl":"https:\/\/www.jobcloud.ch\/wp-content\/uploads\/2017\/11\/disrupthr1-2.jpg","datePublished":"2017-12-04T05:00:51+00:00","description":"Le secteur des RH peut aussi se montrer sympa et rafra\u00eechissant. C\u2019est ce qu\u2019a r\u00e9ussi \u00e0 prouver la premi\u00e8re \u00e9dition de l\u2019\u00e9v\u00e9nement national DisruptHR.","inLanguage":"fr-CH","potentialAction":[{"@type":"ReadAction","target":["https:\/\/www.jobcloud.ch\/c\/fr-ch\/blog\/2017\/12\/pour-une-autre-vision-des-rh-la-premiere-edition-de-disrupthr-en-suisse\/"]}]},{"@type":"ImageObject","inLanguage":"fr-CH","@id":"https:\/\/www.jobcloud.ch\/c\/fr-ch\/blog\/2017\/12\/pour-une-autre-vision-des-rh-la-premiere-edition-de-disrupthr-en-suisse\/#primaryimage","url":"https:\/\/www.jobcloud.ch\/wp-content\/uploads\/2017\/11\/disrupthr1-2.jpg","contentUrl":"https:\/\/www.jobcloud.ch\/wp-content\/uploads\/2017\/11\/disrupthr1-2.jpg","width":1025,"height":420,"caption":"Deux intervenants sur sc\u00e8ne pendant DisruptHR"},{"@type":"WebSite","@id":"https:\/\/www.jobcloud.ch\/c\/fr-ch\/#website","url":"https:\/\/www.jobcloud.ch\/c\/fr-ch\/","name":"JobCloud","description":"JobCloud is the leading job portal for jobseekers in Switzerland","publisher":{"@id":"https:\/\/www.jobcloud.ch\/c\/fr-ch\/#organization"},"potentialAction":[{"@type":"SearchAction","target":{"@type":"EntryPoint","urlTemplate":"https:\/\/www.jobcloud.ch\/c\/fr-ch\/?s={search_term_string}"},"query-input":{"@type":"PropertyValueSpecification","valueRequired":true,"valueName":"search_term_string"}}],"inLanguage":"fr-CH"},{"@type":"Organization","@id":"https:\/\/www.jobcloud.ch\/c\/fr-ch\/#organization","name":"JobCloud","url":"https:\/\/www.jobcloud.ch\/c\/fr-ch\/","logo":{"@type":"ImageObject","inLanguage":"fr-CH","@id":"https:\/\/www.jobcloud.ch\/c\/fr-ch\/#\/schema\/logo\/image\/","url":"https:\/\/www.jobcloud.ch\/wp-content\/uploads\/2020\/02\/jobcloude-logo.svg","contentUrl":"https:\/\/www.jobcloud.ch\/wp-content\/uploads\/2020\/02\/jobcloude-logo.svg","width":160,"height":37,"caption":"JobCloud"},"image":{"@id":"https:\/\/www.jobcloud.ch\/c\/fr-ch\/#\/schema\/logo\/image\/"}},{"@type":"Person","@id":"https:\/\/www.jobcloud.ch\/c\/fr-ch\/#\/schema\/person\/1f8af37d814987189cbef1b058a084a4","name":"Mathias Steger","image":{"@type":"ImageObject","inLanguage":"fr-CH","@id":"https:\/\/www.jobcloud.ch\/wp-content\/uploads\/2021\/01\/Mathias-Steger_avatar-96x96.png","url":"https:\/\/www.jobcloud.ch\/wp-content\/uploads\/2021\/01\/Mathias-Steger_avatar-96x96.png","contentUrl":"https:\/\/www.jobcloud.ch\/wp-content\/uploads\/2021\/01\/Mathias-Steger_avatar-96x96.png","caption":"Mathias Steger"},"sameAs":["https:\/\/www.linkedin.com\/in\/mathias-steger-52164a11b?"],"url":"https:\/\/www.jobcloud.ch\/c\/fr-ch\/blog\/author\/msteger\/"}]}},"_links":{"self":[{"href":"https:\/\/www.jobcloud.ch\/c\/fr-ch\/wp-json\/wp\/v2\/posts\/30969","targetHints":{"allow":["GET"]}}],"collection":[{"href":"https:\/\/www.jobcloud.ch\/c\/fr-ch\/wp-json\/wp\/v2\/posts"}],"about":[{"href":"https:\/\/www.jobcloud.ch\/c\/fr-ch\/wp-json\/wp\/v2\/types\/post"}],"author":[{"embeddable":true,"href":"https:\/\/www.jobcloud.ch\/c\/fr-ch\/wp-json\/wp\/v2\/users\/27"}],"replies":[{"embeddable":true,"href":"https:\/\/www.jobcloud.ch\/c\/fr-ch\/wp-json\/wp\/v2\/comments?post=30969"}],"version-history":[{"count":0,"href":"https:\/\/www.jobcloud.ch\/c\/fr-ch\/wp-json\/wp\/v2\/posts\/30969\/revisions"}],"wp:featuredmedia":[{"embeddable":true,"href":"https:\/\/www.jobcloud.ch\/c\/fr-ch\/wp-json\/wp\/v2\/media\/29015"}],"wp:attachment":[{"href":"https:\/\/www.jobcloud.ch\/c\/fr-ch\/wp-json\/wp\/v2\/media?parent=30969"}],"wp:term":[{"taxonomy":"category","embeddable":true,"href":"https:\/\/www.jobcloud.ch\/c\/fr-ch\/wp-json\/wp\/v2\/categories?post=30969"},{"taxonomy":"post_tag","embeddable":true,"href":"https:\/\/www.jobcloud.ch\/c\/fr-ch\/wp-json\/wp\/v2\/tags?post=30969"}],"curies":[{"name":"wp","href":"https:\/\/api.w.org\/{rel}","templated":true}]}}