     {"id":30962,"date":"2021-12-09T08:24:23","date_gmt":"2021-12-09T07:24:23","guid":{"rendered":"https:\/\/www.jobcloud.ch\/c\/fr-ch\/?p=11938"},"modified":"2022-03-25T12:09:35","modified_gmt":"2022-03-25T11:09:35","slug":"licenciement-sans-motif-quel-cadre-legislatif","status":"publish","type":"post","link":"https:\/\/www.jobcloud.ch\/c\/fr-ch\/blog\/licenciement-sans-motif-employeur\/","title":{"rendered":"Licenciement sans motif : quel cadre l\u00e9gislatif ?"},"content":{"rendered":"","protected":false},"excerpt":{"rendered":"","protected":false},"author":32,"featured_media":29004,"comment_status":"open","ping_status":"closed","sticky":false,"template":"","format":"standard","meta":{"_acf_changed":false,"inline_featured_image":false,"footnotes":""},"categories":[1851],"tags":[1872,1865,1866,1898,1853],"class_list":["post-30962","post","type-post","status-publish","format-standard","has-post-thumbnail","hentry","category-droit-du-travail","tag-droit-du-travail","tag-liberte-du-licenciement","tag-licenciement","tag-licenciement-sans-motif","tag-loi-sur-le-travail"],"acf":[],"yoast_head":"<!-- This site is optimized with the Yoast SEO plugin v27.2 - https:\/\/yoast.com\/product\/yoast-seo-wordpress\/ -->\n<title>Licenciement sans motif : quel cadre l\u00e9gislatif ? | JobCloud<\/title>\n<meta name=\"description\" content=\"Parfois, les entreprises sont forc\u00e9es de r\u00e9duire leur nombre de collaborateurs. Quelles sont les cons\u00e9quences d&#039;un licenciement sans motif ?\" \/>\n<meta name=\"robots\" content=\"index, follow, max-snippet:-1, max-image-preview:large, max-video-preview:-1\" \/>\n<link rel=\"canonical\" href=\"https:\/\/www.jobcloud.ch\/c\/fr-ch\/blog\/licenciement-sans-motif-employeur\/\" \/>\n<meta property=\"og:locale\" content=\"fr_FR\" \/>\n<meta property=\"og:type\" content=\"article\" \/>\n<meta property=\"og:title\" content=\"Licenciement sans motif : quel cadre l\u00e9gislatif ? | JobCloud\" \/>\n<meta property=\"og:description\" content=\"Parfois, les entreprises sont forc\u00e9es de r\u00e9duire leur nombre de collaborateurs. Quelles sont les cons\u00e9quences d&#039;un licenciement sans motif ?\" \/>\n<meta property=\"og:url\" content=\"https:\/\/www.jobcloud.ch\/c\/fr-ch\/blog\/licenciement-sans-motif-employeur\/\" \/>\n<meta property=\"og:site_name\" content=\"JobCloud\" \/>\n<meta property=\"article:published_time\" content=\"2021-12-09T07:24:23+00:00\" \/>\n<meta property=\"article:modified_time\" content=\"2022-03-25T11:09:35+00:00\" \/>\n<meta property=\"og:image\" content=\"https:\/\/www.jobcloud.ch\/wp-content\/uploads\/2017\/09\/kuendigung-ohne-grund-arbeitsrecht-2.jpg\" \/>\n\t<meta property=\"og:image:width\" content=\"997\" \/>\n\t<meta property=\"og:image:height\" content=\"422\" \/>\n\t<meta property=\"og:image:type\" content=\"image\/jpeg\" \/>\n<meta name=\"author\" content=\"Roland Bachmann\" \/>\n<meta name=\"twitter:card\" content=\"summary_large_image\" \/>\n<meta name=\"twitter:label1\" content=\"Written by\" \/>\n\t<meta name=\"twitter:data1\" content=\"Roland Bachmann\" \/>\n<script type=\"application\/ld+json\" class=\"yoast-schema-graph\">{\"@context\":\"https:\/\/schema.org\",\"@graph\":[{\"@type\":\"Article\",\"@id\":\"https:\/\/www.jobcloud.ch\/c\/fr-ch\/blog\/licenciement-sans-motif-employeur\/#article\",\"isPartOf\":{\"@id\":\"https:\/\/www.jobcloud.ch\/c\/fr-ch\/blog\/licenciement-sans-motif-employeur\/\"},\"author\":{\"name\":\"Roland Bachmann\",\"@id\":\"https:\/\/www.jobcloud.ch\/c\/fr-ch\/#\/schema\/person\/b5a1acb8751624420c1b9b41a55929b4\"},\"headline\":\"Licenciement sans motif : quel cadre l\u00e9gislatif ?\",\"datePublished\":\"2021-12-09T07:24:23+00:00\",\"dateModified\":\"2022-03-25T11:09:35+00:00\",\"mainEntityOfPage\":{\"@id\":\"https:\/\/www.jobcloud.ch\/c\/fr-ch\/blog\/licenciement-sans-motif-employeur\/\"},\"wordCount\":7,\"commentCount\":16,\"publisher\":{\"@id\":\"https:\/\/www.jobcloud.ch\/c\/fr-ch\/#organization\"},\"image\":{\"@id\":\"https:\/\/www.jobcloud.ch\/c\/fr-ch\/blog\/licenciement-sans-motif-employeur\/#primaryimage\"},\"thumbnailUrl\":\"https:\/\/www.jobcloud.ch\/wp-content\/uploads\/2017\/09\/kuendigung-ohne-grund-arbeitsrecht-2.jpg\",\"keywords\":[\"Droit du travail\",\"libert\u00e9 du licenciement\",\"licenciement\",\"licenciement sans motif\",\"loi sur le travail\"],\"articleSection\":[\"Droit du travail\"],\"inLanguage\":\"fr-CH\",\"potentialAction\":[{\"@type\":\"CommentAction\",\"name\":\"Comment\",\"target\":[\"https:\/\/www.jobcloud.ch\/c\/fr-ch\/blog\/licenciement-sans-motif-employeur\/#respond\"]}]},{\"@type\":\"WebPage\",\"@id\":\"https:\/\/www.jobcloud.ch\/c\/fr-ch\/blog\/licenciement-sans-motif-employeur\/\",\"url\":\"https:\/\/www.jobcloud.ch\/c\/fr-ch\/blog\/licenciement-sans-motif-employeur\/\",\"name\":\"Licenciement sans motif : quel cadre l\u00e9gislatif ? | JobCloud\",\"isPartOf\":{\"@id\":\"https:\/\/www.jobcloud.ch\/c\/fr-ch\/#website\"},\"primaryImageOfPage\":{\"@id\":\"https:\/\/www.jobcloud.ch\/c\/fr-ch\/blog\/licenciement-sans-motif-employeur\/#primaryimage\"},\"image\":{\"@id\":\"https:\/\/www.jobcloud.ch\/c\/fr-ch\/blog\/licenciement-sans-motif-employeur\/#primaryimage\"},\"thumbnailUrl\":\"https:\/\/www.jobcloud.ch\/wp-content\/uploads\/2017\/09\/kuendigung-ohne-grund-arbeitsrecht-2.jpg\",\"datePublished\":\"2021-12-09T07:24:23+00:00\",\"dateModified\":\"2022-03-25T11:09:35+00:00\",\"description\":\"Parfois, les entreprises sont forc\u00e9es de r\u00e9duire leur nombre de collaborateurs. Quelles sont les cons\u00e9quences d'un licenciement sans motif ?\",\"inLanguage\":\"fr-CH\",\"potentialAction\":[{\"@type\":\"ReadAction\",\"target\":[\"https:\/\/www.jobcloud.ch\/c\/fr-ch\/blog\/licenciement-sans-motif-employeur\/\"]}]},{\"@type\":\"ImageObject\",\"inLanguage\":\"fr-CH\",\"@id\":\"https:\/\/www.jobcloud.ch\/c\/fr-ch\/blog\/licenciement-sans-motif-employeur\/#primaryimage\",\"url\":\"https:\/\/www.jobcloud.ch\/wp-content\/uploads\/2017\/09\/kuendigung-ohne-grund-arbeitsrecht-2.jpg\",\"contentUrl\":\"https:\/\/www.jobcloud.ch\/wp-content\/uploads\/2017\/09\/kuendigung-ohne-grund-arbeitsrecht-2.jpg\",\"width\":997,\"height\":422,\"caption\":\"index point\u00e9 sur un collaborateur pour le licencier\"},{\"@type\":\"WebSite\",\"@id\":\"https:\/\/www.jobcloud.ch\/c\/fr-ch\/#website\",\"url\":\"https:\/\/www.jobcloud.ch\/c\/fr-ch\/\",\"name\":\"JobCloud\",\"description\":\"JobCloud is the leading job portal for jobseekers in Switzerland\",\"publisher\":{\"@id\":\"https:\/\/www.jobcloud.ch\/c\/fr-ch\/#organization\"},\"potentialAction\":[{\"@type\":\"SearchAction\",\"target\":{\"@type\":\"EntryPoint\",\"urlTemplate\":\"https:\/\/www.jobcloud.ch\/c\/fr-ch\/?s={search_term_string}\"},\"query-input\":{\"@type\":\"PropertyValueSpecification\",\"valueRequired\":true,\"valueName\":\"search_term_string\"}}],\"inLanguage\":\"fr-CH\"},{\"@type\":\"Organization\",\"@id\":\"https:\/\/www.jobcloud.ch\/c\/fr-ch\/#organization\",\"name\":\"JobCloud\",\"url\":\"https:\/\/www.jobcloud.ch\/c\/fr-ch\/\",\"logo\":{\"@type\":\"ImageObject\",\"inLanguage\":\"fr-CH\",\"@id\":\"https:\/\/www.jobcloud.ch\/c\/fr-ch\/#\/schema\/logo\/image\/\",\"url\":\"https:\/\/www.jobcloud.ch\/wp-content\/uploads\/2020\/02\/jobcloude-logo.svg\",\"contentUrl\":\"https:\/\/www.jobcloud.ch\/wp-content\/uploads\/2020\/02\/jobcloude-logo.svg\",\"width\":160,\"height\":37,\"caption\":\"JobCloud\"},\"image\":{\"@id\":\"https:\/\/www.jobcloud.ch\/c\/fr-ch\/#\/schema\/logo\/image\/\"}},{\"@type\":\"Person\",\"@id\":\"https:\/\/www.jobcloud.ch\/c\/fr-ch\/#\/schema\/person\/b5a1acb8751624420c1b9b41a55929b4\",\"name\":\"Roland Bachmann\",\"image\":{\"@type\":\"ImageObject\",\"inLanguage\":\"fr-CH\",\"@id\":\"https:\/\/www.jobcloud.ch\/wp-content\/uploads\/2021\/01\/Roland-Bachmann_avatar-96x96.png\",\"url\":\"https:\/\/www.jobcloud.ch\/wp-content\/uploads\/2021\/01\/Roland-Bachmann_avatar-96x96.png\",\"contentUrl\":\"https:\/\/www.jobcloud.ch\/wp-content\/uploads\/2021\/01\/Roland-Bachmann_avatar-96x96.png\",\"caption\":\"Roland Bachmann\"},\"description\":\"Docteur en droit et avocat sp\u00e9cialis\u00e9 en droit commercial et en droit du travail, Roland Bachmann s\u2019int\u00e9resse plus particuli\u00e8rement aux processus intervenant dans le droit des assurances et celui du travail. A travers son activit\u00e9 d\u2019expert en droit, Roland Bachmann assiste de pr\u00e8s \u00e0 l\u2019\u00e9vitement ou \u00e0 la r\u00e9solution de conflits juridiques. Au cours de ses articles, il abordera les questions sensibles li\u00e9es au droit du travail.\",\"sameAs\":[\"http:\/\/www.naterdallafior.ch\/\",\"https:\/\/www.linkedin.com\/in\/roland-bachmann-a7a09419\/\"],\"url\":\"https:\/\/www.jobcloud.ch\/c\/fr-ch\/blog\/author\/rolandbachmann\/\"}]}<\/script>\n<!-- \/ Yoast SEO plugin. -->","yoast_head_json":{"title":"Licenciement sans motif : quel cadre l\u00e9gislatif ? | JobCloud","description":"Parfois, les entreprises sont forc\u00e9es de r\u00e9duire leur nombre de collaborateurs. Quelles sont les cons\u00e9quences d'un licenciement sans motif ?","robots":{"index":"index","follow":"follow","max-snippet":"max-snippet:-1","max-image-preview":"max-image-preview:large","max-video-preview":"max-video-preview:-1"},"canonical":"https:\/\/www.jobcloud.ch\/c\/fr-ch\/blog\/licenciement-sans-motif-employeur\/","og_locale":"fr_FR","og_type":"article","og_title":"Licenciement sans motif : quel cadre l\u00e9gislatif ? | JobCloud","og_description":"Parfois, les entreprises sont forc\u00e9es de r\u00e9duire leur nombre de collaborateurs. Quelles sont les cons\u00e9quences d'un licenciement sans motif ?","og_url":"https:\/\/www.jobcloud.ch\/c\/fr-ch\/blog\/licenciement-sans-motif-employeur\/","og_site_name":"JobCloud","article_published_time":"2021-12-09T07:24:23+00:00","article_modified_time":"2022-03-25T11:09:35+00:00","og_image":[{"width":997,"height":422,"url":"https:\/\/www.jobcloud.ch\/wp-content\/uploads\/2017\/09\/kuendigung-ohne-grund-arbeitsrecht-2.jpg","type":"image\/jpeg"}],"author":"Roland Bachmann","twitter_card":"summary_large_image","twitter_misc":{"Written by":"Roland Bachmann"},"schema":{"@context":"https:\/\/schema.org","@graph":[{"@type":"Article","@id":"https:\/\/www.jobcloud.ch\/c\/fr-ch\/blog\/licenciement-sans-motif-employeur\/#article","isPartOf":{"@id":"https:\/\/www.jobcloud.ch\/c\/fr-ch\/blog\/licenciement-sans-motif-employeur\/"},"author":{"name":"Roland Bachmann","@id":"https:\/\/www.jobcloud.ch\/c\/fr-ch\/#\/schema\/person\/b5a1acb8751624420c1b9b41a55929b4"},"headline":"Licenciement sans motif : quel cadre l\u00e9gislatif ?","datePublished":"2021-12-09T07:24:23+00:00","dateModified":"2022-03-25T11:09:35+00:00","mainEntityOfPage":{"@id":"https:\/\/www.jobcloud.ch\/c\/fr-ch\/blog\/licenciement-sans-motif-employeur\/"},"wordCount":7,"commentCount":16,"publisher":{"@id":"https:\/\/www.jobcloud.ch\/c\/fr-ch\/#organization"},"image":{"@id":"https:\/\/www.jobcloud.ch\/c\/fr-ch\/blog\/licenciement-sans-motif-employeur\/#primaryimage"},"thumbnailUrl":"https:\/\/www.jobcloud.ch\/wp-content\/uploads\/2017\/09\/kuendigung-ohne-grund-arbeitsrecht-2.jpg","keywords":["Droit du travail","libert\u00e9 du licenciement","licenciement","licenciement sans motif","loi sur le travail"],"articleSection":["Droit du travail"],"inLanguage":"fr-CH","potentialAction":[{"@type":"CommentAction","name":"Comment","target":["https:\/\/www.jobcloud.ch\/c\/fr-ch\/blog\/licenciement-sans-motif-employeur\/#respond"]}]},{"@type":"WebPage","@id":"https:\/\/www.jobcloud.ch\/c\/fr-ch\/blog\/licenciement-sans-motif-employeur\/","url":"https:\/\/www.jobcloud.ch\/c\/fr-ch\/blog\/licenciement-sans-motif-employeur\/","name":"Licenciement sans motif : quel cadre l\u00e9gislatif ? | JobCloud","isPartOf":{"@id":"https:\/\/www.jobcloud.ch\/c\/fr-ch\/#website"},"primaryImageOfPage":{"@id":"https:\/\/www.jobcloud.ch\/c\/fr-ch\/blog\/licenciement-sans-motif-employeur\/#primaryimage"},"image":{"@id":"https:\/\/www.jobcloud.ch\/c\/fr-ch\/blog\/licenciement-sans-motif-employeur\/#primaryimage"},"thumbnailUrl":"https:\/\/www.jobcloud.ch\/wp-content\/uploads\/2017\/09\/kuendigung-ohne-grund-arbeitsrecht-2.jpg","datePublished":"2021-12-09T07:24:23+00:00","dateModified":"2022-03-25T11:09:35+00:00","description":"Parfois, les entreprises sont forc\u00e9es de r\u00e9duire leur nombre de collaborateurs. Quelles sont les cons\u00e9quences d'un licenciement sans motif ?","inLanguage":"fr-CH","potentialAction":[{"@type":"ReadAction","target":["https:\/\/www.jobcloud.ch\/c\/fr-ch\/blog\/licenciement-sans-motif-employeur\/"]}]},{"@type":"ImageObject","inLanguage":"fr-CH","@id":"https:\/\/www.jobcloud.ch\/c\/fr-ch\/blog\/licenciement-sans-motif-employeur\/#primaryimage","url":"https:\/\/www.jobcloud.ch\/wp-content\/uploads\/2017\/09\/kuendigung-ohne-grund-arbeitsrecht-2.jpg","contentUrl":"https:\/\/www.jobcloud.ch\/wp-content\/uploads\/2017\/09\/kuendigung-ohne-grund-arbeitsrecht-2.jpg","width":997,"height":422,"caption":"index point\u00e9 sur un collaborateur pour le licencier"},{"@type":"WebSite","@id":"https:\/\/www.jobcloud.ch\/c\/fr-ch\/#website","url":"https:\/\/www.jobcloud.ch\/c\/fr-ch\/","name":"JobCloud","description":"JobCloud is the leading job portal for jobseekers in Switzerland","publisher":{"@id":"https:\/\/www.jobcloud.ch\/c\/fr-ch\/#organization"},"potentialAction":[{"@type":"SearchAction","target":{"@type":"EntryPoint","urlTemplate":"https:\/\/www.jobcloud.ch\/c\/fr-ch\/?s={search_term_string}"},"query-input":{"@type":"PropertyValueSpecification","valueRequired":true,"valueName":"search_term_string"}}],"inLanguage":"fr-CH"},{"@type":"Organization","@id":"https:\/\/www.jobcloud.ch\/c\/fr-ch\/#organization","name":"JobCloud","url":"https:\/\/www.jobcloud.ch\/c\/fr-ch\/","logo":{"@type":"ImageObject","inLanguage":"fr-CH","@id":"https:\/\/www.jobcloud.ch\/c\/fr-ch\/#\/schema\/logo\/image\/","url":"https:\/\/www.jobcloud.ch\/wp-content\/uploads\/2020\/02\/jobcloude-logo.svg","contentUrl":"https:\/\/www.jobcloud.ch\/wp-content\/uploads\/2020\/02\/jobcloude-logo.svg","width":160,"height":37,"caption":"JobCloud"},"image":{"@id":"https:\/\/www.jobcloud.ch\/c\/fr-ch\/#\/schema\/logo\/image\/"}},{"@type":"Person","@id":"https:\/\/www.jobcloud.ch\/c\/fr-ch\/#\/schema\/person\/b5a1acb8751624420c1b9b41a55929b4","name":"Roland Bachmann","image":{"@type":"ImageObject","inLanguage":"fr-CH","@id":"https:\/\/www.jobcloud.ch\/wp-content\/uploads\/2021\/01\/Roland-Bachmann_avatar-96x96.png","url":"https:\/\/www.jobcloud.ch\/wp-content\/uploads\/2021\/01\/Roland-Bachmann_avatar-96x96.png","contentUrl":"https:\/\/www.jobcloud.ch\/wp-content\/uploads\/2021\/01\/Roland-Bachmann_avatar-96x96.png","caption":"Roland Bachmann"},"description":"Docteur en droit et avocat sp\u00e9cialis\u00e9 en droit commercial et en droit du travail, Roland Bachmann s\u2019int\u00e9resse plus particuli\u00e8rement aux processus intervenant dans le droit des assurances et celui du travail. A travers son activit\u00e9 d\u2019expert en droit, Roland Bachmann assiste de pr\u00e8s \u00e0 l\u2019\u00e9vitement ou \u00e0 la r\u00e9solution de conflits juridiques. Au cours de ses articles, il abordera les questions sensibles li\u00e9es au droit du travail.","sameAs":["http:\/\/www.naterdallafior.ch\/","https:\/\/www.linkedin.com\/in\/roland-bachmann-a7a09419\/"],"url":"https:\/\/www.jobcloud.ch\/c\/fr-ch\/blog\/author\/rolandbachmann\/"}]}},"_links":{"self":[{"href":"https:\/\/www.jobcloud.ch\/c\/fr-ch\/wp-json\/wp\/v2\/posts\/30962","targetHints":{"allow":["GET"]}}],"collection":[{"href":"https:\/\/www.jobcloud.ch\/c\/fr-ch\/wp-json\/wp\/v2\/posts"}],"about":[{"href":"https:\/\/www.jobcloud.ch\/c\/fr-ch\/wp-json\/wp\/v2\/types\/post"}],"author":[{"embeddable":true,"href":"https:\/\/www.jobcloud.ch\/c\/fr-ch\/wp-json\/wp\/v2\/users\/32"}],"replies":[{"embeddable":true,"href":"https:\/\/www.jobcloud.ch\/c\/fr-ch\/wp-json\/wp\/v2\/comments?post=30962"}],"version-history":[{"count":0,"href":"https:\/\/www.jobcloud.ch\/c\/fr-ch\/wp-json\/wp\/v2\/posts\/30962\/revisions"}],"wp:featuredmedia":[{"embeddable":true,"href":"https:\/\/www.jobcloud.ch\/c\/fr-ch\/wp-json\/wp\/v2\/media\/29004"}],"wp:attachment":[{"href":"https:\/\/www.jobcloud.ch\/c\/fr-ch\/wp-json\/wp\/v2\/media?parent=30962"}],"wp:term":[{"taxonomy":"category","embeddable":true,"href":"https:\/\/www.jobcloud.ch\/c\/fr-ch\/wp-json\/wp\/v2\/categories?post=30962"},{"taxonomy":"post_tag","embeddable":true,"href":"https:\/\/www.jobcloud.ch\/c\/fr-ch\/wp-json\/wp\/v2\/tags?post=30962"}],"curies":[{"name":"wp","href":"https:\/\/api.w.org\/{rel}","templated":true}]}}