     {"id":22994,"date":"2020-06-15T16:19:19","date_gmt":"2020-06-15T14:19:19","guid":{"rendered":"https:\/\/www.jobcloud.ch\/c\/fr-ch\/?p=22994"},"modified":"2020-06-15T16:19:19","modified_gmt":"2020-06-15T14:19:19","slug":"10-questions-a-se-poser-pour-un-recrutement-efficace","status":"publish","type":"post","link":"https:\/\/www.jobcloud.ch\/c\/fr-ch\/blog\/2020\/06\/10-questions-a-se-poser-pour-un-recrutement-efficace\/","title":{"rendered":"10 questions \u00e0 se poser pour un recrutement efficace"},"content":{"rendered":"","protected":false},"excerpt":{"rendered":"","protected":false},"author":46,"featured_media":0,"comment_status":"open","ping_status":"closed","sticky":false,"template":"","format":"standard","meta":{"_acf_changed":false,"inline_featured_image":false,"footnotes":""},"categories":[1718],"tags":[1758,1834,1713],"class_list":["post-22994","post","type-post","status-publish","format-standard","hentry","category-recrutement","tag-candidats","tag-entretien-dembauche","tag-recrutement"],"acf":[],"yoast_head":"<!-- This site is optimized with the Yoast SEO plugin v27.2 - https:\/\/yoast.com\/product\/yoast-seo-wordpress\/ -->\n<title>10 questions \u00e0 se poser pour un recrutement efficace | JobCloud<\/title>\n<meta name=\"description\" content=\"Un bon recrutement se pr\u00e9pare \u00e0 l&#039;avance. R\u00e9daction des annonces, tri des CV, organisation des entretiens... Voici 10 conseils pour un recrutement optimal.\" \/>\n<meta name=\"robots\" content=\"index, follow, max-snippet:-1, max-image-preview:large, max-video-preview:-1\" \/>\n<link rel=\"canonical\" href=\"https:\/\/www.jobcloud.ch\/c\/fr-ch\/blog\/2020\/06\/10-questions-a-se-poser-pour-un-recrutement-efficace\/\" \/>\n<meta property=\"og:locale\" content=\"fr_FR\" \/>\n<meta property=\"og:type\" content=\"article\" \/>\n<meta property=\"og:title\" content=\"10 questions \u00e0 se poser pour un recrutement efficace | JobCloud\" \/>\n<meta property=\"og:description\" content=\"Un bon recrutement se pr\u00e9pare \u00e0 l&#039;avance. R\u00e9daction des annonces, tri des CV, organisation des entretiens... Voici 10 conseils pour un recrutement optimal.\" \/>\n<meta property=\"og:url\" content=\"https:\/\/www.jobcloud.ch\/c\/fr-ch\/blog\/2020\/06\/10-questions-a-se-poser-pour-un-recrutement-efficace\/\" \/>\n<meta property=\"og:site_name\" content=\"JobCloud\" \/>\n<meta property=\"article:published_time\" content=\"2020-06-15T14:19:19+00:00\" \/>\n<meta name=\"author\" content=\"Expert invit\u00e9\" \/>\n<meta name=\"twitter:card\" content=\"summary_large_image\" \/>\n<meta name=\"twitter:label1\" content=\"Written by\" \/>\n\t<meta name=\"twitter:data1\" content=\"Expert invit\u00e9\" \/>\n<script type=\"application\/ld+json\" class=\"yoast-schema-graph\">{\"@context\":\"https:\/\/schema.org\",\"@graph\":[{\"@type\":\"Article\",\"@id\":\"https:\/\/www.jobcloud.ch\/c\/fr-ch\/blog\/2020\/06\/10-questions-a-se-poser-pour-un-recrutement-efficace\/#article\",\"isPartOf\":{\"@id\":\"https:\/\/www.jobcloud.ch\/c\/fr-ch\/blog\/2020\/06\/10-questions-a-se-poser-pour-un-recrutement-efficace\/\"},\"author\":{\"name\":\"Expert invit\u00e9\",\"@id\":\"https:\/\/www.jobcloud.ch\/c\/fr-ch\/#\/schema\/person\/45410035a9050a8aa628a6a74e8e497a\"},\"headline\":\"10 questions \u00e0 se poser pour un recrutement efficace\",\"datePublished\":\"2020-06-15T14:19:19+00:00\",\"mainEntityOfPage\":{\"@id\":\"https:\/\/www.jobcloud.ch\/c\/fr-ch\/blog\/2020\/06\/10-questions-a-se-poser-pour-un-recrutement-efficace\/\"},\"wordCount\":7,\"commentCount\":0,\"publisher\":{\"@id\":\"https:\/\/www.jobcloud.ch\/c\/fr-ch\/#organization\"},\"keywords\":[\"candidats\",\"entretien d'embauche\",\"recrutement\"],\"articleSection\":[\"Recrutement\"],\"inLanguage\":\"fr-CH\",\"potentialAction\":[{\"@type\":\"CommentAction\",\"name\":\"Comment\",\"target\":[\"https:\/\/www.jobcloud.ch\/c\/fr-ch\/blog\/2020\/06\/10-questions-a-se-poser-pour-un-recrutement-efficace\/#respond\"]}]},{\"@type\":\"WebPage\",\"@id\":\"https:\/\/www.jobcloud.ch\/c\/fr-ch\/blog\/2020\/06\/10-questions-a-se-poser-pour-un-recrutement-efficace\/\",\"url\":\"https:\/\/www.jobcloud.ch\/c\/fr-ch\/blog\/2020\/06\/10-questions-a-se-poser-pour-un-recrutement-efficace\/\",\"name\":\"10 questions \u00e0 se poser pour un recrutement efficace | JobCloud\",\"isPartOf\":{\"@id\":\"https:\/\/www.jobcloud.ch\/c\/fr-ch\/#website\"},\"datePublished\":\"2020-06-15T14:19:19+00:00\",\"description\":\"Un bon recrutement se pr\u00e9pare \u00e0 l'avance. R\u00e9daction des annonces, tri des CV, organisation des entretiens... Voici 10 conseils pour un recrutement optimal.\",\"inLanguage\":\"fr-CH\",\"potentialAction\":[{\"@type\":\"ReadAction\",\"target\":[\"https:\/\/www.jobcloud.ch\/c\/fr-ch\/blog\/2020\/06\/10-questions-a-se-poser-pour-un-recrutement-efficace\/\"]}]},{\"@type\":\"WebSite\",\"@id\":\"https:\/\/www.jobcloud.ch\/c\/fr-ch\/#website\",\"url\":\"https:\/\/www.jobcloud.ch\/c\/fr-ch\/\",\"name\":\"JobCloud\",\"description\":\"JobCloud is the leading job portal for jobseekers in Switzerland\",\"publisher\":{\"@id\":\"https:\/\/www.jobcloud.ch\/c\/fr-ch\/#organization\"},\"potentialAction\":[{\"@type\":\"SearchAction\",\"target\":{\"@type\":\"EntryPoint\",\"urlTemplate\":\"https:\/\/www.jobcloud.ch\/c\/fr-ch\/?s={search_term_string}\"},\"query-input\":{\"@type\":\"PropertyValueSpecification\",\"valueRequired\":true,\"valueName\":\"search_term_string\"}}],\"inLanguage\":\"fr-CH\"},{\"@type\":\"Organization\",\"@id\":\"https:\/\/www.jobcloud.ch\/c\/fr-ch\/#organization\",\"name\":\"JobCloud\",\"url\":\"https:\/\/www.jobcloud.ch\/c\/fr-ch\/\",\"logo\":{\"@type\":\"ImageObject\",\"inLanguage\":\"fr-CH\",\"@id\":\"https:\/\/www.jobcloud.ch\/c\/fr-ch\/#\/schema\/logo\/image\/\",\"url\":\"https:\/\/www.jobcloud.ch\/wp-content\/uploads\/2020\/02\/jobcloude-logo.svg\",\"contentUrl\":\"https:\/\/www.jobcloud.ch\/wp-content\/uploads\/2020\/02\/jobcloude-logo.svg\",\"width\":160,\"height\":37,\"caption\":\"JobCloud\"},\"image\":{\"@id\":\"https:\/\/www.jobcloud.ch\/c\/fr-ch\/#\/schema\/logo\/image\/\"}},{\"@type\":\"Person\",\"@id\":\"https:\/\/www.jobcloud.ch\/c\/fr-ch\/#\/schema\/person\/45410035a9050a8aa628a6a74e8e497a\",\"name\":\"Expert invit\u00e9\",\"image\":{\"@type\":\"ImageObject\",\"inLanguage\":\"fr-CH\",\"@id\":\"https:\/\/secure.gravatar.com\/avatar\/df78bb184c3b7120c832ecd537ae1503375f653ae0da86515d2c3843dcc05cf2?s=96&d=mm&r=g\",\"url\":\"https:\/\/secure.gravatar.com\/avatar\/df78bb184c3b7120c832ecd537ae1503375f653ae0da86515d2c3843dcc05cf2?s=96&d=mm&r=g\",\"contentUrl\":\"https:\/\/secure.gravatar.com\/avatar\/df78bb184c3b7120c832ecd537ae1503375f653ae0da86515d2c3843dcc05cf2?s=96&d=mm&r=g\",\"caption\":\"Expert invit\u00e9\"},\"url\":\"https:\/\/www.jobcloud.ch\/c\/fr-ch\/blog\/author\/redacteurexterne\/\"}]}<\/script>\n<!-- \/ Yoast SEO plugin. -->","yoast_head_json":{"title":"10 questions \u00e0 se poser pour un recrutement efficace | JobCloud","description":"Un bon recrutement se pr\u00e9pare \u00e0 l'avance. R\u00e9daction des annonces, tri des CV, organisation des entretiens... Voici 10 conseils pour un recrutement optimal.","robots":{"index":"index","follow":"follow","max-snippet":"max-snippet:-1","max-image-preview":"max-image-preview:large","max-video-preview":"max-video-preview:-1"},"canonical":"https:\/\/www.jobcloud.ch\/c\/fr-ch\/blog\/2020\/06\/10-questions-a-se-poser-pour-un-recrutement-efficace\/","og_locale":"fr_FR","og_type":"article","og_title":"10 questions \u00e0 se poser pour un recrutement efficace | JobCloud","og_description":"Un bon recrutement se pr\u00e9pare \u00e0 l'avance. R\u00e9daction des annonces, tri des CV, organisation des entretiens... Voici 10 conseils pour un recrutement optimal.","og_url":"https:\/\/www.jobcloud.ch\/c\/fr-ch\/blog\/2020\/06\/10-questions-a-se-poser-pour-un-recrutement-efficace\/","og_site_name":"JobCloud","article_published_time":"2020-06-15T14:19:19+00:00","author":"Expert invit\u00e9","twitter_card":"summary_large_image","twitter_misc":{"Written by":"Expert invit\u00e9"},"schema":{"@context":"https:\/\/schema.org","@graph":[{"@type":"Article","@id":"https:\/\/www.jobcloud.ch\/c\/fr-ch\/blog\/2020\/06\/10-questions-a-se-poser-pour-un-recrutement-efficace\/#article","isPartOf":{"@id":"https:\/\/www.jobcloud.ch\/c\/fr-ch\/blog\/2020\/06\/10-questions-a-se-poser-pour-un-recrutement-efficace\/"},"author":{"name":"Expert invit\u00e9","@id":"https:\/\/www.jobcloud.ch\/c\/fr-ch\/#\/schema\/person\/45410035a9050a8aa628a6a74e8e497a"},"headline":"10 questions \u00e0 se poser pour un recrutement efficace","datePublished":"2020-06-15T14:19:19+00:00","mainEntityOfPage":{"@id":"https:\/\/www.jobcloud.ch\/c\/fr-ch\/blog\/2020\/06\/10-questions-a-se-poser-pour-un-recrutement-efficace\/"},"wordCount":7,"commentCount":0,"publisher":{"@id":"https:\/\/www.jobcloud.ch\/c\/fr-ch\/#organization"},"keywords":["candidats","entretien d'embauche","recrutement"],"articleSection":["Recrutement"],"inLanguage":"fr-CH","potentialAction":[{"@type":"CommentAction","name":"Comment","target":["https:\/\/www.jobcloud.ch\/c\/fr-ch\/blog\/2020\/06\/10-questions-a-se-poser-pour-un-recrutement-efficace\/#respond"]}]},{"@type":"WebPage","@id":"https:\/\/www.jobcloud.ch\/c\/fr-ch\/blog\/2020\/06\/10-questions-a-se-poser-pour-un-recrutement-efficace\/","url":"https:\/\/www.jobcloud.ch\/c\/fr-ch\/blog\/2020\/06\/10-questions-a-se-poser-pour-un-recrutement-efficace\/","name":"10 questions \u00e0 se poser pour un recrutement efficace | JobCloud","isPartOf":{"@id":"https:\/\/www.jobcloud.ch\/c\/fr-ch\/#website"},"datePublished":"2020-06-15T14:19:19+00:00","description":"Un bon recrutement se pr\u00e9pare \u00e0 l'avance. R\u00e9daction des annonces, tri des CV, organisation des entretiens... Voici 10 conseils pour un recrutement optimal.","inLanguage":"fr-CH","potentialAction":[{"@type":"ReadAction","target":["https:\/\/www.jobcloud.ch\/c\/fr-ch\/blog\/2020\/06\/10-questions-a-se-poser-pour-un-recrutement-efficace\/"]}]},{"@type":"WebSite","@id":"https:\/\/www.jobcloud.ch\/c\/fr-ch\/#website","url":"https:\/\/www.jobcloud.ch\/c\/fr-ch\/","name":"JobCloud","description":"JobCloud is the leading job portal for jobseekers in Switzerland","publisher":{"@id":"https:\/\/www.jobcloud.ch\/c\/fr-ch\/#organization"},"potentialAction":[{"@type":"SearchAction","target":{"@type":"EntryPoint","urlTemplate":"https:\/\/www.jobcloud.ch\/c\/fr-ch\/?s={search_term_string}"},"query-input":{"@type":"PropertyValueSpecification","valueRequired":true,"valueName":"search_term_string"}}],"inLanguage":"fr-CH"},{"@type":"Organization","@id":"https:\/\/www.jobcloud.ch\/c\/fr-ch\/#organization","name":"JobCloud","url":"https:\/\/www.jobcloud.ch\/c\/fr-ch\/","logo":{"@type":"ImageObject","inLanguage":"fr-CH","@id":"https:\/\/www.jobcloud.ch\/c\/fr-ch\/#\/schema\/logo\/image\/","url":"https:\/\/www.jobcloud.ch\/wp-content\/uploads\/2020\/02\/jobcloude-logo.svg","contentUrl":"https:\/\/www.jobcloud.ch\/wp-content\/uploads\/2020\/02\/jobcloude-logo.svg","width":160,"height":37,"caption":"JobCloud"},"image":{"@id":"https:\/\/www.jobcloud.ch\/c\/fr-ch\/#\/schema\/logo\/image\/"}},{"@type":"Person","@id":"https:\/\/www.jobcloud.ch\/c\/fr-ch\/#\/schema\/person\/45410035a9050a8aa628a6a74e8e497a","name":"Expert invit\u00e9","image":{"@type":"ImageObject","inLanguage":"fr-CH","@id":"https:\/\/secure.gravatar.com\/avatar\/df78bb184c3b7120c832ecd537ae1503375f653ae0da86515d2c3843dcc05cf2?s=96&d=mm&r=g","url":"https:\/\/secure.gravatar.com\/avatar\/df78bb184c3b7120c832ecd537ae1503375f653ae0da86515d2c3843dcc05cf2?s=96&d=mm&r=g","contentUrl":"https:\/\/secure.gravatar.com\/avatar\/df78bb184c3b7120c832ecd537ae1503375f653ae0da86515d2c3843dcc05cf2?s=96&d=mm&r=g","caption":"Expert invit\u00e9"},"url":"https:\/\/www.jobcloud.ch\/c\/fr-ch\/blog\/author\/redacteurexterne\/"}]}},"_links":{"self":[{"href":"https:\/\/www.jobcloud.ch\/c\/fr-ch\/wp-json\/wp\/v2\/posts\/22994","targetHints":{"allow":["GET"]}}],"collection":[{"href":"https:\/\/www.jobcloud.ch\/c\/fr-ch\/wp-json\/wp\/v2\/posts"}],"about":[{"href":"https:\/\/www.jobcloud.ch\/c\/fr-ch\/wp-json\/wp\/v2\/types\/post"}],"author":[{"embeddable":true,"href":"https:\/\/www.jobcloud.ch\/c\/fr-ch\/wp-json\/wp\/v2\/users\/46"}],"replies":[{"embeddable":true,"href":"https:\/\/www.jobcloud.ch\/c\/fr-ch\/wp-json\/wp\/v2\/comments?post=22994"}],"version-history":[{"count":0,"href":"https:\/\/www.jobcloud.ch\/c\/fr-ch\/wp-json\/wp\/v2\/posts\/22994\/revisions"}],"wp:attachment":[{"href":"https:\/\/www.jobcloud.ch\/c\/fr-ch\/wp-json\/wp\/v2\/media?parent=22994"}],"wp:term":[{"taxonomy":"category","embeddable":true,"href":"https:\/\/www.jobcloud.ch\/c\/fr-ch\/wp-json\/wp\/v2\/categories?post=22994"},{"taxonomy":"post_tag","embeddable":true,"href":"https:\/\/www.jobcloud.ch\/c\/fr-ch\/wp-json\/wp\/v2\/tags?post=22994"}],"curies":[{"name":"wp","href":"https:\/\/api.w.org\/{rel}","templated":true}]}}