     {"id":22682,"date":"2020-04-28T12:09:01","date_gmt":"2020-04-28T10:09:01","guid":{"rendered":"https:\/\/www.jobcloud.ch\/c\/fr-ch\/?p=22682"},"modified":"2020-04-28T12:09:01","modified_gmt":"2020-04-28T10:09:01","slug":"travail-a-temps-partiel-quelles-en-sont-les-consequences-et-pourquoi-les-femmes-y-sont-majoritaires","status":"publish","type":"post","link":"https:\/\/www.jobcloud.ch\/c\/fr-ch\/blog\/2020\/04\/travail-a-temps-partiel-quelles-en-sont-les-consequences-et-pourquoi-les-femmes-y-sont-majoritaires\/","title":{"rendered":"Travail \u00e0 temps partiel: quelles en sont les cons\u00e9quences et pourquoi les femmes y sont majoritaires?"},"content":{"rendered":"","protected":false},"excerpt":{"rendered":"","protected":false},"author":42,"featured_media":22689,"comment_status":"open","ping_status":"closed","sticky":false,"template":"","format":"standard","meta":{"_acf_changed":false,"inline_featured_image":false,"footnotes":""},"categories":[1708],"tags":[2216,2080,1791],"class_list":["post-22682","post","type-post","status-publish","format-standard","has-post-thumbnail","hentry","category-actualites-du-marche","tag-postes-temporaires","tag-travail","tag-travail-a-temps-partiel"],"acf":[],"yoast_head":"<!-- This site is optimized with the Yoast SEO plugin v27.2 - https:\/\/yoast.com\/product\/yoast-seo-wordpress\/ -->\n<title>Travail \u00e0 temps partiel: quelles en sont les cons\u00e9quences et pourquoi les femmes y sont majoritaires? | JobCloud<\/title>\n<meta name=\"robots\" content=\"index, follow, max-snippet:-1, max-image-preview:large, max-video-preview:-1\" \/>\n<link rel=\"canonical\" href=\"https:\/\/www.bilan.ch\/femmes-leaders\/temps-partiel-choisi-ou-subi-pourquoi-les-femmes-y-sont-majoritaires\/\" \/>\n<meta property=\"og:locale\" content=\"fr_FR\" \/>\n<meta property=\"og:type\" content=\"article\" \/>\n<meta property=\"og:title\" content=\"Travail \u00e0 temps partiel: quelles en sont les cons\u00e9quences et pourquoi les femmes y sont majoritaires? | JobCloud\" \/>\n<meta property=\"og:url\" content=\"https:\/\/www.bilan.ch\/femmes-leaders\/temps-partiel-choisi-ou-subi-pourquoi-les-femmes-y-sont-majoritaires\" \/>\n<meta property=\"og:site_name\" content=\"JobCloud\" \/>\n<meta property=\"article:author\" content=\"https:\/\/www.facebook.com\/MagazineBilan\/\" \/>\n<meta property=\"article:published_time\" content=\"2020-04-28T10:09:01+00:00\" \/>\n<meta property=\"og:image\" content=\"https:\/\/www.jobcloud.ch\/wp-content\/uploads\/2020\/02\/temppartiel-2.jpg\" \/>\n\t<meta property=\"og:image:width\" content=\"1020\" \/>\n\t<meta property=\"og:image:height\" content=\"450\" \/>\n\t<meta property=\"og:image:type\" content=\"image\/jpeg\" \/>\n<meta name=\"author\" content=\"Bilan\" \/>\n<meta name=\"twitter:card\" content=\"summary_large_image\" \/>\n<meta name=\"twitter:label1\" content=\"Written by\" \/>\n\t<meta name=\"twitter:data1\" content=\"Bilan\" \/>\n<script type=\"application\/ld+json\" class=\"yoast-schema-graph\">{\"@context\":\"https:\/\/schema.org\",\"@graph\":[{\"@type\":\"Article\",\"@id\":\"https:\/\/www.bilan.ch\/femmes-leaders\/temps-partiel-choisi-ou-subi-pourquoi-les-femmes-y-sont-majoritaires#article\",\"isPartOf\":{\"@id\":\"https:\/\/www.jobcloud.ch\/c\/fr-ch\/blog\/2020\/04\/travail-a-temps-partiel-quelles-en-sont-les-consequences-et-pourquoi-les-femmes-y-sont-majoritaires\/\"},\"author\":{\"name\":\"Bilan\",\"@id\":\"https:\/\/www.jobcloud.ch\/c\/fr-ch\/#\/schema\/person\/c88cbc558d65637c50616b9e94174a3b\"},\"headline\":\"Travail \u00e0 temps partiel: quelles en sont les cons\u00e9quences et pourquoi les femmes y sont majoritaires?\",\"datePublished\":\"2020-04-28T10:09:01+00:00\",\"mainEntityOfPage\":{\"@id\":\"https:\/\/www.jobcloud.ch\/c\/fr-ch\/blog\/2020\/04\/travail-a-temps-partiel-quelles-en-sont-les-consequences-et-pourquoi-les-femmes-y-sont-majoritaires\/\"},\"wordCount\":16,\"commentCount\":0,\"publisher\":{\"@id\":\"https:\/\/www.jobcloud.ch\/c\/fr-ch\/#organization\"},\"image\":{\"@id\":\"https:\/\/www.bilan.ch\/femmes-leaders\/temps-partiel-choisi-ou-subi-pourquoi-les-femmes-y-sont-majoritaires#primaryimage\"},\"thumbnailUrl\":\"https:\/\/www.jobcloud.ch\/wp-content\/uploads\/2020\/02\/temppartiel-2.jpg\",\"keywords\":[\"postes temporaires\",\"travail\",\"travail \u00e0 temps partiel\"],\"articleSection\":[\"Actualit\u00e9s du march\u00e9\"],\"inLanguage\":\"fr-CH\",\"potentialAction\":[{\"@type\":\"CommentAction\",\"name\":\"Comment\",\"target\":[\"https:\/\/www.bilan.ch\/femmes-leaders\/temps-partiel-choisi-ou-subi-pourquoi-les-femmes-y-sont-majoritaires#respond\"]}]},{\"@type\":\"WebPage\",\"@id\":\"https:\/\/www.jobcloud.ch\/c\/fr-ch\/blog\/2020\/04\/travail-a-temps-partiel-quelles-en-sont-les-consequences-et-pourquoi-les-femmes-y-sont-majoritaires\/\",\"url\":\"https:\/\/www.bilan.ch\/femmes-leaders\/temps-partiel-choisi-ou-subi-pourquoi-les-femmes-y-sont-majoritaires\",\"name\":\"Travail \u00e0 temps partiel: quelles en sont les cons\u00e9quences et pourquoi les femmes y sont majoritaires? | JobCloud\",\"isPartOf\":{\"@id\":\"https:\/\/www.jobcloud.ch\/c\/fr-ch\/#website\"},\"primaryImageOfPage\":{\"@id\":\"https:\/\/www.bilan.ch\/femmes-leaders\/temps-partiel-choisi-ou-subi-pourquoi-les-femmes-y-sont-majoritaires#primaryimage\"},\"image\":{\"@id\":\"https:\/\/www.bilan.ch\/femmes-leaders\/temps-partiel-choisi-ou-subi-pourquoi-les-femmes-y-sont-majoritaires#primaryimage\"},\"thumbnailUrl\":\"https:\/\/www.jobcloud.ch\/wp-content\/uploads\/2020\/02\/temppartiel-2.jpg\",\"datePublished\":\"2020-04-28T10:09:01+00:00\",\"inLanguage\":\"fr-CH\",\"potentialAction\":[{\"@type\":\"ReadAction\",\"target\":[\"https:\/\/www.bilan.ch\/femmes-leaders\/temps-partiel-choisi-ou-subi-pourquoi-les-femmes-y-sont-majoritaires\"]}]},{\"@type\":\"ImageObject\",\"inLanguage\":\"fr-CH\",\"@id\":\"https:\/\/www.bilan.ch\/femmes-leaders\/temps-partiel-choisi-ou-subi-pourquoi-les-femmes-y-sont-majoritaires#primaryimage\",\"url\":\"https:\/\/www.jobcloud.ch\/wp-content\/uploads\/2020\/02\/temppartiel-2.jpg\",\"contentUrl\":\"https:\/\/www.jobcloud.ch\/wp-content\/uploads\/2020\/02\/temppartiel-2.jpg\",\"width\":1020,\"height\":450,\"caption\":\"temp partiel\"},{\"@type\":\"WebSite\",\"@id\":\"https:\/\/www.jobcloud.ch\/c\/fr-ch\/#website\",\"url\":\"https:\/\/www.jobcloud.ch\/c\/fr-ch\/\",\"name\":\"JobCloud\",\"description\":\"JobCloud is the leading job portal for jobseekers in Switzerland\",\"publisher\":{\"@id\":\"https:\/\/www.jobcloud.ch\/c\/fr-ch\/#organization\"},\"potentialAction\":[{\"@type\":\"SearchAction\",\"target\":{\"@type\":\"EntryPoint\",\"urlTemplate\":\"https:\/\/www.jobcloud.ch\/c\/fr-ch\/?s={search_term_string}\"},\"query-input\":{\"@type\":\"PropertyValueSpecification\",\"valueRequired\":true,\"valueName\":\"search_term_string\"}}],\"inLanguage\":\"fr-CH\"},{\"@type\":\"Organization\",\"@id\":\"https:\/\/www.jobcloud.ch\/c\/fr-ch\/#organization\",\"name\":\"JobCloud\",\"url\":\"https:\/\/www.jobcloud.ch\/c\/fr-ch\/\",\"logo\":{\"@type\":\"ImageObject\",\"inLanguage\":\"fr-CH\",\"@id\":\"https:\/\/www.jobcloud.ch\/c\/fr-ch\/#\/schema\/logo\/image\/\",\"url\":\"https:\/\/www.jobcloud.ch\/wp-content\/uploads\/2020\/02\/jobcloude-logo.svg\",\"contentUrl\":\"https:\/\/www.jobcloud.ch\/wp-content\/uploads\/2020\/02\/jobcloude-logo.svg\",\"width\":160,\"height\":37,\"caption\":\"JobCloud\"},\"image\":{\"@id\":\"https:\/\/www.jobcloud.ch\/c\/fr-ch\/#\/schema\/logo\/image\/\"}},{\"@type\":\"Person\",\"@id\":\"https:\/\/www.jobcloud.ch\/c\/fr-ch\/#\/schema\/person\/c88cbc558d65637c50616b9e94174a3b\",\"name\":\"Bilan\",\"image\":{\"@type\":\"ImageObject\",\"inLanguage\":\"fr-CH\",\"@id\":\"https:\/\/www.jobcloud.ch\/wp-content\/uploads\/2021\/01\/Bilan_avatar-96x96.png\",\"url\":\"https:\/\/www.jobcloud.ch\/wp-content\/uploads\/2021\/01\/Bilan_avatar-96x96.png\",\"contentUrl\":\"https:\/\/www.jobcloud.ch\/wp-content\/uploads\/2021\/01\/Bilan_avatar-96x96.png\",\"caption\":\"Bilan\"},\"sameAs\":[\"https:\/\/www.bilan.ch\/\",\"https:\/\/www.facebook.com\/MagazineBilan\/\",\"https:\/\/www.linkedin.com\/company\/bilan\/\",\"https:\/\/www.youtube.com\/user\/TVBilan\"],\"url\":\"https:\/\/www.jobcloud.ch\/c\/fr-ch\/blog\/author\/bilan\/\"}]}<\/script>\n<!-- \/ Yoast SEO plugin. -->","yoast_head_json":{"title":"Travail \u00e0 temps partiel: quelles en sont les cons\u00e9quences et pourquoi les femmes y sont majoritaires? | JobCloud","robots":{"index":"index","follow":"follow","max-snippet":"max-snippet:-1","max-image-preview":"max-image-preview:large","max-video-preview":"max-video-preview:-1"},"canonical":"https:\/\/www.bilan.ch\/femmes-leaders\/temps-partiel-choisi-ou-subi-pourquoi-les-femmes-y-sont-majoritaires\/","og_locale":"fr_FR","og_type":"article","og_title":"Travail \u00e0 temps partiel: quelles en sont les cons\u00e9quences et pourquoi les femmes y sont majoritaires? | JobCloud","og_url":"https:\/\/www.bilan.ch\/femmes-leaders\/temps-partiel-choisi-ou-subi-pourquoi-les-femmes-y-sont-majoritaires","og_site_name":"JobCloud","article_author":"https:\/\/www.facebook.com\/MagazineBilan\/","article_published_time":"2020-04-28T10:09:01+00:00","og_image":[{"width":1020,"height":450,"url":"https:\/\/www.jobcloud.ch\/wp-content\/uploads\/2020\/02\/temppartiel-2.jpg","type":"image\/jpeg"}],"author":"Bilan","twitter_card":"summary_large_image","twitter_misc":{"Written by":"Bilan"},"schema":{"@context":"https:\/\/schema.org","@graph":[{"@type":"Article","@id":"https:\/\/www.bilan.ch\/femmes-leaders\/temps-partiel-choisi-ou-subi-pourquoi-les-femmes-y-sont-majoritaires#article","isPartOf":{"@id":"https:\/\/www.jobcloud.ch\/c\/fr-ch\/blog\/2020\/04\/travail-a-temps-partiel-quelles-en-sont-les-consequences-et-pourquoi-les-femmes-y-sont-majoritaires\/"},"author":{"name":"Bilan","@id":"https:\/\/www.jobcloud.ch\/c\/fr-ch\/#\/schema\/person\/c88cbc558d65637c50616b9e94174a3b"},"headline":"Travail \u00e0 temps partiel: quelles en sont les cons\u00e9quences et pourquoi les femmes y sont majoritaires?","datePublished":"2020-04-28T10:09:01+00:00","mainEntityOfPage":{"@id":"https:\/\/www.jobcloud.ch\/c\/fr-ch\/blog\/2020\/04\/travail-a-temps-partiel-quelles-en-sont-les-consequences-et-pourquoi-les-femmes-y-sont-majoritaires\/"},"wordCount":16,"commentCount":0,"publisher":{"@id":"https:\/\/www.jobcloud.ch\/c\/fr-ch\/#organization"},"image":{"@id":"https:\/\/www.bilan.ch\/femmes-leaders\/temps-partiel-choisi-ou-subi-pourquoi-les-femmes-y-sont-majoritaires#primaryimage"},"thumbnailUrl":"https:\/\/www.jobcloud.ch\/wp-content\/uploads\/2020\/02\/temppartiel-2.jpg","keywords":["postes temporaires","travail","travail \u00e0 temps partiel"],"articleSection":["Actualit\u00e9s du march\u00e9"],"inLanguage":"fr-CH","potentialAction":[{"@type":"CommentAction","name":"Comment","target":["https:\/\/www.bilan.ch\/femmes-leaders\/temps-partiel-choisi-ou-subi-pourquoi-les-femmes-y-sont-majoritaires#respond"]}]},{"@type":"WebPage","@id":"https:\/\/www.jobcloud.ch\/c\/fr-ch\/blog\/2020\/04\/travail-a-temps-partiel-quelles-en-sont-les-consequences-et-pourquoi-les-femmes-y-sont-majoritaires\/","url":"https:\/\/www.bilan.ch\/femmes-leaders\/temps-partiel-choisi-ou-subi-pourquoi-les-femmes-y-sont-majoritaires","name":"Travail \u00e0 temps partiel: quelles en sont les cons\u00e9quences et pourquoi les femmes y sont majoritaires? | JobCloud","isPartOf":{"@id":"https:\/\/www.jobcloud.ch\/c\/fr-ch\/#website"},"primaryImageOfPage":{"@id":"https:\/\/www.bilan.ch\/femmes-leaders\/temps-partiel-choisi-ou-subi-pourquoi-les-femmes-y-sont-majoritaires#primaryimage"},"image":{"@id":"https:\/\/www.bilan.ch\/femmes-leaders\/temps-partiel-choisi-ou-subi-pourquoi-les-femmes-y-sont-majoritaires#primaryimage"},"thumbnailUrl":"https:\/\/www.jobcloud.ch\/wp-content\/uploads\/2020\/02\/temppartiel-2.jpg","datePublished":"2020-04-28T10:09:01+00:00","inLanguage":"fr-CH","potentialAction":[{"@type":"ReadAction","target":["https:\/\/www.bilan.ch\/femmes-leaders\/temps-partiel-choisi-ou-subi-pourquoi-les-femmes-y-sont-majoritaires"]}]},{"@type":"ImageObject","inLanguage":"fr-CH","@id":"https:\/\/www.bilan.ch\/femmes-leaders\/temps-partiel-choisi-ou-subi-pourquoi-les-femmes-y-sont-majoritaires#primaryimage","url":"https:\/\/www.jobcloud.ch\/wp-content\/uploads\/2020\/02\/temppartiel-2.jpg","contentUrl":"https:\/\/www.jobcloud.ch\/wp-content\/uploads\/2020\/02\/temppartiel-2.jpg","width":1020,"height":450,"caption":"temp partiel"},{"@type":"WebSite","@id":"https:\/\/www.jobcloud.ch\/c\/fr-ch\/#website","url":"https:\/\/www.jobcloud.ch\/c\/fr-ch\/","name":"JobCloud","description":"JobCloud is the leading job portal for jobseekers in Switzerland","publisher":{"@id":"https:\/\/www.jobcloud.ch\/c\/fr-ch\/#organization"},"potentialAction":[{"@type":"SearchAction","target":{"@type":"EntryPoint","urlTemplate":"https:\/\/www.jobcloud.ch\/c\/fr-ch\/?s={search_term_string}"},"query-input":{"@type":"PropertyValueSpecification","valueRequired":true,"valueName":"search_term_string"}}],"inLanguage":"fr-CH"},{"@type":"Organization","@id":"https:\/\/www.jobcloud.ch\/c\/fr-ch\/#organization","name":"JobCloud","url":"https:\/\/www.jobcloud.ch\/c\/fr-ch\/","logo":{"@type":"ImageObject","inLanguage":"fr-CH","@id":"https:\/\/www.jobcloud.ch\/c\/fr-ch\/#\/schema\/logo\/image\/","url":"https:\/\/www.jobcloud.ch\/wp-content\/uploads\/2020\/02\/jobcloude-logo.svg","contentUrl":"https:\/\/www.jobcloud.ch\/wp-content\/uploads\/2020\/02\/jobcloude-logo.svg","width":160,"height":37,"caption":"JobCloud"},"image":{"@id":"https:\/\/www.jobcloud.ch\/c\/fr-ch\/#\/schema\/logo\/image\/"}},{"@type":"Person","@id":"https:\/\/www.jobcloud.ch\/c\/fr-ch\/#\/schema\/person\/c88cbc558d65637c50616b9e94174a3b","name":"Bilan","image":{"@type":"ImageObject","inLanguage":"fr-CH","@id":"https:\/\/www.jobcloud.ch\/wp-content\/uploads\/2021\/01\/Bilan_avatar-96x96.png","url":"https:\/\/www.jobcloud.ch\/wp-content\/uploads\/2021\/01\/Bilan_avatar-96x96.png","contentUrl":"https:\/\/www.jobcloud.ch\/wp-content\/uploads\/2021\/01\/Bilan_avatar-96x96.png","caption":"Bilan"},"sameAs":["https:\/\/www.bilan.ch\/","https:\/\/www.facebook.com\/MagazineBilan\/","https:\/\/www.linkedin.com\/company\/bilan\/","https:\/\/www.youtube.com\/user\/TVBilan"],"url":"https:\/\/www.jobcloud.ch\/c\/fr-ch\/blog\/author\/bilan\/"}]}},"_links":{"self":[{"href":"https:\/\/www.jobcloud.ch\/c\/fr-ch\/wp-json\/wp\/v2\/posts\/22682","targetHints":{"allow":["GET"]}}],"collection":[{"href":"https:\/\/www.jobcloud.ch\/c\/fr-ch\/wp-json\/wp\/v2\/posts"}],"about":[{"href":"https:\/\/www.jobcloud.ch\/c\/fr-ch\/wp-json\/wp\/v2\/types\/post"}],"author":[{"embeddable":true,"href":"https:\/\/www.jobcloud.ch\/c\/fr-ch\/wp-json\/wp\/v2\/users\/42"}],"replies":[{"embeddable":true,"href":"https:\/\/www.jobcloud.ch\/c\/fr-ch\/wp-json\/wp\/v2\/comments?post=22682"}],"version-history":[{"count":0,"href":"https:\/\/www.jobcloud.ch\/c\/fr-ch\/wp-json\/wp\/v2\/posts\/22682\/revisions"}],"wp:featuredmedia":[{"embeddable":true,"href":"https:\/\/www.jobcloud.ch\/c\/fr-ch\/wp-json\/wp\/v2\/media\/22689"}],"wp:attachment":[{"href":"https:\/\/www.jobcloud.ch\/c\/fr-ch\/wp-json\/wp\/v2\/media?parent=22682"}],"wp:term":[{"taxonomy":"category","embeddable":true,"href":"https:\/\/www.jobcloud.ch\/c\/fr-ch\/wp-json\/wp\/v2\/categories?post=22682"},{"taxonomy":"post_tag","embeddable":true,"href":"https:\/\/www.jobcloud.ch\/c\/fr-ch\/wp-json\/wp\/v2\/tags?post=22682"}],"curies":[{"name":"wp","href":"https:\/\/api.w.org\/{rel}","templated":true}]}}