     {"id":17186,"date":"2018-11-05T18:35:17","date_gmt":"2018-11-05T16:35:17","guid":{"rendered":"https:\/\/www.jobcloud.ch\/c\/fr-ch\/?p=17186"},"modified":"2018-11-05T18:35:17","modified_gmt":"2018-11-05T16:35:17","slug":"transparence-salariale-avec-systeme-de-roles-le-modele-dune-pme","status":"publish","type":"post","link":"https:\/\/www.jobcloud.ch\/c\/fr-ch\/blog\/2018\/11\/transparence-salariale-avec-systeme-de-roles-le-modele-dune-pme\/","title":{"rendered":"Transparence salariale avec syst\u00e8me de r\u00f4les \u2013 le mod\u00e8le d\u2019une PME"},"content":{"rendered":"","protected":false},"excerpt":{"rendered":"","protected":false},"author":27,"featured_media":29175,"comment_status":"open","ping_status":"closed","sticky":false,"template":"","format":"standard","meta":{"_acf_changed":false,"inline_featured_image":false,"footnotes":""},"categories":[1702],"tags":[1409,1694,2033,1998],"class_list":["post-17186","post","type-post","status-publish","format-standard","has-post-thumbnail","hentry","category-rh-et-talent-management","tag-gimelli","tag-salaire","tag-systeme-de-roles","tag-transparence-salariale"],"acf":[],"yoast_head":"<!-- This site is optimized with the Yoast SEO plugin v27.2 - https:\/\/yoast.com\/product\/yoast-seo-wordpress\/ -->\n<title>Transparence salariale avec syst\u00e8me de r\u00f4les \u2013 le mod\u00e8le d\u2019une PME | JobCloud<\/title>\n<meta name=\"description\" content=\"La transparence salariale est le sujet du moment. Cette fois-ci, nous avons rencontr\u00e9 une entreprise qui l&#039;a appliqu\u00e9e sous la forme d&#039;un syst\u00e8me de r\u00f4les.\" \/>\n<meta name=\"robots\" content=\"index, follow, max-snippet:-1, max-image-preview:large, max-video-preview:-1\" \/>\n<link rel=\"canonical\" href=\"https:\/\/www.jobcloud.ch\/c\/fr-ch\/blog\/2018\/11\/transparence-salariale-avec-systeme-de-roles-le-modele-dune-pme\/\" \/>\n<meta property=\"og:locale\" content=\"fr_FR\" \/>\n<meta property=\"og:type\" content=\"article\" \/>\n<meta property=\"og:title\" content=\"Transparence salariale avec syst\u00e8me de r\u00f4les \u2013 le mod\u00e8le d\u2019une PME | JobCloud\" \/>\n<meta property=\"og:description\" content=\"La transparence salariale est le sujet du moment. Cette fois-ci, nous avons rencontr\u00e9 une entreprise qui l&#039;a appliqu\u00e9e sous la forme d&#039;un syst\u00e8me de r\u00f4les.\" \/>\n<meta property=\"og:url\" content=\"https:\/\/www.jobcloud.ch\/c\/fr-ch\/blog\/2018\/11\/transparence-salariale-avec-systeme-de-roles-le-modele-dune-pme\/\" \/>\n<meta property=\"og:site_name\" content=\"JobCloud\" \/>\n<meta property=\"article:published_time\" content=\"2018-11-05T16:35:17+00:00\" \/>\n<meta property=\"og:image\" content=\"https:\/\/www.jobcloud.ch\/wp-content\/uploads\/2018\/10\/lohnetransparenz-gimelli-2.jpg\" \/>\n\t<meta property=\"og:image:width\" content=\"949\" \/>\n\t<meta property=\"og:image:height\" content=\"420\" \/>\n\t<meta property=\"og:image:type\" content=\"image\/jpeg\" \/>\n<meta name=\"author\" content=\"Mathias Steger\" \/>\n<meta name=\"twitter:card\" content=\"summary_large_image\" \/>\n<meta name=\"twitter:label1\" content=\"Written by\" \/>\n\t<meta name=\"twitter:data1\" content=\"Mathias Steger\" \/>\n<script type=\"application\/ld+json\" class=\"yoast-schema-graph\">{\"@context\":\"https:\/\/schema.org\",\"@graph\":[{\"@type\":\"Article\",\"@id\":\"https:\/\/www.jobcloud.ch\/c\/fr-ch\/blog\/2018\/11\/transparence-salariale-avec-systeme-de-roles-le-modele-dune-pme\/#article\",\"isPartOf\":{\"@id\":\"https:\/\/www.jobcloud.ch\/c\/fr-ch\/blog\/2018\/11\/transparence-salariale-avec-systeme-de-roles-le-modele-dune-pme\/\"},\"author\":{\"name\":\"Mathias Steger\",\"@id\":\"https:\/\/www.jobcloud.ch\/c\/fr-ch\/#\/schema\/person\/1f8af37d814987189cbef1b058a084a4\"},\"headline\":\"Transparence salariale avec syst\u00e8me de r\u00f4les \u2013 le mod\u00e8le d\u2019une PME\",\"datePublished\":\"2018-11-05T16:35:17+00:00\",\"mainEntityOfPage\":{\"@id\":\"https:\/\/www.jobcloud.ch\/c\/fr-ch\/blog\/2018\/11\/transparence-salariale-avec-systeme-de-roles-le-modele-dune-pme\/\"},\"wordCount\":14,\"commentCount\":0,\"publisher\":{\"@id\":\"https:\/\/www.jobcloud.ch\/c\/fr-ch\/#organization\"},\"image\":{\"@id\":\"https:\/\/www.jobcloud.ch\/c\/fr-ch\/blog\/2018\/11\/transparence-salariale-avec-systeme-de-roles-le-modele-dune-pme\/#primaryimage\"},\"thumbnailUrl\":\"https:\/\/www.jobcloud.ch\/wp-content\/uploads\/2018\/10\/lohnetransparenz-gimelli-2.jpg\",\"keywords\":[\"Gimelli\",\"salaire\",\"syst\u00e8me de r\u00f4les\",\"transparence salariale\"],\"articleSection\":[\"RH &amp; Talent management\"],\"inLanguage\":\"fr-CH\",\"potentialAction\":[{\"@type\":\"CommentAction\",\"name\":\"Comment\",\"target\":[\"https:\/\/www.jobcloud.ch\/c\/fr-ch\/blog\/2018\/11\/transparence-salariale-avec-systeme-de-roles-le-modele-dune-pme\/#respond\"]}]},{\"@type\":\"WebPage\",\"@id\":\"https:\/\/www.jobcloud.ch\/c\/fr-ch\/blog\/2018\/11\/transparence-salariale-avec-systeme-de-roles-le-modele-dune-pme\/\",\"url\":\"https:\/\/www.jobcloud.ch\/c\/fr-ch\/blog\/2018\/11\/transparence-salariale-avec-systeme-de-roles-le-modele-dune-pme\/\",\"name\":\"Transparence salariale avec syst\u00e8me de r\u00f4les \u2013 le mod\u00e8le d\u2019une PME | JobCloud\",\"isPartOf\":{\"@id\":\"https:\/\/www.jobcloud.ch\/c\/fr-ch\/#website\"},\"primaryImageOfPage\":{\"@id\":\"https:\/\/www.jobcloud.ch\/c\/fr-ch\/blog\/2018\/11\/transparence-salariale-avec-systeme-de-roles-le-modele-dune-pme\/#primaryimage\"},\"image\":{\"@id\":\"https:\/\/www.jobcloud.ch\/c\/fr-ch\/blog\/2018\/11\/transparence-salariale-avec-systeme-de-roles-le-modele-dune-pme\/#primaryimage\"},\"thumbnailUrl\":\"https:\/\/www.jobcloud.ch\/wp-content\/uploads\/2018\/10\/lohnetransparenz-gimelli-2.jpg\",\"datePublished\":\"2018-11-05T16:35:17+00:00\",\"description\":\"La transparence salariale est le sujet du moment. Cette fois-ci, nous avons rencontr\u00e9 une entreprise qui l'a appliqu\u00e9e sous la forme d'un syst\u00e8me de r\u00f4les.\",\"inLanguage\":\"fr-CH\",\"potentialAction\":[{\"@type\":\"ReadAction\",\"target\":[\"https:\/\/www.jobcloud.ch\/c\/fr-ch\/blog\/2018\/11\/transparence-salariale-avec-systeme-de-roles-le-modele-dune-pme\/\"]}]},{\"@type\":\"ImageObject\",\"inLanguage\":\"fr-CH\",\"@id\":\"https:\/\/www.jobcloud.ch\/c\/fr-ch\/blog\/2018\/11\/transparence-salariale-avec-systeme-de-roles-le-modele-dune-pme\/#primaryimage\",\"url\":\"https:\/\/www.jobcloud.ch\/wp-content\/uploads\/2018\/10\/lohnetransparenz-gimelli-2.jpg\",\"contentUrl\":\"https:\/\/www.jobcloud.ch\/wp-content\/uploads\/2018\/10\/lohnetransparenz-gimelli-2.jpg\",\"width\":949,\"height\":420,\"caption\":\"transparence salariale\"},{\"@type\":\"WebSite\",\"@id\":\"https:\/\/www.jobcloud.ch\/c\/fr-ch\/#website\",\"url\":\"https:\/\/www.jobcloud.ch\/c\/fr-ch\/\",\"name\":\"JobCloud\",\"description\":\"JobCloud is the leading job portal for jobseekers in Switzerland\",\"publisher\":{\"@id\":\"https:\/\/www.jobcloud.ch\/c\/fr-ch\/#organization\"},\"potentialAction\":[{\"@type\":\"SearchAction\",\"target\":{\"@type\":\"EntryPoint\",\"urlTemplate\":\"https:\/\/www.jobcloud.ch\/c\/fr-ch\/?s={search_term_string}\"},\"query-input\":{\"@type\":\"PropertyValueSpecification\",\"valueRequired\":true,\"valueName\":\"search_term_string\"}}],\"inLanguage\":\"fr-CH\"},{\"@type\":\"Organization\",\"@id\":\"https:\/\/www.jobcloud.ch\/c\/fr-ch\/#organization\",\"name\":\"JobCloud\",\"url\":\"https:\/\/www.jobcloud.ch\/c\/fr-ch\/\",\"logo\":{\"@type\":\"ImageObject\",\"inLanguage\":\"fr-CH\",\"@id\":\"https:\/\/www.jobcloud.ch\/c\/fr-ch\/#\/schema\/logo\/image\/\",\"url\":\"https:\/\/www.jobcloud.ch\/wp-content\/uploads\/2020\/02\/jobcloude-logo.svg\",\"contentUrl\":\"https:\/\/www.jobcloud.ch\/wp-content\/uploads\/2020\/02\/jobcloude-logo.svg\",\"width\":160,\"height\":37,\"caption\":\"JobCloud\"},\"image\":{\"@id\":\"https:\/\/www.jobcloud.ch\/c\/fr-ch\/#\/schema\/logo\/image\/\"}},{\"@type\":\"Person\",\"@id\":\"https:\/\/www.jobcloud.ch\/c\/fr-ch\/#\/schema\/person\/1f8af37d814987189cbef1b058a084a4\",\"name\":\"Mathias Steger\",\"image\":{\"@type\":\"ImageObject\",\"inLanguage\":\"fr-CH\",\"@id\":\"https:\/\/www.jobcloud.ch\/wp-content\/uploads\/2021\/01\/Mathias-Steger_avatar-96x96.png\",\"url\":\"https:\/\/www.jobcloud.ch\/wp-content\/uploads\/2021\/01\/Mathias-Steger_avatar-96x96.png\",\"contentUrl\":\"https:\/\/www.jobcloud.ch\/wp-content\/uploads\/2021\/01\/Mathias-Steger_avatar-96x96.png\",\"caption\":\"Mathias Steger\"},\"sameAs\":[\"https:\/\/www.linkedin.com\/in\/mathias-steger-52164a11b?\"],\"url\":\"https:\/\/www.jobcloud.ch\/c\/fr-ch\/blog\/author\/msteger\/\"}]}<\/script>\n<!-- \/ Yoast SEO plugin. -->","yoast_head_json":{"title":"Transparence salariale avec syst\u00e8me de r\u00f4les \u2013 le mod\u00e8le d\u2019une PME | JobCloud","description":"La transparence salariale est le sujet du moment. Cette fois-ci, nous avons rencontr\u00e9 une entreprise qui l'a appliqu\u00e9e sous la forme d'un syst\u00e8me de r\u00f4les.","robots":{"index":"index","follow":"follow","max-snippet":"max-snippet:-1","max-image-preview":"max-image-preview:large","max-video-preview":"max-video-preview:-1"},"canonical":"https:\/\/www.jobcloud.ch\/c\/fr-ch\/blog\/2018\/11\/transparence-salariale-avec-systeme-de-roles-le-modele-dune-pme\/","og_locale":"fr_FR","og_type":"article","og_title":"Transparence salariale avec syst\u00e8me de r\u00f4les \u2013 le mod\u00e8le d\u2019une PME | JobCloud","og_description":"La transparence salariale est le sujet du moment. Cette fois-ci, nous avons rencontr\u00e9 une entreprise qui l'a appliqu\u00e9e sous la forme d'un syst\u00e8me de r\u00f4les.","og_url":"https:\/\/www.jobcloud.ch\/c\/fr-ch\/blog\/2018\/11\/transparence-salariale-avec-systeme-de-roles-le-modele-dune-pme\/","og_site_name":"JobCloud","article_published_time":"2018-11-05T16:35:17+00:00","og_image":[{"width":949,"height":420,"url":"https:\/\/www.jobcloud.ch\/wp-content\/uploads\/2018\/10\/lohnetransparenz-gimelli-2.jpg","type":"image\/jpeg"}],"author":"Mathias Steger","twitter_card":"summary_large_image","twitter_misc":{"Written by":"Mathias Steger"},"schema":{"@context":"https:\/\/schema.org","@graph":[{"@type":"Article","@id":"https:\/\/www.jobcloud.ch\/c\/fr-ch\/blog\/2018\/11\/transparence-salariale-avec-systeme-de-roles-le-modele-dune-pme\/#article","isPartOf":{"@id":"https:\/\/www.jobcloud.ch\/c\/fr-ch\/blog\/2018\/11\/transparence-salariale-avec-systeme-de-roles-le-modele-dune-pme\/"},"author":{"name":"Mathias Steger","@id":"https:\/\/www.jobcloud.ch\/c\/fr-ch\/#\/schema\/person\/1f8af37d814987189cbef1b058a084a4"},"headline":"Transparence salariale avec syst\u00e8me de r\u00f4les \u2013 le mod\u00e8le d\u2019une PME","datePublished":"2018-11-05T16:35:17+00:00","mainEntityOfPage":{"@id":"https:\/\/www.jobcloud.ch\/c\/fr-ch\/blog\/2018\/11\/transparence-salariale-avec-systeme-de-roles-le-modele-dune-pme\/"},"wordCount":14,"commentCount":0,"publisher":{"@id":"https:\/\/www.jobcloud.ch\/c\/fr-ch\/#organization"},"image":{"@id":"https:\/\/www.jobcloud.ch\/c\/fr-ch\/blog\/2018\/11\/transparence-salariale-avec-systeme-de-roles-le-modele-dune-pme\/#primaryimage"},"thumbnailUrl":"https:\/\/www.jobcloud.ch\/wp-content\/uploads\/2018\/10\/lohnetransparenz-gimelli-2.jpg","keywords":["Gimelli","salaire","syst\u00e8me de r\u00f4les","transparence salariale"],"articleSection":["RH &amp; Talent management"],"inLanguage":"fr-CH","potentialAction":[{"@type":"CommentAction","name":"Comment","target":["https:\/\/www.jobcloud.ch\/c\/fr-ch\/blog\/2018\/11\/transparence-salariale-avec-systeme-de-roles-le-modele-dune-pme\/#respond"]}]},{"@type":"WebPage","@id":"https:\/\/www.jobcloud.ch\/c\/fr-ch\/blog\/2018\/11\/transparence-salariale-avec-systeme-de-roles-le-modele-dune-pme\/","url":"https:\/\/www.jobcloud.ch\/c\/fr-ch\/blog\/2018\/11\/transparence-salariale-avec-systeme-de-roles-le-modele-dune-pme\/","name":"Transparence salariale avec syst\u00e8me de r\u00f4les \u2013 le mod\u00e8le d\u2019une PME | JobCloud","isPartOf":{"@id":"https:\/\/www.jobcloud.ch\/c\/fr-ch\/#website"},"primaryImageOfPage":{"@id":"https:\/\/www.jobcloud.ch\/c\/fr-ch\/blog\/2018\/11\/transparence-salariale-avec-systeme-de-roles-le-modele-dune-pme\/#primaryimage"},"image":{"@id":"https:\/\/www.jobcloud.ch\/c\/fr-ch\/blog\/2018\/11\/transparence-salariale-avec-systeme-de-roles-le-modele-dune-pme\/#primaryimage"},"thumbnailUrl":"https:\/\/www.jobcloud.ch\/wp-content\/uploads\/2018\/10\/lohnetransparenz-gimelli-2.jpg","datePublished":"2018-11-05T16:35:17+00:00","description":"La transparence salariale est le sujet du moment. Cette fois-ci, nous avons rencontr\u00e9 une entreprise qui l'a appliqu\u00e9e sous la forme d'un syst\u00e8me de r\u00f4les.","inLanguage":"fr-CH","potentialAction":[{"@type":"ReadAction","target":["https:\/\/www.jobcloud.ch\/c\/fr-ch\/blog\/2018\/11\/transparence-salariale-avec-systeme-de-roles-le-modele-dune-pme\/"]}]},{"@type":"ImageObject","inLanguage":"fr-CH","@id":"https:\/\/www.jobcloud.ch\/c\/fr-ch\/blog\/2018\/11\/transparence-salariale-avec-systeme-de-roles-le-modele-dune-pme\/#primaryimage","url":"https:\/\/www.jobcloud.ch\/wp-content\/uploads\/2018\/10\/lohnetransparenz-gimelli-2.jpg","contentUrl":"https:\/\/www.jobcloud.ch\/wp-content\/uploads\/2018\/10\/lohnetransparenz-gimelli-2.jpg","width":949,"height":420,"caption":"transparence salariale"},{"@type":"WebSite","@id":"https:\/\/www.jobcloud.ch\/c\/fr-ch\/#website","url":"https:\/\/www.jobcloud.ch\/c\/fr-ch\/","name":"JobCloud","description":"JobCloud is the leading job portal for jobseekers in Switzerland","publisher":{"@id":"https:\/\/www.jobcloud.ch\/c\/fr-ch\/#organization"},"potentialAction":[{"@type":"SearchAction","target":{"@type":"EntryPoint","urlTemplate":"https:\/\/www.jobcloud.ch\/c\/fr-ch\/?s={search_term_string}"},"query-input":{"@type":"PropertyValueSpecification","valueRequired":true,"valueName":"search_term_string"}}],"inLanguage":"fr-CH"},{"@type":"Organization","@id":"https:\/\/www.jobcloud.ch\/c\/fr-ch\/#organization","name":"JobCloud","url":"https:\/\/www.jobcloud.ch\/c\/fr-ch\/","logo":{"@type":"ImageObject","inLanguage":"fr-CH","@id":"https:\/\/www.jobcloud.ch\/c\/fr-ch\/#\/schema\/logo\/image\/","url":"https:\/\/www.jobcloud.ch\/wp-content\/uploads\/2020\/02\/jobcloude-logo.svg","contentUrl":"https:\/\/www.jobcloud.ch\/wp-content\/uploads\/2020\/02\/jobcloude-logo.svg","width":160,"height":37,"caption":"JobCloud"},"image":{"@id":"https:\/\/www.jobcloud.ch\/c\/fr-ch\/#\/schema\/logo\/image\/"}},{"@type":"Person","@id":"https:\/\/www.jobcloud.ch\/c\/fr-ch\/#\/schema\/person\/1f8af37d814987189cbef1b058a084a4","name":"Mathias Steger","image":{"@type":"ImageObject","inLanguage":"fr-CH","@id":"https:\/\/www.jobcloud.ch\/wp-content\/uploads\/2021\/01\/Mathias-Steger_avatar-96x96.png","url":"https:\/\/www.jobcloud.ch\/wp-content\/uploads\/2021\/01\/Mathias-Steger_avatar-96x96.png","contentUrl":"https:\/\/www.jobcloud.ch\/wp-content\/uploads\/2021\/01\/Mathias-Steger_avatar-96x96.png","caption":"Mathias Steger"},"sameAs":["https:\/\/www.linkedin.com\/in\/mathias-steger-52164a11b?"],"url":"https:\/\/www.jobcloud.ch\/c\/fr-ch\/blog\/author\/msteger\/"}]}},"_links":{"self":[{"href":"https:\/\/www.jobcloud.ch\/c\/fr-ch\/wp-json\/wp\/v2\/posts\/17186","targetHints":{"allow":["GET"]}}],"collection":[{"href":"https:\/\/www.jobcloud.ch\/c\/fr-ch\/wp-json\/wp\/v2\/posts"}],"about":[{"href":"https:\/\/www.jobcloud.ch\/c\/fr-ch\/wp-json\/wp\/v2\/types\/post"}],"author":[{"embeddable":true,"href":"https:\/\/www.jobcloud.ch\/c\/fr-ch\/wp-json\/wp\/v2\/users\/27"}],"replies":[{"embeddable":true,"href":"https:\/\/www.jobcloud.ch\/c\/fr-ch\/wp-json\/wp\/v2\/comments?post=17186"}],"version-history":[{"count":0,"href":"https:\/\/www.jobcloud.ch\/c\/fr-ch\/wp-json\/wp\/v2\/posts\/17186\/revisions"}],"wp:featuredmedia":[{"embeddable":true,"href":"https:\/\/www.jobcloud.ch\/c\/fr-ch\/wp-json\/wp\/v2\/media\/29175"}],"wp:attachment":[{"href":"https:\/\/www.jobcloud.ch\/c\/fr-ch\/wp-json\/wp\/v2\/media?parent=17186"}],"wp:term":[{"taxonomy":"category","embeddable":true,"href":"https:\/\/www.jobcloud.ch\/c\/fr-ch\/wp-json\/wp\/v2\/categories?post=17186"},{"taxonomy":"post_tag","embeddable":true,"href":"https:\/\/www.jobcloud.ch\/c\/fr-ch\/wp-json\/wp\/v2\/tags?post=17186"}],"curies":[{"name":"wp","href":"https:\/\/api.w.org\/{rel}","templated":true}]}}