     {"id":10690,"date":"2017-03-27T08:37:44","date_gmt":"2017-03-27T06:37:44","guid":{"rendered":"https:\/\/www.jobcloud.ch\/c\/fr-ch\/?p=10690"},"modified":"2020-12-08T14:04:54","modified_gmt":"2020-12-08T13:04:54","slug":"blog201612la-responsabilite-societale-des-entreprises-une-veritable-responsabilite-ou-seulement-un-phenomene","status":"publish","type":"post","link":"https:\/\/www.jobcloud.ch\/c\/fr-ch\/blog\/2016\/12\/la-responsabilite-societale-des-entreprises-une-veritable-responsabilite-ou-seulement-un-phenomene\/","title":{"rendered":"La responsabilit\u00e9 soci\u00e9tale des entreprises, une v\u00e9ritable responsabilit\u00e9 ou seulement un ph\u00e9nom\u00e8ne ?"},"content":{"rendered":"<p>La responsabilit\u00e9 soci\u00e9tale des entreprises (RSE) fait l&#8217;objet d&#8217;\u00e9loges et repr\u00e9sente un facteur d\u00e9cisif pour les entreprises qui veulent r\u00e9ussir \u00e0 l&#8217;avenir. Ce que l&#8217;on entend par l\u00e0, c&#8217;est la responsabilit\u00e9 qu&#8217;une entreprise assume envers ses employ\u00e9s, mais aussi envers son environnement social, \u00e0 savoir les individus en dehors de l&#8217;entreprise et l&#8217;environnement. De ce fait, les dimensions de la responsabilit\u00e9 soci\u00e9tale des entreprises sont immenses. Elles vont de l&#8217;autor\u00e9gulation volontaire concernant l&#8217;engagement social des employ\u00e9s et des personnes externes \u00e0 l&#8217;entreprise jusqu&#8217;\u00e0 la prise en charge de l&#8217;aide au d\u00e9veloppement dans le domaine des infrastructures et de l&#8217;\u00e9ducation. Mais qu&#8217;en est-il vraiment de ce nouveau sens des responsabilit\u00e9s dans les entreprises ?<\/p>\n<p><img fetchpriority=\"high\" decoding=\"async\" class=\"size-medium wp-image-10662\" src=\"https:\/\/www.jobcloud.ch\/wp-content\/uploads\/2016\/12\/social_responsibility-680x454.jpg\" alt=\"Corporate Social Responsibility CSR and Sustainability Responsible Office CSR open book on table and coffee Business\" width=\"680\" height=\"454\" \/><\/p>\n<h2>L&#8217;autocontr\u00f4le volontaire devient un facteur de succ\u00e8s<\/h2>\n<p>Lorsqu&#8217;une entreprise veut exercer une RSE, elle dispose d&#8217;un large \u00e9ventail d&#8217;actions possibles. Tout d&#8217;abord, il est question de conformit\u00e9, \u00e0 savoir le respect de r\u00e8glements, qui sont certes sens\u00e9s, mais pas obligatoires. Mot-cl\u00e9 : autocontr\u00f4le volontaire. Il s&#8217;agit par exemple de r\u00e9duire le taux de CO2 rejet\u00e9 lors de la production ou de sanctionner les atteintes aux droits de l&#8217;homme perp\u00e9tr\u00e9s par les fournisseurs. Ceci, par exemple, a caus\u00e9 un remous m\u00e9diatique dans le secteur de la mode, lorsque des ateliers de couture de pays en voie de d\u00e9veloppement se sont retrouv\u00e9s sous les projecteurs pour avoir trait\u00e9 leurs employ\u00e9s de mani\u00e8re inhumaine. Le secteur entier a appris de cette exp\u00e9rience et sait aussi \u00e0 quel point l&#8217;engagement dans des mesures de RSE est important pour la r\u00e9ussite des entreprises. Pour le d\u00e9montrer \u00e0 tous, les entreprises se reposent sur des rapports et des certifications. Elles peuvent ainsi communiquer des d\u00e9clarations claires aux consommateurs et aux entreprises concurrentes : nous faisons du commerce dans ce secteur de mani\u00e8re responsable.<\/p>\n<h2>La responsabilit\u00e9 soci\u00e9tale des entreprises : tout le monde y trouve son compte<\/h2>\n<p>Cependant, la responsabilit\u00e9 soci\u00e9tale des entreprises va bien au-del\u00e0 du terme de conformit\u00e9. Toutes les activit\u00e9s d&#8217;une entreprise conduisant \u00e0 relever les d\u00e9fis soci\u00e9taux contribuent au bilan de la RSE. Dans ce cadre, la gestion des ressources humaines a un grand potentiel. Par exemple, en encourageant la formation et la formation continue de leurs propres employ\u00e9s, les entreprises contribuent \u00e0 l&#8217;augmentation du niveau d&#8217;\u00e9ducation de l&#8217;ensemble de la soci\u00e9t\u00e9. Garder ces employ\u00e9s hautement qualifi\u00e9s \u00e0 long terme dans l&#8217;entreprise requiert davantage d&#8217;engagement &#8211; cette fois dans une autre dimension de la responsabilit\u00e9 soci\u00e9tale des entreprises. Il s&#8217;agit dans ce cas de concilier la vie de famille et la vie professionnelle, un th\u00e8me toujours plus important.<br \/>\nLes grandes entreprises d\u00e9finissent dans ce domaine de nouveaux standards. Elles mettent non seulement en place des mesures afin d&#8217;\u00eatre mieux connect\u00e9es \u00e0 leurs propres employ\u00e9s, mais elles red\u00e9finissent aussi les normes sociales. AXA Winterthur est un bon exemple de pens\u00e9e progressiste concernant la conciliation entre la vie de famille et la vie professionnelle. Pour chaque poste de travail, il est possible de travailler \u00e0 80 %. L&#8217;entreprise communique, par ce biais, la possibilit\u00e9 de travailler \u00e0 temps partiel \u00e0 chaque niveau de l&#8217;entreprise. Ainsi, m\u00eame les postes de direction sont accessibles aux employ\u00e9s qui souhaitent une r\u00e9partition plus flexible entre leur travail et leur vie priv\u00e9e, afin de rester fid\u00e8les \u00e0 leur id\u00e9al de vie familiale.<br \/>\nLes CFF sont aussi un bon exemple quand il s&#8217;agit de d\u00e9montrer les effets sur la soci\u00e9t\u00e9 d&#8217;une RSE dans le domaine de la gestion des ressources humaines. Depuis 2013, ils misent sur le recrutement cibl\u00e9 d&#8217;employ\u00e9s appartenant au groupe des plus de cinquante ans. L&#8217;entreprise s&#8217;attend ainsi \u00e0 l&#8217;augmentation des comp\u00e9tences chez les employ\u00e9s, des comp\u00e9tences que la jeune g\u00e9n\u00e9ration ne poss\u00e8de souvent pas encore. De plus, l&#8217;entreprise peut ajouter \u00e0 sa liste de RSE un effet encore plus positif, \u00e0 savoir le fait que la tendance au d\u00e9part \u00e0 la retraite anticip\u00e9e recule gr\u00e2ce \u00e0 cette d\u00e9marche.<\/p>\n<h2>L&#8217;opinion publique est sceptique<\/h2>\n<p>Celui qui a lu jusqu&#8217;\u00e0 pr\u00e9sent avec attention va peut-\u00eatre se demander maintenant si les entreprises peuvent faire passer leurs (mesures de soutien \u00e0 l&#8217;entreprise pour des) activit\u00e9s RSE, simplement pour renforcer leurs relations publiques. Cette fa\u00e7on de penser refl\u00e8te exactement la probl\u00e9matique de la perception du public \u00e0 laquelle les entreprises se voient confront\u00e9es. L&#8217;obstacle est l&#8217;hypoth\u00e8se de base, selon laquelle les entreprises agiraient en grande partie pour faire du profit et utiliseraient tous les moyens possibles pour maximiser les profits, par exemple \u00e0 travers la manipulation de l&#8217;opinion publique. Ainsi les mesures sociales des entreprises sont per\u00e7ues comme des activit\u00e9s marketing d\u00e9guis\u00e9es et tout \u00e9v\u00e8nement n\u00e9gatif a de fortes r\u00e9percussions. Les possibilit\u00e9s de diffusion virales \u00e0 travers les r\u00e9seaux sociaux veillent \u00e0 ce que ces \u00e9v\u00e8nements isol\u00e9s re\u00e7oivent une attention disproportionn\u00e9e et entachent durablement la r\u00e9putation de l&#8217;entreprise.<\/p>\n<h2>Les entreprises ne remplacent pas la politique<\/h2>\n<p>Les entreprises ont bien s\u00fbr pour objectif de se positionner avec succ\u00e8s sur le march\u00e9, afin de s&#8217;assurer un avenir durable. Les pratiques actuelles de la RSE reposent sur cette id\u00e9e. Vouloir les communiquer est aussi l\u00e9gitime. Les consid\u00e9rer comme fondamentalement invraisemblables est donc douteux. L&#8217;opinion publique oublie que les entreprises n&#8217;ont pas pour devoir de corriger les d\u00e9rives politiques. \u00c0 cela s&#8217;ajoute le fait que les entreprises, en grande partie, s&#8217;engagent seulement dans leur propre domaine. L&#8217;entreprise textile essaie d&#8217;influencer les conditions de travail dans les ateliers de couture, le constructeur automobile am\u00e9liore l&#8217;infrastructure d&#8217;approvisionnement pour les nouveaux syst\u00e8mes de transmission. \u00c0 travers des certifications et des rapports de durabilit\u00e9, l&#8217;entreprise informe ses clients sur ses efforts. Le client peut \u00e0 son tour approuver les activit\u00e9s de l&#8217;entreprise dans la RSE gr\u00e2ce \u00e0 ses choix de consommation et par ce biais continuer \u00e0 les soutenir. C&#8217;est la grande chance de l&#8217;opinion publique.<\/p>\n<p><em><span style=\"color: #808080;\">(image:\u00a0Fotolia, adiruch na chiangmai)<\/span><\/em><\/p>\n","protected":false},"excerpt":{"rendered":"<p>La responsabilit\u00e9 soci\u00e9tale des entreprises (RSE) fait l&#8217;objet d&#8217;\u00e9loges et repr\u00e9sente un facteur d\u00e9cisif pour les entreprises qui veulent r\u00e9ussir \u00e0 l&#8217;avenir&#8230;.<\/p>\n","protected":false},"author":27,"featured_media":33381,"comment_status":"open","ping_status":"closed","sticky":false,"template":"","format":"standard","meta":{"_acf_changed":false,"inline_featured_image":false,"footnotes":""},"categories":[1711],"tags":[1810],"class_list":["post-10690","post","type-post","status-publish","format-standard","has-post-thumbnail","hentry","category-marque-employeur","tag-la-responsabilite-societale-des-entreprises"],"acf":[],"yoast_head":"<!-- This site is optimized with the Yoast SEO plugin v27.2 - https:\/\/yoast.com\/product\/yoast-seo-wordpress\/ -->\n<title>La responsabilit\u00e9 soci\u00e9tale des entreprises - JobCloud FR<\/title>\n<meta name=\"description\" content=\"La responsabilit\u00e9 soci\u00e9tale des entreprises correspond \u00e0 l&#039;esprit actuel de la soci\u00e9t\u00e9 durable. Mais, les entreprises ont parfois du mal \u00e0 \u00eatre cr\u00e9dibles.\" \/>\n<meta name=\"robots\" content=\"index, follow, max-snippet:-1, max-image-preview:large, max-video-preview:-1\" \/>\n<link rel=\"canonical\" href=\"https:\/\/www.jobcloud.ch\/c\/fr-ch\/blog\/2016\/12\/la-responsabilite-societale-des-entreprises-une-veritable-responsabilite-ou-seulement-un-phenomene\/\" \/>\n<meta property=\"og:locale\" content=\"fr_FR\" \/>\n<meta property=\"og:type\" content=\"article\" \/>\n<meta property=\"og:title\" content=\"La responsabilit\u00e9 soci\u00e9tale des entreprises - JobCloud FR\" \/>\n<meta property=\"og:description\" content=\"La responsabilit\u00e9 soci\u00e9tale des entreprises correspond \u00e0 l&#039;esprit actuel de la soci\u00e9t\u00e9 durable. Mais, les entreprises ont parfois du mal \u00e0 \u00eatre cr\u00e9dibles.\" \/>\n<meta property=\"og:url\" content=\"https:\/\/www.jobcloud.ch\/c\/fr-ch\/blog\/2016\/12\/la-responsabilite-societale-des-entreprises-une-veritable-responsabilite-ou-seulement-un-phenomene\/\" \/>\n<meta property=\"og:site_name\" content=\"JobCloud\" \/>\n<meta property=\"article:published_time\" content=\"2017-03-27T06:37:44+00:00\" \/>\n<meta property=\"article:modified_time\" content=\"2020-12-08T13:04:54+00:00\" \/>\n<meta property=\"og:image\" content=\"https:\/\/www.jobcloud.ch\/wp-content\/uploads\/2017\/03\/crop-social-responsibility.jpg\" \/>\n\t<meta property=\"og:image:width\" content=\"1450\" \/>\n\t<meta property=\"og:image:height\" content=\"510\" \/>\n\t<meta property=\"og:image:type\" content=\"image\/jpeg\" \/>\n<meta name=\"author\" content=\"Mathias Steger\" \/>\n<meta name=\"twitter:card\" content=\"summary_large_image\" \/>\n<meta name=\"twitter:label1\" content=\"Written by\" \/>\n\t<meta name=\"twitter:data1\" content=\"Mathias Steger\" \/>\n\t<meta name=\"twitter:label2\" content=\"Est. reading time\" \/>\n\t<meta name=\"twitter:data2\" content=\"5 minutes\" \/>\n<script type=\"application\/ld+json\" class=\"yoast-schema-graph\">{\"@context\":\"https:\/\/schema.org\",\"@graph\":[{\"@type\":\"Article\",\"@id\":\"https:\/\/www.jobcloud.ch\/c\/fr-ch\/blog\/2016\/12\/la-responsabilite-societale-des-entreprises-une-veritable-responsabilite-ou-seulement-un-phenomene\/#article\",\"isPartOf\":{\"@id\":\"https:\/\/www.jobcloud.ch\/c\/fr-ch\/blog\/2016\/12\/la-responsabilite-societale-des-entreprises-une-veritable-responsabilite-ou-seulement-un-phenomene\/\"},\"author\":{\"name\":\"Mathias Steger\",\"@id\":\"https:\/\/www.jobcloud.ch\/c\/fr-ch\/#\/schema\/person\/1f8af37d814987189cbef1b058a084a4\"},\"headline\":\"La responsabilit\u00e9 soci\u00e9tale des entreprises, une v\u00e9ritable responsabilit\u00e9 ou seulement un ph\u00e9nom\u00e8ne ?\",\"datePublished\":\"2017-03-27T06:37:44+00:00\",\"dateModified\":\"2020-12-08T13:04:54+00:00\",\"mainEntityOfPage\":{\"@id\":\"https:\/\/www.jobcloud.ch\/c\/fr-ch\/blog\/2016\/12\/la-responsabilite-societale-des-entreprises-une-veritable-responsabilite-ou-seulement-un-phenomene\/\"},\"wordCount\":1076,\"commentCount\":0,\"publisher\":{\"@id\":\"https:\/\/www.jobcloud.ch\/c\/fr-ch\/#organization\"},\"image\":{\"@id\":\"https:\/\/www.jobcloud.ch\/c\/fr-ch\/blog\/2016\/12\/la-responsabilite-societale-des-entreprises-une-veritable-responsabilite-ou-seulement-un-phenomene\/#primaryimage\"},\"thumbnailUrl\":\"https:\/\/www.jobcloud.ch\/wp-content\/uploads\/2017\/03\/crop-social-responsibility.jpg\",\"keywords\":[\"la responsabilit\u00e9 soci\u00e9tale des entreprises\"],\"articleSection\":[\"Marque employeur\"],\"inLanguage\":\"fr-CH\",\"potentialAction\":[{\"@type\":\"CommentAction\",\"name\":\"Comment\",\"target\":[\"https:\/\/www.jobcloud.ch\/c\/fr-ch\/blog\/2016\/12\/la-responsabilite-societale-des-entreprises-une-veritable-responsabilite-ou-seulement-un-phenomene\/#respond\"]}]},{\"@type\":\"WebPage\",\"@id\":\"https:\/\/www.jobcloud.ch\/c\/fr-ch\/blog\/2016\/12\/la-responsabilite-societale-des-entreprises-une-veritable-responsabilite-ou-seulement-un-phenomene\/\",\"url\":\"https:\/\/www.jobcloud.ch\/c\/fr-ch\/blog\/2016\/12\/la-responsabilite-societale-des-entreprises-une-veritable-responsabilite-ou-seulement-un-phenomene\/\",\"name\":\"La responsabilit\u00e9 soci\u00e9tale des entreprises - JobCloud FR\",\"isPartOf\":{\"@id\":\"https:\/\/www.jobcloud.ch\/c\/fr-ch\/#website\"},\"primaryImageOfPage\":{\"@id\":\"https:\/\/www.jobcloud.ch\/c\/fr-ch\/blog\/2016\/12\/la-responsabilite-societale-des-entreprises-une-veritable-responsabilite-ou-seulement-un-phenomene\/#primaryimage\"},\"image\":{\"@id\":\"https:\/\/www.jobcloud.ch\/c\/fr-ch\/blog\/2016\/12\/la-responsabilite-societale-des-entreprises-une-veritable-responsabilite-ou-seulement-un-phenomene\/#primaryimage\"},\"thumbnailUrl\":\"https:\/\/www.jobcloud.ch\/wp-content\/uploads\/2017\/03\/crop-social-responsibility.jpg\",\"datePublished\":\"2017-03-27T06:37:44+00:00\",\"dateModified\":\"2020-12-08T13:04:54+00:00\",\"description\":\"La responsabilit\u00e9 soci\u00e9tale des entreprises correspond \u00e0 l'esprit actuel de la soci\u00e9t\u00e9 durable. Mais, les entreprises ont parfois du mal \u00e0 \u00eatre cr\u00e9dibles.\",\"inLanguage\":\"fr-CH\",\"potentialAction\":[{\"@type\":\"ReadAction\",\"target\":[\"https:\/\/www.jobcloud.ch\/c\/fr-ch\/blog\/2016\/12\/la-responsabilite-societale-des-entreprises-une-veritable-responsabilite-ou-seulement-un-phenomene\/\"]}]},{\"@type\":\"ImageObject\",\"inLanguage\":\"fr-CH\",\"@id\":\"https:\/\/www.jobcloud.ch\/c\/fr-ch\/blog\/2016\/12\/la-responsabilite-societale-des-entreprises-une-veritable-responsabilite-ou-seulement-un-phenomene\/#primaryimage\",\"url\":\"https:\/\/www.jobcloud.ch\/wp-content\/uploads\/2017\/03\/crop-social-responsibility.jpg\",\"contentUrl\":\"https:\/\/www.jobcloud.ch\/wp-content\/uploads\/2017\/03\/crop-social-responsibility.jpg\",\"width\":1450,\"height\":510},{\"@type\":\"WebSite\",\"@id\":\"https:\/\/www.jobcloud.ch\/c\/fr-ch\/#website\",\"url\":\"https:\/\/www.jobcloud.ch\/c\/fr-ch\/\",\"name\":\"JobCloud\",\"description\":\"JobCloud is the leading job portal for jobseekers in Switzerland\",\"publisher\":{\"@id\":\"https:\/\/www.jobcloud.ch\/c\/fr-ch\/#organization\"},\"potentialAction\":[{\"@type\":\"SearchAction\",\"target\":{\"@type\":\"EntryPoint\",\"urlTemplate\":\"https:\/\/www.jobcloud.ch\/c\/fr-ch\/?s={search_term_string}\"},\"query-input\":{\"@type\":\"PropertyValueSpecification\",\"valueRequired\":true,\"valueName\":\"search_term_string\"}}],\"inLanguage\":\"fr-CH\"},{\"@type\":\"Organization\",\"@id\":\"https:\/\/www.jobcloud.ch\/c\/fr-ch\/#organization\",\"name\":\"JobCloud\",\"url\":\"https:\/\/www.jobcloud.ch\/c\/fr-ch\/\",\"logo\":{\"@type\":\"ImageObject\",\"inLanguage\":\"fr-CH\",\"@id\":\"https:\/\/www.jobcloud.ch\/c\/fr-ch\/#\/schema\/logo\/image\/\",\"url\":\"https:\/\/www.jobcloud.ch\/wp-content\/uploads\/2020\/02\/jobcloude-logo.svg\",\"contentUrl\":\"https:\/\/www.jobcloud.ch\/wp-content\/uploads\/2020\/02\/jobcloude-logo.svg\",\"width\":160,\"height\":37,\"caption\":\"JobCloud\"},\"image\":{\"@id\":\"https:\/\/www.jobcloud.ch\/c\/fr-ch\/#\/schema\/logo\/image\/\"}},{\"@type\":\"Person\",\"@id\":\"https:\/\/www.jobcloud.ch\/c\/fr-ch\/#\/schema\/person\/1f8af37d814987189cbef1b058a084a4\",\"name\":\"Mathias Steger\",\"image\":{\"@type\":\"ImageObject\",\"inLanguage\":\"fr-CH\",\"@id\":\"https:\/\/www.jobcloud.ch\/wp-content\/uploads\/2021\/01\/Mathias-Steger_avatar-96x96.png\",\"url\":\"https:\/\/www.jobcloud.ch\/wp-content\/uploads\/2021\/01\/Mathias-Steger_avatar-96x96.png\",\"contentUrl\":\"https:\/\/www.jobcloud.ch\/wp-content\/uploads\/2021\/01\/Mathias-Steger_avatar-96x96.png\",\"caption\":\"Mathias Steger\"},\"sameAs\":[\"https:\/\/www.linkedin.com\/in\/mathias-steger-52164a11b?\"],\"url\":\"https:\/\/www.jobcloud.ch\/c\/fr-ch\/blog\/author\/msteger\/\"}]}<\/script>\n<!-- \/ Yoast SEO plugin. -->","yoast_head_json":{"title":"La responsabilit\u00e9 soci\u00e9tale des entreprises - JobCloud FR","description":"La responsabilit\u00e9 soci\u00e9tale des entreprises correspond \u00e0 l'esprit actuel de la soci\u00e9t\u00e9 durable. Mais, les entreprises ont parfois du mal \u00e0 \u00eatre cr\u00e9dibles.","robots":{"index":"index","follow":"follow","max-snippet":"max-snippet:-1","max-image-preview":"max-image-preview:large","max-video-preview":"max-video-preview:-1"},"canonical":"https:\/\/www.jobcloud.ch\/c\/fr-ch\/blog\/2016\/12\/la-responsabilite-societale-des-entreprises-une-veritable-responsabilite-ou-seulement-un-phenomene\/","og_locale":"fr_FR","og_type":"article","og_title":"La responsabilit\u00e9 soci\u00e9tale des entreprises - JobCloud FR","og_description":"La responsabilit\u00e9 soci\u00e9tale des entreprises correspond \u00e0 l'esprit actuel de la soci\u00e9t\u00e9 durable. Mais, les entreprises ont parfois du mal \u00e0 \u00eatre cr\u00e9dibles.","og_url":"https:\/\/www.jobcloud.ch\/c\/fr-ch\/blog\/2016\/12\/la-responsabilite-societale-des-entreprises-une-veritable-responsabilite-ou-seulement-un-phenomene\/","og_site_name":"JobCloud","article_published_time":"2017-03-27T06:37:44+00:00","article_modified_time":"2020-12-08T13:04:54+00:00","og_image":[{"width":1450,"height":510,"url":"https:\/\/www.jobcloud.ch\/wp-content\/uploads\/2017\/03\/crop-social-responsibility.jpg","type":"image\/jpeg"}],"author":"Mathias Steger","twitter_card":"summary_large_image","twitter_misc":{"Written by":"Mathias Steger","Est. reading time":"5 minutes"},"schema":{"@context":"https:\/\/schema.org","@graph":[{"@type":"Article","@id":"https:\/\/www.jobcloud.ch\/c\/fr-ch\/blog\/2016\/12\/la-responsabilite-societale-des-entreprises-une-veritable-responsabilite-ou-seulement-un-phenomene\/#article","isPartOf":{"@id":"https:\/\/www.jobcloud.ch\/c\/fr-ch\/blog\/2016\/12\/la-responsabilite-societale-des-entreprises-une-veritable-responsabilite-ou-seulement-un-phenomene\/"},"author":{"name":"Mathias Steger","@id":"https:\/\/www.jobcloud.ch\/c\/fr-ch\/#\/schema\/person\/1f8af37d814987189cbef1b058a084a4"},"headline":"La responsabilit\u00e9 soci\u00e9tale des entreprises, une v\u00e9ritable responsabilit\u00e9 ou seulement un ph\u00e9nom\u00e8ne ?","datePublished":"2017-03-27T06:37:44+00:00","dateModified":"2020-12-08T13:04:54+00:00","mainEntityOfPage":{"@id":"https:\/\/www.jobcloud.ch\/c\/fr-ch\/blog\/2016\/12\/la-responsabilite-societale-des-entreprises-une-veritable-responsabilite-ou-seulement-un-phenomene\/"},"wordCount":1076,"commentCount":0,"publisher":{"@id":"https:\/\/www.jobcloud.ch\/c\/fr-ch\/#organization"},"image":{"@id":"https:\/\/www.jobcloud.ch\/c\/fr-ch\/blog\/2016\/12\/la-responsabilite-societale-des-entreprises-une-veritable-responsabilite-ou-seulement-un-phenomene\/#primaryimage"},"thumbnailUrl":"https:\/\/www.jobcloud.ch\/wp-content\/uploads\/2017\/03\/crop-social-responsibility.jpg","keywords":["la responsabilit\u00e9 soci\u00e9tale des entreprises"],"articleSection":["Marque employeur"],"inLanguage":"fr-CH","potentialAction":[{"@type":"CommentAction","name":"Comment","target":["https:\/\/www.jobcloud.ch\/c\/fr-ch\/blog\/2016\/12\/la-responsabilite-societale-des-entreprises-une-veritable-responsabilite-ou-seulement-un-phenomene\/#respond"]}]},{"@type":"WebPage","@id":"https:\/\/www.jobcloud.ch\/c\/fr-ch\/blog\/2016\/12\/la-responsabilite-societale-des-entreprises-une-veritable-responsabilite-ou-seulement-un-phenomene\/","url":"https:\/\/www.jobcloud.ch\/c\/fr-ch\/blog\/2016\/12\/la-responsabilite-societale-des-entreprises-une-veritable-responsabilite-ou-seulement-un-phenomene\/","name":"La responsabilit\u00e9 soci\u00e9tale des entreprises - JobCloud FR","isPartOf":{"@id":"https:\/\/www.jobcloud.ch\/c\/fr-ch\/#website"},"primaryImageOfPage":{"@id":"https:\/\/www.jobcloud.ch\/c\/fr-ch\/blog\/2016\/12\/la-responsabilite-societale-des-entreprises-une-veritable-responsabilite-ou-seulement-un-phenomene\/#primaryimage"},"image":{"@id":"https:\/\/www.jobcloud.ch\/c\/fr-ch\/blog\/2016\/12\/la-responsabilite-societale-des-entreprises-une-veritable-responsabilite-ou-seulement-un-phenomene\/#primaryimage"},"thumbnailUrl":"https:\/\/www.jobcloud.ch\/wp-content\/uploads\/2017\/03\/crop-social-responsibility.jpg","datePublished":"2017-03-27T06:37:44+00:00","dateModified":"2020-12-08T13:04:54+00:00","description":"La responsabilit\u00e9 soci\u00e9tale des entreprises correspond \u00e0 l'esprit actuel de la soci\u00e9t\u00e9 durable. Mais, les entreprises ont parfois du mal \u00e0 \u00eatre cr\u00e9dibles.","inLanguage":"fr-CH","potentialAction":[{"@type":"ReadAction","target":["https:\/\/www.jobcloud.ch\/c\/fr-ch\/blog\/2016\/12\/la-responsabilite-societale-des-entreprises-une-veritable-responsabilite-ou-seulement-un-phenomene\/"]}]},{"@type":"ImageObject","inLanguage":"fr-CH","@id":"https:\/\/www.jobcloud.ch\/c\/fr-ch\/blog\/2016\/12\/la-responsabilite-societale-des-entreprises-une-veritable-responsabilite-ou-seulement-un-phenomene\/#primaryimage","url":"https:\/\/www.jobcloud.ch\/wp-content\/uploads\/2017\/03\/crop-social-responsibility.jpg","contentUrl":"https:\/\/www.jobcloud.ch\/wp-content\/uploads\/2017\/03\/crop-social-responsibility.jpg","width":1450,"height":510},{"@type":"WebSite","@id":"https:\/\/www.jobcloud.ch\/c\/fr-ch\/#website","url":"https:\/\/www.jobcloud.ch\/c\/fr-ch\/","name":"JobCloud","description":"JobCloud is the leading job portal for jobseekers in Switzerland","publisher":{"@id":"https:\/\/www.jobcloud.ch\/c\/fr-ch\/#organization"},"potentialAction":[{"@type":"SearchAction","target":{"@type":"EntryPoint","urlTemplate":"https:\/\/www.jobcloud.ch\/c\/fr-ch\/?s={search_term_string}"},"query-input":{"@type":"PropertyValueSpecification","valueRequired":true,"valueName":"search_term_string"}}],"inLanguage":"fr-CH"},{"@type":"Organization","@id":"https:\/\/www.jobcloud.ch\/c\/fr-ch\/#organization","name":"JobCloud","url":"https:\/\/www.jobcloud.ch\/c\/fr-ch\/","logo":{"@type":"ImageObject","inLanguage":"fr-CH","@id":"https:\/\/www.jobcloud.ch\/c\/fr-ch\/#\/schema\/logo\/image\/","url":"https:\/\/www.jobcloud.ch\/wp-content\/uploads\/2020\/02\/jobcloude-logo.svg","contentUrl":"https:\/\/www.jobcloud.ch\/wp-content\/uploads\/2020\/02\/jobcloude-logo.svg","width":160,"height":37,"caption":"JobCloud"},"image":{"@id":"https:\/\/www.jobcloud.ch\/c\/fr-ch\/#\/schema\/logo\/image\/"}},{"@type":"Person","@id":"https:\/\/www.jobcloud.ch\/c\/fr-ch\/#\/schema\/person\/1f8af37d814987189cbef1b058a084a4","name":"Mathias Steger","image":{"@type":"ImageObject","inLanguage":"fr-CH","@id":"https:\/\/www.jobcloud.ch\/wp-content\/uploads\/2021\/01\/Mathias-Steger_avatar-96x96.png","url":"https:\/\/www.jobcloud.ch\/wp-content\/uploads\/2021\/01\/Mathias-Steger_avatar-96x96.png","contentUrl":"https:\/\/www.jobcloud.ch\/wp-content\/uploads\/2021\/01\/Mathias-Steger_avatar-96x96.png","caption":"Mathias Steger"},"sameAs":["https:\/\/www.linkedin.com\/in\/mathias-steger-52164a11b?"],"url":"https:\/\/www.jobcloud.ch\/c\/fr-ch\/blog\/author\/msteger\/"}]}},"_links":{"self":[{"href":"https:\/\/www.jobcloud.ch\/c\/fr-ch\/wp-json\/wp\/v2\/posts\/10690","targetHints":{"allow":["GET"]}}],"collection":[{"href":"https:\/\/www.jobcloud.ch\/c\/fr-ch\/wp-json\/wp\/v2\/posts"}],"about":[{"href":"https:\/\/www.jobcloud.ch\/c\/fr-ch\/wp-json\/wp\/v2\/types\/post"}],"author":[{"embeddable":true,"href":"https:\/\/www.jobcloud.ch\/c\/fr-ch\/wp-json\/wp\/v2\/users\/27"}],"replies":[{"embeddable":true,"href":"https:\/\/www.jobcloud.ch\/c\/fr-ch\/wp-json\/wp\/v2\/comments?post=10690"}],"version-history":[{"count":0,"href":"https:\/\/www.jobcloud.ch\/c\/fr-ch\/wp-json\/wp\/v2\/posts\/10690\/revisions"}],"wp:featuredmedia":[{"embeddable":true,"href":"https:\/\/www.jobcloud.ch\/c\/fr-ch\/wp-json\/wp\/v2\/media\/33381"}],"wp:attachment":[{"href":"https:\/\/www.jobcloud.ch\/c\/fr-ch\/wp-json\/wp\/v2\/media?parent=10690"}],"wp:term":[{"taxonomy":"category","embeddable":true,"href":"https:\/\/www.jobcloud.ch\/c\/fr-ch\/wp-json\/wp\/v2\/categories?post=10690"},{"taxonomy":"post_tag","embeddable":true,"href":"https:\/\/www.jobcloud.ch\/c\/fr-ch\/wp-json\/wp\/v2\/tags?post=10690"}],"curies":[{"name":"wp","href":"https:\/\/api.w.org\/{rel}","templated":true}]}}