     {"id":10681,"date":"2017-02-20T08:06:14","date_gmt":"2017-02-20T06:06:14","guid":{"rendered":"https:\/\/www.jobcloud.ch\/c\/fr-ch\/?p=10681"},"modified":"2017-02-20T08:06:14","modified_gmt":"2017-02-20T06:06:14","slug":"la-confiance-passe-par-la-presence-comment-diriger-du-personnel-independamment-du-lieu-et-des-horaires-de-travail","status":"publish","type":"post","link":"https:\/\/www.jobcloud.ch\/c\/fr-ch\/blog\/2017\/02\/la-confiance-passe-par-la-presence-comment-diriger-du-personnel-independamment-du-lieu-et-des-horaires-de-travail\/","title":{"rendered":"La confiance passe par la pr\u00e9sence. Comment diriger du personnel ind\u00e9pendamment du lieu et des horaires de travail ?"},"content":{"rendered":"<p>De nos jours, il n\u2019est plus obligatoire de se rendre chaque jour au bureau. En Suisse, d\u00e9j\u00e0 plus de 28% des employ\u00e9s travaillent au moins une demi-journ\u00e9e par semaine depuis chez eux, comme le montre la r\u00e9cente \u00e9tude men\u00e9e par Deloitte sur \u00ab\u00a0L\u2019espace de travail du futur\u00a0\u00bb. Ces prochaines ann\u00e9es, ce chiffre pourrait m\u00eame nettement augmenter. En effet, toujours selon cette \u00e9tude, environ un travailleur suisse sur deux aurait d\u00e9j\u00e0 le potentiel pour travailler depuis chez lui ou de mani\u00e8re mobile. Pourtant, le Home Office n\u2019est pas le seul type de travail qui se r\u00e9pand gr\u00e2ce aux progr\u00e8s du num\u00e9rique et \u00e0 l\u2019importance croissante des activit\u00e9s bas\u00e9es sur la connaissance\u00a0: le coworking, soit le travail en bureaux communs flexibles, devient, lui aussi, toujours plus populaire \u2013 en partie parce qu\u2019il implique de l\u2019\u00e9change, contrairement au Home Office qui a plut\u00f4t une tendance \u00e0 la solitude.<\/p>\n<p>En plus de la flexibilit\u00e9 du poste de travail, celle des horaires continue aussi \u00e0 gagner du terrain. Selon l\u2019enqu\u00eate suisse sur la population active de l\u2019Office f\u00e9d\u00e9ral de la statistique, plus de la moiti\u00e9 des Suisses travaillent selon des horaires irr\u00e9guliers, que ce soit dans la semaine, le mois ou l\u2019ann\u00e9e.<\/p>\n<p><img fetchpriority=\"high\" decoding=\"async\" class=\"wp-image-10685 aligncenter\" src=\"https:\/\/www.jobcloud.ch\/wp-content\/uploads\/2016\/12\/shutterstock_297936494.jpg\" alt=\"shutterstock_297936494\" width=\"716\" height=\"478\" \/><\/p>\n<h4><strong>Les dirigeants deviennent aussi des gestionnaires de fronti\u00e8re<\/strong><\/h4>\n<p>Des horaires et des postes de travail flexibles n\u2019influencent pas uniquement le quotidien des collaborateurs, mais \u00e9galement la fa\u00e7on de diriger de leurs sup\u00e9rieurs. Ils doivent se fixer de nouveaux d\u00e9fis dans ce nouvel environnement. En effet, cette nouvelle flexibilit\u00e9 n\u2019a pas que des avantages\u00a0: les employ\u00e9s doivent \u00eatre constamment joignables et n\u2019ont que rarement des r\u00e8gles et des consignes claires en mati\u00e8re de gestion des emails professionnels en dehors des horaires libres de travail. La fronti\u00e8re entre temps libre et temps de travail dispara\u00eet toujours plus. G\u00e9rer cette fronti\u00e8re fait partie des comp\u00e9tences centrales que les dirigeants doivent acqu\u00e9rir dans un environnement de travail ind\u00e9pendant du temps et de l\u2019espace, afin de pr\u00e9server l\u2019\u00e9quilibre vie priv\u00e9e-vie professionnelle de leurs employ\u00e9s. Cela implique, par exemple, des accords clairs en mati\u00e8re de disponibilit\u00e9 t\u00e9l\u00e9phonique et de d\u00e9lai de r\u00e9ponse pour les emails.<\/p>\n<h4><strong>N\u2019oubliez pas les discussions en t\u00eate \u00e0 t\u00eate<\/strong><\/h4>\n<p>Les progr\u00e8s du num\u00e9rique et l\u2019entr\u00e9e croissante de la g\u00e9n\u00e9ration Y sur le march\u00e9 du travail incitent \u00e0 pr\u00e9f\u00e9rer les formes d\u2019\u00e9change \u00e0 distance aux entretiens individuels, ce qui contribue grandement au succ\u00e8s d\u2019une organisation de travail flexible. Les espaces de travail virtuels permettent aux membres d\u2019une \u00e9quipe d\u2019avoir acc\u00e8s aux activit\u00e9s et aux id\u00e9es des autres et ainsi de donner rapidement des feedbacks ou de faire des propositions. Etablir une culture d\u2019entreprise, favoriser la coh\u00e9sion et l\u2019identification au sein d\u2019une entreprise, mais aussi \u00e9changer des id\u00e9es cr\u00e9atives, tout cela n\u00e9cessite une pr\u00e9sence physique. Dans ce nouvel environnement de travail, les dirigeants doivent donc favoriser le contact et l\u2019\u00e9change au maximum, malgr\u00e9 la flexibilit\u00e9 extr\u00eame des horaires et des postes de travail.<\/p>\n<h4><strong>Adieu la politique de pr\u00e9sence stricte, bonjour la direction orient\u00e9e vers le r\u00e9sultat<\/strong><\/h4>\n<p>\u00ab\u00a0Diriger \u00e0 vue\u00a0\u00bb n\u2019est presque plus possible dans le nouvel environnement de travail. Par cons\u00e9quent, la fa\u00e7on de diriger doit \u00e9galement \u00eatre adapt\u00e9e\u00a0: il faut donc quitter la politique de pr\u00e9sence stricte pour un style de direction bas\u00e9 sur les objectifs et le r\u00e9sultat. Quand et \u00e0 quelle fr\u00e9quence les collaborateurs sont au bureau ne peut plus et ne doit plus \u00eatre d\u00e9cisif. Ce qui compte d\u00e9sormais, c\u2019est comment et \u00e0 quelle vitesse ils atteignent leurs objectifs. En contrepartie, les dirigeants doivent clarifier avec leurs collaborateurs que, lors de phases ou de projets particuli\u00e8rement critiques, la flexibilit\u00e9 du lieu et des horaires pourrait ne pas \u00eatre garantie. En effet, dans un environnement de travail ind\u00e9pendant du lieu et des horaires, atteindre les objectifs commerciaux est la priorit\u00e9. Et si la pr\u00e9sence physique est indispensable \u00e0 des moments pr\u00e9cis, la flexibilit\u00e9 doit parfois \u00eatre mise de c\u00f4t\u00e9.<\/p>\n<p>Pour finir, voici le plus important\u00a0: la confiance et la transparence sont des bases indispensables pour les dirigeants voulant octroyer \u00e0 leurs collaborateurs un environnement de travail aussi flexible que possible.<\/p>\n","protected":false},"excerpt":{"rendered":"<p>De nos jours, il n\u2019est plus obligatoire de se rendre chaque jour au bureau. En Suisse, d\u00e9j\u00e0 plus de 28% des employ\u00e9s&#8230;<\/p>\n","protected":false},"author":27,"featured_media":7725,"comment_status":"open","ping_status":"closed","sticky":false,"template":"","format":"standard","meta":{"_acf_changed":false,"inline_featured_image":false,"footnotes":""},"categories":[1702,1689],"tags":[1807,1782,1808],"class_list":["post-10681","post","type-post","status-publish","format-standard","has-post-thumbnail","hentry","category-rh-et-talent-management","category-vie-au-travail","tag-dirigeants","tag-environnement-de-travail","tag-presence"],"acf":[],"yoast_head":"<!-- This site is optimized with the Yoast SEO plugin v27.2 - https:\/\/yoast.com\/product\/yoast-seo-wordpress\/ -->\n<title>Comment diriger du personnel ind\u00e9pendamment du lieu et des horaires de travail ?<\/title>\n<meta name=\"description\" content=\"De nos jours, il n\u2019est plus obligatoire de se rendre chaque jour au bureau. Un ph\u00e9nom\u00e8ne qui influence aussi la fa\u00e7on de diriger des sup\u00e9rieurs.\" \/>\n<meta name=\"robots\" content=\"index, follow, max-snippet:-1, max-image-preview:large, max-video-preview:-1\" \/>\n<link rel=\"canonical\" href=\"https:\/\/www.jobcloud.ch\/c\/fr-ch\/blog\/2017\/02\/la-confiance-passe-par-la-presence-comment-diriger-du-personnel-independamment-du-lieu-et-des-horaires-de-travail\/\" \/>\n<meta property=\"og:locale\" content=\"fr_FR\" \/>\n<meta property=\"og:type\" content=\"article\" \/>\n<meta property=\"og:title\" content=\"Comment diriger du personnel ind\u00e9pendamment du lieu et des horaires de travail ?\" \/>\n<meta property=\"og:description\" content=\"De nos jours, il n\u2019est plus obligatoire de se rendre chaque jour au bureau. Un ph\u00e9nom\u00e8ne qui influence aussi la fa\u00e7on de diriger des sup\u00e9rieurs.\" \/>\n<meta property=\"og:url\" content=\"https:\/\/www.jobcloud.ch\/c\/fr-ch\/blog\/2017\/02\/la-confiance-passe-par-la-presence-comment-diriger-du-personnel-independamment-du-lieu-et-des-horaires-de-travail\/\" \/>\n<meta property=\"og:site_name\" content=\"JobCloud\" \/>\n<meta property=\"article:published_time\" content=\"2017-02-20T06:06:14+00:00\" \/>\n<meta property=\"og:image\" content=\"https:\/\/www.jobcloud.ch\/wp-content\/uploads\/2016\/12\/shutterstock_297936494-1.jpg\" \/>\n\t<meta property=\"og:image:width\" content=\"1000\" \/>\n\t<meta property=\"og:image:height\" content=\"667\" \/>\n\t<meta property=\"og:image:type\" content=\"image\/jpeg\" \/>\n<meta name=\"author\" content=\"Mathias Steger\" \/>\n<meta name=\"twitter:card\" content=\"summary_large_image\" \/>\n<meta name=\"twitter:label1\" content=\"Written by\" \/>\n\t<meta name=\"twitter:data1\" content=\"Mathias Steger\" \/>\n\t<meta name=\"twitter:label2\" content=\"Est. reading time\" \/>\n\t<meta name=\"twitter:data2\" content=\"4 minutes\" \/>\n<script type=\"application\/ld+json\" class=\"yoast-schema-graph\">{\"@context\":\"https:\/\/schema.org\",\"@graph\":[{\"@type\":\"Article\",\"@id\":\"https:\/\/www.jobcloud.ch\/c\/fr-ch\/blog\/2017\/02\/la-confiance-passe-par-la-presence-comment-diriger-du-personnel-independamment-du-lieu-et-des-horaires-de-travail\/#article\",\"isPartOf\":{\"@id\":\"https:\/\/www.jobcloud.ch\/c\/fr-ch\/blog\/2017\/02\/la-confiance-passe-par-la-presence-comment-diriger-du-personnel-independamment-du-lieu-et-des-horaires-de-travail\/\"},\"author\":{\"name\":\"Mathias Steger\",\"@id\":\"https:\/\/www.jobcloud.ch\/c\/fr-ch\/#\/schema\/person\/1f8af37d814987189cbef1b058a084a4\"},\"headline\":\"La confiance passe par la pr\u00e9sence. Comment diriger du personnel ind\u00e9pendamment du lieu et des horaires de travail ?\",\"datePublished\":\"2017-02-20T06:06:14+00:00\",\"mainEntityOfPage\":{\"@id\":\"https:\/\/www.jobcloud.ch\/c\/fr-ch\/blog\/2017\/02\/la-confiance-passe-par-la-presence-comment-diriger-du-personnel-independamment-du-lieu-et-des-horaires-de-travail\/\"},\"wordCount\":777,\"commentCount\":0,\"publisher\":{\"@id\":\"https:\/\/www.jobcloud.ch\/c\/fr-ch\/#organization\"},\"image\":{\"@id\":\"https:\/\/www.jobcloud.ch\/c\/fr-ch\/blog\/2017\/02\/la-confiance-passe-par-la-presence-comment-diriger-du-personnel-independamment-du-lieu-et-des-horaires-de-travail\/#primaryimage\"},\"thumbnailUrl\":\"https:\/\/www.jobcloud.ch\/wp-content\/uploads\/2016\/12\/shutterstock_297936494-1.jpg\",\"keywords\":[\"dirigeants\",\"environnement de travail\",\"pr\u00e9sence\"],\"articleSection\":[\"RH &amp; Talent management\",\"Vie au travail\"],\"inLanguage\":\"fr-CH\",\"potentialAction\":[{\"@type\":\"CommentAction\",\"name\":\"Comment\",\"target\":[\"https:\/\/www.jobcloud.ch\/c\/fr-ch\/blog\/2017\/02\/la-confiance-passe-par-la-presence-comment-diriger-du-personnel-independamment-du-lieu-et-des-horaires-de-travail\/#respond\"]}]},{\"@type\":\"WebPage\",\"@id\":\"https:\/\/www.jobcloud.ch\/c\/fr-ch\/blog\/2017\/02\/la-confiance-passe-par-la-presence-comment-diriger-du-personnel-independamment-du-lieu-et-des-horaires-de-travail\/\",\"url\":\"https:\/\/www.jobcloud.ch\/c\/fr-ch\/blog\/2017\/02\/la-confiance-passe-par-la-presence-comment-diriger-du-personnel-independamment-du-lieu-et-des-horaires-de-travail\/\",\"name\":\"Comment diriger du personnel ind\u00e9pendamment du lieu et des horaires de travail ?\",\"isPartOf\":{\"@id\":\"https:\/\/www.jobcloud.ch\/c\/fr-ch\/#website\"},\"primaryImageOfPage\":{\"@id\":\"https:\/\/www.jobcloud.ch\/c\/fr-ch\/blog\/2017\/02\/la-confiance-passe-par-la-presence-comment-diriger-du-personnel-independamment-du-lieu-et-des-horaires-de-travail\/#primaryimage\"},\"image\":{\"@id\":\"https:\/\/www.jobcloud.ch\/c\/fr-ch\/blog\/2017\/02\/la-confiance-passe-par-la-presence-comment-diriger-du-personnel-independamment-du-lieu-et-des-horaires-de-travail\/#primaryimage\"},\"thumbnailUrl\":\"https:\/\/www.jobcloud.ch\/wp-content\/uploads\/2016\/12\/shutterstock_297936494-1.jpg\",\"datePublished\":\"2017-02-20T06:06:14+00:00\",\"description\":\"De nos jours, il n\u2019est plus obligatoire de se rendre chaque jour au bureau. Un ph\u00e9nom\u00e8ne qui influence aussi la fa\u00e7on de diriger des sup\u00e9rieurs.\",\"inLanguage\":\"fr-CH\",\"potentialAction\":[{\"@type\":\"ReadAction\",\"target\":[\"https:\/\/www.jobcloud.ch\/c\/fr-ch\/blog\/2017\/02\/la-confiance-passe-par-la-presence-comment-diriger-du-personnel-independamment-du-lieu-et-des-horaires-de-travail\/\"]}]},{\"@type\":\"ImageObject\",\"inLanguage\":\"fr-CH\",\"@id\":\"https:\/\/www.jobcloud.ch\/c\/fr-ch\/blog\/2017\/02\/la-confiance-passe-par-la-presence-comment-diriger-du-personnel-independamment-du-lieu-et-des-horaires-de-travail\/#primaryimage\",\"url\":\"https:\/\/www.jobcloud.ch\/wp-content\/uploads\/2016\/12\/shutterstock_297936494-1.jpg\",\"contentUrl\":\"https:\/\/www.jobcloud.ch\/wp-content\/uploads\/2016\/12\/shutterstock_297936494-1.jpg\",\"width\":1000,\"height\":667},{\"@type\":\"WebSite\",\"@id\":\"https:\/\/www.jobcloud.ch\/c\/fr-ch\/#website\",\"url\":\"https:\/\/www.jobcloud.ch\/c\/fr-ch\/\",\"name\":\"JobCloud\",\"description\":\"JobCloud is the leading job portal for jobseekers in Switzerland\",\"publisher\":{\"@id\":\"https:\/\/www.jobcloud.ch\/c\/fr-ch\/#organization\"},\"potentialAction\":[{\"@type\":\"SearchAction\",\"target\":{\"@type\":\"EntryPoint\",\"urlTemplate\":\"https:\/\/www.jobcloud.ch\/c\/fr-ch\/?s={search_term_string}\"},\"query-input\":{\"@type\":\"PropertyValueSpecification\",\"valueRequired\":true,\"valueName\":\"search_term_string\"}}],\"inLanguage\":\"fr-CH\"},{\"@type\":\"Organization\",\"@id\":\"https:\/\/www.jobcloud.ch\/c\/fr-ch\/#organization\",\"name\":\"JobCloud\",\"url\":\"https:\/\/www.jobcloud.ch\/c\/fr-ch\/\",\"logo\":{\"@type\":\"ImageObject\",\"inLanguage\":\"fr-CH\",\"@id\":\"https:\/\/www.jobcloud.ch\/c\/fr-ch\/#\/schema\/logo\/image\/\",\"url\":\"https:\/\/www.jobcloud.ch\/wp-content\/uploads\/2020\/02\/jobcloude-logo.svg\",\"contentUrl\":\"https:\/\/www.jobcloud.ch\/wp-content\/uploads\/2020\/02\/jobcloude-logo.svg\",\"width\":160,\"height\":37,\"caption\":\"JobCloud\"},\"image\":{\"@id\":\"https:\/\/www.jobcloud.ch\/c\/fr-ch\/#\/schema\/logo\/image\/\"}},{\"@type\":\"Person\",\"@id\":\"https:\/\/www.jobcloud.ch\/c\/fr-ch\/#\/schema\/person\/1f8af37d814987189cbef1b058a084a4\",\"name\":\"Mathias Steger\",\"image\":{\"@type\":\"ImageObject\",\"inLanguage\":\"fr-CH\",\"@id\":\"https:\/\/www.jobcloud.ch\/wp-content\/uploads\/2021\/01\/Mathias-Steger_avatar-96x96.png\",\"url\":\"https:\/\/www.jobcloud.ch\/wp-content\/uploads\/2021\/01\/Mathias-Steger_avatar-96x96.png\",\"contentUrl\":\"https:\/\/www.jobcloud.ch\/wp-content\/uploads\/2021\/01\/Mathias-Steger_avatar-96x96.png\",\"caption\":\"Mathias Steger\"},\"sameAs\":[\"https:\/\/www.linkedin.com\/in\/mathias-steger-52164a11b?\"],\"url\":\"https:\/\/www.jobcloud.ch\/c\/fr-ch\/blog\/author\/msteger\/\"}]}<\/script>\n<!-- \/ Yoast SEO plugin. -->","yoast_head_json":{"title":"Comment diriger du personnel ind\u00e9pendamment du lieu et des horaires de travail ?","description":"De nos jours, il n\u2019est plus obligatoire de se rendre chaque jour au bureau. Un ph\u00e9nom\u00e8ne qui influence aussi la fa\u00e7on de diriger des sup\u00e9rieurs.","robots":{"index":"index","follow":"follow","max-snippet":"max-snippet:-1","max-image-preview":"max-image-preview:large","max-video-preview":"max-video-preview:-1"},"canonical":"https:\/\/www.jobcloud.ch\/c\/fr-ch\/blog\/2017\/02\/la-confiance-passe-par-la-presence-comment-diriger-du-personnel-independamment-du-lieu-et-des-horaires-de-travail\/","og_locale":"fr_FR","og_type":"article","og_title":"Comment diriger du personnel ind\u00e9pendamment du lieu et des horaires de travail ?","og_description":"De nos jours, il n\u2019est plus obligatoire de se rendre chaque jour au bureau. Un ph\u00e9nom\u00e8ne qui influence aussi la fa\u00e7on de diriger des sup\u00e9rieurs.","og_url":"https:\/\/www.jobcloud.ch\/c\/fr-ch\/blog\/2017\/02\/la-confiance-passe-par-la-presence-comment-diriger-du-personnel-independamment-du-lieu-et-des-horaires-de-travail\/","og_site_name":"JobCloud","article_published_time":"2017-02-20T06:06:14+00:00","og_image":[{"width":1000,"height":667,"url":"https:\/\/www.jobcloud.ch\/wp-content\/uploads\/2016\/12\/shutterstock_297936494-1.jpg","type":"image\/jpeg"}],"author":"Mathias Steger","twitter_card":"summary_large_image","twitter_misc":{"Written by":"Mathias Steger","Est. reading time":"4 minutes"},"schema":{"@context":"https:\/\/schema.org","@graph":[{"@type":"Article","@id":"https:\/\/www.jobcloud.ch\/c\/fr-ch\/blog\/2017\/02\/la-confiance-passe-par-la-presence-comment-diriger-du-personnel-independamment-du-lieu-et-des-horaires-de-travail\/#article","isPartOf":{"@id":"https:\/\/www.jobcloud.ch\/c\/fr-ch\/blog\/2017\/02\/la-confiance-passe-par-la-presence-comment-diriger-du-personnel-independamment-du-lieu-et-des-horaires-de-travail\/"},"author":{"name":"Mathias Steger","@id":"https:\/\/www.jobcloud.ch\/c\/fr-ch\/#\/schema\/person\/1f8af37d814987189cbef1b058a084a4"},"headline":"La confiance passe par la pr\u00e9sence. Comment diriger du personnel ind\u00e9pendamment du lieu et des horaires de travail ?","datePublished":"2017-02-20T06:06:14+00:00","mainEntityOfPage":{"@id":"https:\/\/www.jobcloud.ch\/c\/fr-ch\/blog\/2017\/02\/la-confiance-passe-par-la-presence-comment-diriger-du-personnel-independamment-du-lieu-et-des-horaires-de-travail\/"},"wordCount":777,"commentCount":0,"publisher":{"@id":"https:\/\/www.jobcloud.ch\/c\/fr-ch\/#organization"},"image":{"@id":"https:\/\/www.jobcloud.ch\/c\/fr-ch\/blog\/2017\/02\/la-confiance-passe-par-la-presence-comment-diriger-du-personnel-independamment-du-lieu-et-des-horaires-de-travail\/#primaryimage"},"thumbnailUrl":"https:\/\/www.jobcloud.ch\/wp-content\/uploads\/2016\/12\/shutterstock_297936494-1.jpg","keywords":["dirigeants","environnement de travail","pr\u00e9sence"],"articleSection":["RH &amp; Talent management","Vie au travail"],"inLanguage":"fr-CH","potentialAction":[{"@type":"CommentAction","name":"Comment","target":["https:\/\/www.jobcloud.ch\/c\/fr-ch\/blog\/2017\/02\/la-confiance-passe-par-la-presence-comment-diriger-du-personnel-independamment-du-lieu-et-des-horaires-de-travail\/#respond"]}]},{"@type":"WebPage","@id":"https:\/\/www.jobcloud.ch\/c\/fr-ch\/blog\/2017\/02\/la-confiance-passe-par-la-presence-comment-diriger-du-personnel-independamment-du-lieu-et-des-horaires-de-travail\/","url":"https:\/\/www.jobcloud.ch\/c\/fr-ch\/blog\/2017\/02\/la-confiance-passe-par-la-presence-comment-diriger-du-personnel-independamment-du-lieu-et-des-horaires-de-travail\/","name":"Comment diriger du personnel ind\u00e9pendamment du lieu et des horaires de travail ?","isPartOf":{"@id":"https:\/\/www.jobcloud.ch\/c\/fr-ch\/#website"},"primaryImageOfPage":{"@id":"https:\/\/www.jobcloud.ch\/c\/fr-ch\/blog\/2017\/02\/la-confiance-passe-par-la-presence-comment-diriger-du-personnel-independamment-du-lieu-et-des-horaires-de-travail\/#primaryimage"},"image":{"@id":"https:\/\/www.jobcloud.ch\/c\/fr-ch\/blog\/2017\/02\/la-confiance-passe-par-la-presence-comment-diriger-du-personnel-independamment-du-lieu-et-des-horaires-de-travail\/#primaryimage"},"thumbnailUrl":"https:\/\/www.jobcloud.ch\/wp-content\/uploads\/2016\/12\/shutterstock_297936494-1.jpg","datePublished":"2017-02-20T06:06:14+00:00","description":"De nos jours, il n\u2019est plus obligatoire de se rendre chaque jour au bureau. Un ph\u00e9nom\u00e8ne qui influence aussi la fa\u00e7on de diriger des sup\u00e9rieurs.","inLanguage":"fr-CH","potentialAction":[{"@type":"ReadAction","target":["https:\/\/www.jobcloud.ch\/c\/fr-ch\/blog\/2017\/02\/la-confiance-passe-par-la-presence-comment-diriger-du-personnel-independamment-du-lieu-et-des-horaires-de-travail\/"]}]},{"@type":"ImageObject","inLanguage":"fr-CH","@id":"https:\/\/www.jobcloud.ch\/c\/fr-ch\/blog\/2017\/02\/la-confiance-passe-par-la-presence-comment-diriger-du-personnel-independamment-du-lieu-et-des-horaires-de-travail\/#primaryimage","url":"https:\/\/www.jobcloud.ch\/wp-content\/uploads\/2016\/12\/shutterstock_297936494-1.jpg","contentUrl":"https:\/\/www.jobcloud.ch\/wp-content\/uploads\/2016\/12\/shutterstock_297936494-1.jpg","width":1000,"height":667},{"@type":"WebSite","@id":"https:\/\/www.jobcloud.ch\/c\/fr-ch\/#website","url":"https:\/\/www.jobcloud.ch\/c\/fr-ch\/","name":"JobCloud","description":"JobCloud is the leading job portal for jobseekers in Switzerland","publisher":{"@id":"https:\/\/www.jobcloud.ch\/c\/fr-ch\/#organization"},"potentialAction":[{"@type":"SearchAction","target":{"@type":"EntryPoint","urlTemplate":"https:\/\/www.jobcloud.ch\/c\/fr-ch\/?s={search_term_string}"},"query-input":{"@type":"PropertyValueSpecification","valueRequired":true,"valueName":"search_term_string"}}],"inLanguage":"fr-CH"},{"@type":"Organization","@id":"https:\/\/www.jobcloud.ch\/c\/fr-ch\/#organization","name":"JobCloud","url":"https:\/\/www.jobcloud.ch\/c\/fr-ch\/","logo":{"@type":"ImageObject","inLanguage":"fr-CH","@id":"https:\/\/www.jobcloud.ch\/c\/fr-ch\/#\/schema\/logo\/image\/","url":"https:\/\/www.jobcloud.ch\/wp-content\/uploads\/2020\/02\/jobcloude-logo.svg","contentUrl":"https:\/\/www.jobcloud.ch\/wp-content\/uploads\/2020\/02\/jobcloude-logo.svg","width":160,"height":37,"caption":"JobCloud"},"image":{"@id":"https:\/\/www.jobcloud.ch\/c\/fr-ch\/#\/schema\/logo\/image\/"}},{"@type":"Person","@id":"https:\/\/www.jobcloud.ch\/c\/fr-ch\/#\/schema\/person\/1f8af37d814987189cbef1b058a084a4","name":"Mathias Steger","image":{"@type":"ImageObject","inLanguage":"fr-CH","@id":"https:\/\/www.jobcloud.ch\/wp-content\/uploads\/2021\/01\/Mathias-Steger_avatar-96x96.png","url":"https:\/\/www.jobcloud.ch\/wp-content\/uploads\/2021\/01\/Mathias-Steger_avatar-96x96.png","contentUrl":"https:\/\/www.jobcloud.ch\/wp-content\/uploads\/2021\/01\/Mathias-Steger_avatar-96x96.png","caption":"Mathias Steger"},"sameAs":["https:\/\/www.linkedin.com\/in\/mathias-steger-52164a11b?"],"url":"https:\/\/www.jobcloud.ch\/c\/fr-ch\/blog\/author\/msteger\/"}]}},"_links":{"self":[{"href":"https:\/\/www.jobcloud.ch\/c\/fr-ch\/wp-json\/wp\/v2\/posts\/10681","targetHints":{"allow":["GET"]}}],"collection":[{"href":"https:\/\/www.jobcloud.ch\/c\/fr-ch\/wp-json\/wp\/v2\/posts"}],"about":[{"href":"https:\/\/www.jobcloud.ch\/c\/fr-ch\/wp-json\/wp\/v2\/types\/post"}],"author":[{"embeddable":true,"href":"https:\/\/www.jobcloud.ch\/c\/fr-ch\/wp-json\/wp\/v2\/users\/27"}],"replies":[{"embeddable":true,"href":"https:\/\/www.jobcloud.ch\/c\/fr-ch\/wp-json\/wp\/v2\/comments?post=10681"}],"version-history":[{"count":0,"href":"https:\/\/www.jobcloud.ch\/c\/fr-ch\/wp-json\/wp\/v2\/posts\/10681\/revisions"}],"wp:featuredmedia":[{"embeddable":true,"href":"https:\/\/www.jobcloud.ch\/c\/fr-ch\/wp-json\/wp\/v2\/media\/7725"}],"wp:attachment":[{"href":"https:\/\/www.jobcloud.ch\/c\/fr-ch\/wp-json\/wp\/v2\/media?parent=10681"}],"wp:term":[{"taxonomy":"category","embeddable":true,"href":"https:\/\/www.jobcloud.ch\/c\/fr-ch\/wp-json\/wp\/v2\/categories?post=10681"},{"taxonomy":"post_tag","embeddable":true,"href":"https:\/\/www.jobcloud.ch\/c\/fr-ch\/wp-json\/wp\/v2\/tags?post=10681"}],"curies":[{"name":"wp","href":"https:\/\/api.w.org\/{rel}","templated":true}]}}