     {"id":101263,"date":"2025-09-12T11:43:42","date_gmt":"2025-09-12T09:43:42","guid":{"rendered":"https:\/\/www.jobcloud.ch\/c\/?p=101263"},"modified":"2025-09-12T11:43:42","modified_gmt":"2025-09-12T09:43:42","slug":"recrutement-de-a-a-z-9-conseils-pour-reussir","status":"publish","type":"post","link":"https:\/\/www.jobcloud.ch\/c\/fr-ch\/blog\/recrutement-de-a-a-z-9-conseils\/","title":{"rendered":"Recrutement de A \u00e0 Z : 9 conseils pour r\u00e9ussir"},"content":{"rendered":"","protected":false},"excerpt":{"rendered":"","protected":false},"author":12,"featured_media":101770,"comment_status":"closed","ping_status":"open","sticky":false,"template":"","format":"standard","meta":{"_acf_changed":false,"inline_featured_image":false,"footnotes":""},"categories":[2808,1702],"tags":[1919,1846,3084,2337,2589,3083],"class_list":["post-101263","post","type-post","status-publish","format-standard","has-post-thumbnail","hentry","category-hr-talent-management-fr-ch","category-rh-et-talent-management","tag-candidatures","tag-offre-demploi","tag-recherche-de-talents","tag-recruiting-fr-ch","tag-rekrutierung-fr-ch","tag-trouver-des-collaborateurs"],"acf":[],"yoast_head":"<!-- This site is optimized with the Yoast SEO plugin v27.2 - https:\/\/yoast.com\/product\/yoast-seo-wordpress\/ -->\n<title>Recrutement de A \u00e0 Z : 9 conseils pour r\u00e9ussir | JobCloud<\/title>\n<meta name=\"description\" content=\"Nous avons r\u00e9uni trois conseils d\u00e9di\u00e9s \u00e0 la recherche de talents, \u00e0 la gestion des candidatures et \u00e0 l\u2019onboarding.\" \/>\n<meta name=\"robots\" content=\"index, follow, max-snippet:-1, max-image-preview:large, max-video-preview:-1\" \/>\n<link rel=\"canonical\" href=\"https:\/\/www.jobcloud.ch\/c\/fr-ch\/blog\/recrutement-de-a-a-z-9-conseils\/\" \/>\n<meta property=\"og:locale\" content=\"fr_FR\" \/>\n<meta property=\"og:type\" content=\"article\" \/>\n<meta property=\"og:title\" content=\"Recrutement de A \u00e0 Z : 9 conseils pour r\u00e9ussir | JobCloud\" \/>\n<meta property=\"og:description\" content=\"Nous avons r\u00e9uni trois conseils d\u00e9di\u00e9s \u00e0 la recherche de talents, \u00e0 la gestion des candidatures et \u00e0 l\u2019onboarding.\" \/>\n<meta property=\"og:url\" content=\"https:\/\/www.jobcloud.ch\/c\/fr-ch\/blog\/recrutement-de-a-a-z-9-conseils\/\" \/>\n<meta property=\"og:site_name\" content=\"JobCloud\" \/>\n<meta property=\"article:published_time\" content=\"2025-09-12T09:43:42+00:00\" \/>\n<meta property=\"og:image\" content=\"https:\/\/www.jobcloud.ch\/wp-content\/uploads\/2025\/09\/international-recruitment-4-1-scaled.png\" \/>\n\t<meta property=\"og:image:width\" content=\"1\" \/>\n\t<meta property=\"og:image:height\" content=\"1\" \/>\n\t<meta property=\"og:image:type\" content=\"image\/png\" \/>\n<meta name=\"author\" content=\"Rebekka H\u00e4nggi\" \/>\n<meta name=\"twitter:card\" content=\"summary_large_image\" \/>\n<meta name=\"twitter:label1\" content=\"Written by\" \/>\n\t<meta name=\"twitter:data1\" content=\"Rebekka H\u00e4nggi\" \/>\n\t<meta name=\"twitter:label2\" content=\"Est. reading time\" \/>\n\t<meta name=\"twitter:data2\" content=\"1 minute\" \/>\n<script type=\"application\/ld+json\" class=\"yoast-schema-graph\">{\"@context\":\"https:\/\/schema.org\",\"@graph\":[{\"@type\":\"Article\",\"@id\":\"https:\/\/www.jobcloud.ch\/c\/fr-ch\/blog\/recrutement-de-a-a-z-9-conseils\/#article\",\"isPartOf\":{\"@id\":\"https:\/\/www.jobcloud.ch\/c\/fr-ch\/blog\/recrutement-de-a-a-z-9-conseils\/\"},\"author\":{\"name\":\"Rebekka H\u00e4nggi\",\"@id\":\"https:\/\/www.jobcloud.ch\/c\/fr-ch\/#\/schema\/person\/77630b275e0f27fc4e48d5a2367855af\"},\"headline\":\"Recrutement de A \u00e0 Z : 9 conseils pour r\u00e9ussir\",\"datePublished\":\"2025-09-12T09:43:42+00:00\",\"mainEntityOfPage\":{\"@id\":\"https:\/\/www.jobcloud.ch\/c\/fr-ch\/blog\/recrutement-de-a-a-z-9-conseils\/\"},\"wordCount\":8,\"publisher\":{\"@id\":\"https:\/\/www.jobcloud.ch\/c\/fr-ch\/#organization\"},\"image\":{\"@id\":\"https:\/\/www.jobcloud.ch\/c\/fr-ch\/blog\/recrutement-de-a-a-z-9-conseils\/#primaryimage\"},\"thumbnailUrl\":\"https:\/\/www.jobcloud.ch\/wp-content\/uploads\/2025\/09\/international-recruitment-4-1-scaled.png\",\"keywords\":[\"candidatures\",\"offre d'emploi\",\"Recherche de talents\",\"Recruiting\",\"Rekrutierung\",\"Trouver des collaborateurs\"],\"articleSection\":[\"HR &amp; Talent Management\",\"RH &amp; Talent management\"],\"inLanguage\":\"fr-CH\"},{\"@type\":\"WebPage\",\"@id\":\"https:\/\/www.jobcloud.ch\/c\/fr-ch\/blog\/recrutement-de-a-a-z-9-conseils\/\",\"url\":\"https:\/\/www.jobcloud.ch\/c\/fr-ch\/blog\/recrutement-de-a-a-z-9-conseils\/\",\"name\":\"Recrutement de A \u00e0 Z : 9 conseils pour r\u00e9ussir | JobCloud\",\"isPartOf\":{\"@id\":\"https:\/\/www.jobcloud.ch\/c\/fr-ch\/#website\"},\"primaryImageOfPage\":{\"@id\":\"https:\/\/www.jobcloud.ch\/c\/fr-ch\/blog\/recrutement-de-a-a-z-9-conseils\/#primaryimage\"},\"image\":{\"@id\":\"https:\/\/www.jobcloud.ch\/c\/fr-ch\/blog\/recrutement-de-a-a-z-9-conseils\/#primaryimage\"},\"thumbnailUrl\":\"https:\/\/www.jobcloud.ch\/wp-content\/uploads\/2025\/09\/international-recruitment-4-1-scaled.png\",\"datePublished\":\"2025-09-12T09:43:42+00:00\",\"description\":\"Nous avons r\u00e9uni trois conseils d\u00e9di\u00e9s \u00e0 la recherche de talents, \u00e0 la gestion des candidatures et \u00e0 l\u2019onboarding.\",\"inLanguage\":\"fr-CH\",\"potentialAction\":[{\"@type\":\"ReadAction\",\"target\":[\"https:\/\/www.jobcloud.ch\/c\/fr-ch\/blog\/recrutement-de-a-a-z-9-conseils\/\"]}]},{\"@type\":\"ImageObject\",\"inLanguage\":\"fr-CH\",\"@id\":\"https:\/\/www.jobcloud.ch\/c\/fr-ch\/blog\/recrutement-de-a-a-z-9-conseils\/#primaryimage\",\"url\":\"https:\/\/www.jobcloud.ch\/wp-content\/uploads\/2025\/09\/international-recruitment-4-1-scaled.png\",\"contentUrl\":\"https:\/\/www.jobcloud.ch\/wp-content\/uploads\/2025\/09\/international-recruitment-4-1-scaled.png\"},{\"@type\":\"WebSite\",\"@id\":\"https:\/\/www.jobcloud.ch\/c\/fr-ch\/#website\",\"url\":\"https:\/\/www.jobcloud.ch\/c\/fr-ch\/\",\"name\":\"JobCloud\",\"description\":\"JobCloud is the leading job portal for jobseekers in Switzerland\",\"publisher\":{\"@id\":\"https:\/\/www.jobcloud.ch\/c\/fr-ch\/#organization\"},\"potentialAction\":[{\"@type\":\"SearchAction\",\"target\":{\"@type\":\"EntryPoint\",\"urlTemplate\":\"https:\/\/www.jobcloud.ch\/c\/fr-ch\/?s={search_term_string}\"},\"query-input\":{\"@type\":\"PropertyValueSpecification\",\"valueRequired\":true,\"valueName\":\"search_term_string\"}}],\"inLanguage\":\"fr-CH\"},{\"@type\":\"Organization\",\"@id\":\"https:\/\/www.jobcloud.ch\/c\/fr-ch\/#organization\",\"name\":\"JobCloud\",\"url\":\"https:\/\/www.jobcloud.ch\/c\/fr-ch\/\",\"logo\":{\"@type\":\"ImageObject\",\"inLanguage\":\"fr-CH\",\"@id\":\"https:\/\/www.jobcloud.ch\/c\/fr-ch\/#\/schema\/logo\/image\/\",\"url\":\"https:\/\/www.jobcloud.ch\/wp-content\/uploads\/2020\/02\/jobcloude-logo.svg\",\"contentUrl\":\"https:\/\/www.jobcloud.ch\/wp-content\/uploads\/2020\/02\/jobcloude-logo.svg\",\"width\":160,\"height\":37,\"caption\":\"JobCloud\"},\"image\":{\"@id\":\"https:\/\/www.jobcloud.ch\/c\/fr-ch\/#\/schema\/logo\/image\/\"}},{\"@type\":\"Person\",\"@id\":\"https:\/\/www.jobcloud.ch\/c\/fr-ch\/#\/schema\/person\/77630b275e0f27fc4e48d5a2367855af\",\"name\":\"Rebekka H\u00e4nggi\",\"image\":{\"@type\":\"ImageObject\",\"inLanguage\":\"fr-CH\",\"@id\":\"https:\/\/www.jobcloud.ch\/wp-content\/uploads\/2021\/01\/Rebekka-Haenggi_avatar-96x96.jpg\",\"url\":\"https:\/\/www.jobcloud.ch\/wp-content\/uploads\/2021\/01\/Rebekka-Haenggi_avatar-96x96.jpg\",\"contentUrl\":\"https:\/\/www.jobcloud.ch\/wp-content\/uploads\/2021\/01\/Rebekka-Haenggi_avatar-96x96.jpg\",\"caption\":\"Rebekka H\u00e4nggi\"},\"description\":\"Depuis janvier 2013, je suis en charge de la communication de JobCloud SA. Avant cela, je travaillais dans le d\u00e9partement marketing au sein de la soci\u00e9t\u00e9 Jobup AG. Le domaine du marketing et de la communication est ma passion et cela fait maintenant 8 ans que je m\u2019occupe des sujets relatifs aux RH Management. J\u2019ai un fort attrait pour le marketing du personnel, le recrutement en ligne et la direction du personnel, sujets que j\u2019aborderai sur notre blog. En outre, je vous donnerai un coup d\u2019\u0153il dans les coulisses de JobCloud en m\u2019exprimant sur la vie et le travail chez nous.\",\"sameAs\":[\"https:\/\/www.linkedin.com\/in\/rebekka-hnggi-affolter-9678b142\"],\"url\":\"https:\/\/www.jobcloud.ch\/c\/fr-ch\/blog\/author\/rebekka\/\"}]}<\/script>\n<!-- \/ Yoast SEO plugin. -->","yoast_head_json":{"title":"Recrutement de A \u00e0 Z : 9 conseils pour r\u00e9ussir | JobCloud","description":"Nous avons r\u00e9uni trois conseils d\u00e9di\u00e9s \u00e0 la recherche de talents, \u00e0 la gestion des candidatures et \u00e0 l\u2019onboarding.","robots":{"index":"index","follow":"follow","max-snippet":"max-snippet:-1","max-image-preview":"max-image-preview:large","max-video-preview":"max-video-preview:-1"},"canonical":"https:\/\/www.jobcloud.ch\/c\/fr-ch\/blog\/recrutement-de-a-a-z-9-conseils\/","og_locale":"fr_FR","og_type":"article","og_title":"Recrutement de A \u00e0 Z : 9 conseils pour r\u00e9ussir | JobCloud","og_description":"Nous avons r\u00e9uni trois conseils d\u00e9di\u00e9s \u00e0 la recherche de talents, \u00e0 la gestion des candidatures et \u00e0 l\u2019onboarding.","og_url":"https:\/\/www.jobcloud.ch\/c\/fr-ch\/blog\/recrutement-de-a-a-z-9-conseils\/","og_site_name":"JobCloud","article_published_time":"2025-09-12T09:43:42+00:00","og_image":[{"url":"https:\/\/www.jobcloud.ch\/wp-content\/uploads\/2025\/09\/international-recruitment-4-1-scaled.png","width":1,"height":1,"type":"image\/png"}],"author":"Rebekka H\u00e4nggi","twitter_card":"summary_large_image","twitter_misc":{"Written by":"Rebekka H\u00e4nggi","Est. reading time":"1 minute"},"schema":{"@context":"https:\/\/schema.org","@graph":[{"@type":"Article","@id":"https:\/\/www.jobcloud.ch\/c\/fr-ch\/blog\/recrutement-de-a-a-z-9-conseils\/#article","isPartOf":{"@id":"https:\/\/www.jobcloud.ch\/c\/fr-ch\/blog\/recrutement-de-a-a-z-9-conseils\/"},"author":{"name":"Rebekka H\u00e4nggi","@id":"https:\/\/www.jobcloud.ch\/c\/fr-ch\/#\/schema\/person\/77630b275e0f27fc4e48d5a2367855af"},"headline":"Recrutement de A \u00e0 Z : 9 conseils pour r\u00e9ussir","datePublished":"2025-09-12T09:43:42+00:00","mainEntityOfPage":{"@id":"https:\/\/www.jobcloud.ch\/c\/fr-ch\/blog\/recrutement-de-a-a-z-9-conseils\/"},"wordCount":8,"publisher":{"@id":"https:\/\/www.jobcloud.ch\/c\/fr-ch\/#organization"},"image":{"@id":"https:\/\/www.jobcloud.ch\/c\/fr-ch\/blog\/recrutement-de-a-a-z-9-conseils\/#primaryimage"},"thumbnailUrl":"https:\/\/www.jobcloud.ch\/wp-content\/uploads\/2025\/09\/international-recruitment-4-1-scaled.png","keywords":["candidatures","offre d'emploi","Recherche de talents","Recruiting","Rekrutierung","Trouver des collaborateurs"],"articleSection":["HR &amp; Talent Management","RH &amp; Talent management"],"inLanguage":"fr-CH"},{"@type":"WebPage","@id":"https:\/\/www.jobcloud.ch\/c\/fr-ch\/blog\/recrutement-de-a-a-z-9-conseils\/","url":"https:\/\/www.jobcloud.ch\/c\/fr-ch\/blog\/recrutement-de-a-a-z-9-conseils\/","name":"Recrutement de A \u00e0 Z : 9 conseils pour r\u00e9ussir | JobCloud","isPartOf":{"@id":"https:\/\/www.jobcloud.ch\/c\/fr-ch\/#website"},"primaryImageOfPage":{"@id":"https:\/\/www.jobcloud.ch\/c\/fr-ch\/blog\/recrutement-de-a-a-z-9-conseils\/#primaryimage"},"image":{"@id":"https:\/\/www.jobcloud.ch\/c\/fr-ch\/blog\/recrutement-de-a-a-z-9-conseils\/#primaryimage"},"thumbnailUrl":"https:\/\/www.jobcloud.ch\/wp-content\/uploads\/2025\/09\/international-recruitment-4-1-scaled.png","datePublished":"2025-09-12T09:43:42+00:00","description":"Nous avons r\u00e9uni trois conseils d\u00e9di\u00e9s \u00e0 la recherche de talents, \u00e0 la gestion des candidatures et \u00e0 l\u2019onboarding.","inLanguage":"fr-CH","potentialAction":[{"@type":"ReadAction","target":["https:\/\/www.jobcloud.ch\/c\/fr-ch\/blog\/recrutement-de-a-a-z-9-conseils\/"]}]},{"@type":"ImageObject","inLanguage":"fr-CH","@id":"https:\/\/www.jobcloud.ch\/c\/fr-ch\/blog\/recrutement-de-a-a-z-9-conseils\/#primaryimage","url":"https:\/\/www.jobcloud.ch\/wp-content\/uploads\/2025\/09\/international-recruitment-4-1-scaled.png","contentUrl":"https:\/\/www.jobcloud.ch\/wp-content\/uploads\/2025\/09\/international-recruitment-4-1-scaled.png"},{"@type":"WebSite","@id":"https:\/\/www.jobcloud.ch\/c\/fr-ch\/#website","url":"https:\/\/www.jobcloud.ch\/c\/fr-ch\/","name":"JobCloud","description":"JobCloud is the leading job portal for jobseekers in Switzerland","publisher":{"@id":"https:\/\/www.jobcloud.ch\/c\/fr-ch\/#organization"},"potentialAction":[{"@type":"SearchAction","target":{"@type":"EntryPoint","urlTemplate":"https:\/\/www.jobcloud.ch\/c\/fr-ch\/?s={search_term_string}"},"query-input":{"@type":"PropertyValueSpecification","valueRequired":true,"valueName":"search_term_string"}}],"inLanguage":"fr-CH"},{"@type":"Organization","@id":"https:\/\/www.jobcloud.ch\/c\/fr-ch\/#organization","name":"JobCloud","url":"https:\/\/www.jobcloud.ch\/c\/fr-ch\/","logo":{"@type":"ImageObject","inLanguage":"fr-CH","@id":"https:\/\/www.jobcloud.ch\/c\/fr-ch\/#\/schema\/logo\/image\/","url":"https:\/\/www.jobcloud.ch\/wp-content\/uploads\/2020\/02\/jobcloude-logo.svg","contentUrl":"https:\/\/www.jobcloud.ch\/wp-content\/uploads\/2020\/02\/jobcloude-logo.svg","width":160,"height":37,"caption":"JobCloud"},"image":{"@id":"https:\/\/www.jobcloud.ch\/c\/fr-ch\/#\/schema\/logo\/image\/"}},{"@type":"Person","@id":"https:\/\/www.jobcloud.ch\/c\/fr-ch\/#\/schema\/person\/77630b275e0f27fc4e48d5a2367855af","name":"Rebekka H\u00e4nggi","image":{"@type":"ImageObject","inLanguage":"fr-CH","@id":"https:\/\/www.jobcloud.ch\/wp-content\/uploads\/2021\/01\/Rebekka-Haenggi_avatar-96x96.jpg","url":"https:\/\/www.jobcloud.ch\/wp-content\/uploads\/2021\/01\/Rebekka-Haenggi_avatar-96x96.jpg","contentUrl":"https:\/\/www.jobcloud.ch\/wp-content\/uploads\/2021\/01\/Rebekka-Haenggi_avatar-96x96.jpg","caption":"Rebekka H\u00e4nggi"},"description":"Depuis janvier 2013, je suis en charge de la communication de JobCloud SA. Avant cela, je travaillais dans le d\u00e9partement marketing au sein de la soci\u00e9t\u00e9 Jobup AG. Le domaine du marketing et de la communication est ma passion et cela fait maintenant 8 ans que je m\u2019occupe des sujets relatifs aux RH Management. J\u2019ai un fort attrait pour le marketing du personnel, le recrutement en ligne et la direction du personnel, sujets que j\u2019aborderai sur notre blog. En outre, je vous donnerai un coup d\u2019\u0153il dans les coulisses de JobCloud en m\u2019exprimant sur la vie et le travail chez nous.","sameAs":["https:\/\/www.linkedin.com\/in\/rebekka-hnggi-affolter-9678b142"],"url":"https:\/\/www.jobcloud.ch\/c\/fr-ch\/blog\/author\/rebekka\/"}]}},"_links":{"self":[{"href":"https:\/\/www.jobcloud.ch\/c\/fr-ch\/wp-json\/wp\/v2\/posts\/101263","targetHints":{"allow":["GET"]}}],"collection":[{"href":"https:\/\/www.jobcloud.ch\/c\/fr-ch\/wp-json\/wp\/v2\/posts"}],"about":[{"href":"https:\/\/www.jobcloud.ch\/c\/fr-ch\/wp-json\/wp\/v2\/types\/post"}],"author":[{"embeddable":true,"href":"https:\/\/www.jobcloud.ch\/c\/fr-ch\/wp-json\/wp\/v2\/users\/12"}],"replies":[{"embeddable":true,"href":"https:\/\/www.jobcloud.ch\/c\/fr-ch\/wp-json\/wp\/v2\/comments?post=101263"}],"version-history":[{"count":0,"href":"https:\/\/www.jobcloud.ch\/c\/fr-ch\/wp-json\/wp\/v2\/posts\/101263\/revisions"}],"wp:featuredmedia":[{"embeddable":true,"href":"https:\/\/www.jobcloud.ch\/c\/fr-ch\/wp-json\/wp\/v2\/media\/101770"}],"wp:attachment":[{"href":"https:\/\/www.jobcloud.ch\/c\/fr-ch\/wp-json\/wp\/v2\/media?parent=101263"}],"wp:term":[{"taxonomy":"category","embeddable":true,"href":"https:\/\/www.jobcloud.ch\/c\/fr-ch\/wp-json\/wp\/v2\/categories?post=101263"},{"taxonomy":"post_tag","embeddable":true,"href":"https:\/\/www.jobcloud.ch\/c\/fr-ch\/wp-json\/wp\/v2\/tags?post=101263"}],"curies":[{"name":"wp","href":"https:\/\/api.w.org\/{rel}","templated":true}]}}