     {"id":98060,"date":"2025-06-19T10:03:12","date_gmt":"2025-06-19T08:03:12","guid":{"rendered":"https:\/\/www.jobcloud.ch\/c\/?p=98060"},"modified":"2025-06-19T10:03:12","modified_gmt":"2025-06-19T08:03:12","slug":"mentale-gesundheit-im-job-was-mitarbeitende-belastet-und-was-das-fuer-arbeitgeber-bedeutet","status":"publish","type":"post","link":"https:\/\/www.jobcloud.ch\/c\/de-ch\/blog\/mentale-gesundheit-im-job-was-mitarbeitende-belastet-und-was-das-fuer-arbeitgeber-bedeutet\/","title":{"rendered":"Mentale Gesundheit im Job: Was Mitarbeitende belastet \u2013 und was das f\u00fcr Arbeitgeber bedeutet"},"content":{"rendered":"","protected":false},"excerpt":{"rendered":"","protected":false},"author":12,"featured_media":98072,"comment_status":"closed","ping_status":"open","sticky":false,"template":"","format":"standard","meta":{"_acf_changed":false,"inline_featured_image":false,"footnotes":""},"categories":[966,896,2975],"tags":[963,1050,920],"class_list":["post-98060","post","type-post","status-publish","format-standard","has-post-thumbnail","hentry","category-arbeitsleben","category-employer-branding","category-podcasts","tag-arbeitswelt","tag-hr","tag-mitarbeiter"],"acf":[],"yoast_head":"<!-- This site is optimized with the Yoast SEO plugin v27.2 - https:\/\/yoast.com\/product\/yoast-seo-wordpress\/ -->\n<title>Mentale Gesundheit im Job: Was Mitarbeitende belastet \u2013 und was das f\u00fcr Arbeitgeber bedeutet | JobCloud<\/title>\n<meta name=\"description\" content=\"Jobsuchende f\u00fchlen sich oft \u00fcberlastet und unsicher. Erfahre, wie Unternehmen mentale Gesundheit gezielt st\u00e4rken k\u00f6nnen.\" \/>\n<meta name=\"robots\" content=\"index, follow, max-snippet:-1, max-image-preview:large, max-video-preview:-1\" \/>\n<link rel=\"canonical\" href=\"https:\/\/www.jobcloud.ch\/c\/de-ch\/blog\/mentale-gesundheit-im-job-was-mitarbeitende-belastet-und-was-das-fuer-arbeitgeber-bedeutet\/\" \/>\n<meta property=\"og:locale\" content=\"de_DE\" \/>\n<meta property=\"og:type\" content=\"article\" \/>\n<meta property=\"og:title\" content=\"Mentale Gesundheit im Job: Was Mitarbeitende belastet \u2013 und was das f\u00fcr Arbeitgeber bedeutet | JobCloud\" \/>\n<meta property=\"og:description\" content=\"Jobsuchende f\u00fchlen sich oft \u00fcberlastet und unsicher. Erfahre, wie Unternehmen mentale Gesundheit gezielt st\u00e4rken k\u00f6nnen.\" \/>\n<meta property=\"og:url\" content=\"https:\/\/www.jobcloud.ch\/c\/de-ch\/blog\/mentale-gesundheit-im-job-was-mitarbeitende-belastet-und-was-das-fuer-arbeitgeber-bedeutet\/\" \/>\n<meta property=\"og:site_name\" content=\"JobCloud\" \/>\n<meta property=\"article:published_time\" content=\"2025-06-19T08:03:12+00:00\" \/>\n<meta property=\"og:image\" content=\"https:\/\/www.jobcloud.ch\/wp-content\/uploads\/2025\/06\/mental.png\" \/>\n\t<meta property=\"og:image:width\" content=\"820\" \/>\n\t<meta property=\"og:image:height\" content=\"270\" \/>\n\t<meta property=\"og:image:type\" content=\"image\/png\" \/>\n<meta name=\"author\" content=\"Rebekka H\u00e4nggi\" \/>\n<meta name=\"twitter:card\" content=\"summary_large_image\" \/>\n<meta name=\"twitter:label1\" content=\"Geschrieben von\" \/>\n\t<meta name=\"twitter:data1\" content=\"Rebekka H\u00e4nggi\" \/>\n\t<meta name=\"twitter:label2\" content=\"Gesch\u00e4tzte Lesezeit\" \/>\n\t<meta name=\"twitter:data2\" content=\"1\u00a0Minute\" \/>\n<script type=\"application\/ld+json\" class=\"yoast-schema-graph\">{\"@context\":\"https:\/\/schema.org\",\"@graph\":[{\"@type\":\"Article\",\"@id\":\"https:\/\/www.jobcloud.ch\/c\/de-ch\/blog\/mentale-gesundheit-im-job-was-mitarbeitende-belastet-und-was-das-fuer-arbeitgeber-bedeutet\/#article\",\"isPartOf\":{\"@id\":\"https:\/\/www.jobcloud.ch\/c\/de-ch\/blog\/mentale-gesundheit-im-job-was-mitarbeitende-belastet-und-was-das-fuer-arbeitgeber-bedeutet\/\"},\"author\":{\"name\":\"Rebekka H\u00e4nggi\",\"@id\":\"https:\/\/www.jobcloud.ch\/c\/de-ch\/#\/schema\/person\/77630b275e0f27fc4e48d5a2367855af\"},\"headline\":\"Mentale Gesundheit im Job: Was Mitarbeitende belastet \u2013 und was das f\u00fcr Arbeitgeber bedeutet\",\"datePublished\":\"2025-06-19T08:03:12+00:00\",\"mainEntityOfPage\":{\"@id\":\"https:\/\/www.jobcloud.ch\/c\/de-ch\/blog\/mentale-gesundheit-im-job-was-mitarbeitende-belastet-und-was-das-fuer-arbeitgeber-bedeutet\/\"},\"wordCount\":14,\"publisher\":{\"@id\":\"https:\/\/www.jobcloud.ch\/c\/de-ch\/#organization\"},\"image\":{\"@id\":\"https:\/\/www.jobcloud.ch\/c\/de-ch\/blog\/mentale-gesundheit-im-job-was-mitarbeitende-belastet-und-was-das-fuer-arbeitgeber-bedeutet\/#primaryimage\"},\"thumbnailUrl\":\"https:\/\/www.jobcloud.ch\/wp-content\/uploads\/2025\/06\/mental.png\",\"keywords\":[\"Arbeitswelt\",\"HR\",\"Mitarbeiter\"],\"articleSection\":[\"Arbeitsleben\",\"Employer Branding\",\"Podcasts\"],\"inLanguage\":\"de-CH\"},{\"@type\":\"WebPage\",\"@id\":\"https:\/\/www.jobcloud.ch\/c\/de-ch\/blog\/mentale-gesundheit-im-job-was-mitarbeitende-belastet-und-was-das-fuer-arbeitgeber-bedeutet\/\",\"url\":\"https:\/\/www.jobcloud.ch\/c\/de-ch\/blog\/mentale-gesundheit-im-job-was-mitarbeitende-belastet-und-was-das-fuer-arbeitgeber-bedeutet\/\",\"name\":\"Mentale Gesundheit im Job: Was Mitarbeitende belastet \u2013 und was das f\u00fcr Arbeitgeber bedeutet | JobCloud\",\"isPartOf\":{\"@id\":\"https:\/\/www.jobcloud.ch\/c\/de-ch\/#website\"},\"primaryImageOfPage\":{\"@id\":\"https:\/\/www.jobcloud.ch\/c\/de-ch\/blog\/mentale-gesundheit-im-job-was-mitarbeitende-belastet-und-was-das-fuer-arbeitgeber-bedeutet\/#primaryimage\"},\"image\":{\"@id\":\"https:\/\/www.jobcloud.ch\/c\/de-ch\/blog\/mentale-gesundheit-im-job-was-mitarbeitende-belastet-und-was-das-fuer-arbeitgeber-bedeutet\/#primaryimage\"},\"thumbnailUrl\":\"https:\/\/www.jobcloud.ch\/wp-content\/uploads\/2025\/06\/mental.png\",\"datePublished\":\"2025-06-19T08:03:12+00:00\",\"description\":\"Jobsuchende f\u00fchlen sich oft \u00fcberlastet und unsicher. Erfahre, wie Unternehmen mentale Gesundheit gezielt st\u00e4rken k\u00f6nnen.\",\"inLanguage\":\"de-CH\",\"potentialAction\":[{\"@type\":\"ReadAction\",\"target\":[\"https:\/\/www.jobcloud.ch\/c\/de-ch\/blog\/mentale-gesundheit-im-job-was-mitarbeitende-belastet-und-was-das-fuer-arbeitgeber-bedeutet\/\"]}]},{\"@type\":\"ImageObject\",\"inLanguage\":\"de-CH\",\"@id\":\"https:\/\/www.jobcloud.ch\/c\/de-ch\/blog\/mentale-gesundheit-im-job-was-mitarbeitende-belastet-und-was-das-fuer-arbeitgeber-bedeutet\/#primaryimage\",\"url\":\"https:\/\/www.jobcloud.ch\/wp-content\/uploads\/2025\/06\/mental.png\",\"contentUrl\":\"https:\/\/www.jobcloud.ch\/wp-content\/uploads\/2025\/06\/mental.png\",\"width\":820,\"height\":270},{\"@type\":\"WebSite\",\"@id\":\"https:\/\/www.jobcloud.ch\/c\/de-ch\/#website\",\"url\":\"https:\/\/www.jobcloud.ch\/c\/de-ch\/\",\"name\":\"JobCloud\",\"description\":\"JobCloud is the leading job portal for jobseekers in Switzerland\",\"publisher\":{\"@id\":\"https:\/\/www.jobcloud.ch\/c\/de-ch\/#organization\"},\"potentialAction\":[{\"@type\":\"SearchAction\",\"target\":{\"@type\":\"EntryPoint\",\"urlTemplate\":\"https:\/\/www.jobcloud.ch\/c\/de-ch\/?s={search_term_string}\"},\"query-input\":{\"@type\":\"PropertyValueSpecification\",\"valueRequired\":true,\"valueName\":\"search_term_string\"}}],\"inLanguage\":\"de-CH\"},{\"@type\":\"Organization\",\"@id\":\"https:\/\/www.jobcloud.ch\/c\/de-ch\/#organization\",\"name\":\"JobCloud\",\"url\":\"https:\/\/www.jobcloud.ch\/c\/de-ch\/\",\"logo\":{\"@type\":\"ImageObject\",\"inLanguage\":\"de-CH\",\"@id\":\"https:\/\/www.jobcloud.ch\/c\/de-ch\/#\/schema\/logo\/image\/\",\"url\":\"https:\/\/www.jobcloud.ch\/wp-content\/uploads\/2020\/02\/jobcloude-logo.svg\",\"contentUrl\":\"https:\/\/www.jobcloud.ch\/wp-content\/uploads\/2020\/02\/jobcloude-logo.svg\",\"width\":160,\"height\":37,\"caption\":\"JobCloud\"},\"image\":{\"@id\":\"https:\/\/www.jobcloud.ch\/c\/de-ch\/#\/schema\/logo\/image\/\"}},{\"@type\":\"Person\",\"@id\":\"https:\/\/www.jobcloud.ch\/c\/de-ch\/#\/schema\/person\/77630b275e0f27fc4e48d5a2367855af\",\"name\":\"Rebekka H\u00e4nggi\",\"image\":{\"@type\":\"ImageObject\",\"inLanguage\":\"de-CH\",\"@id\":\"https:\/\/www.jobcloud.ch\/wp-content\/uploads\/2021\/01\/Rebekka-Haenggi_avatar-96x96.jpg\",\"url\":\"https:\/\/www.jobcloud.ch\/wp-content\/uploads\/2021\/01\/Rebekka-Haenggi_avatar-96x96.jpg\",\"contentUrl\":\"https:\/\/www.jobcloud.ch\/wp-content\/uploads\/2021\/01\/Rebekka-Haenggi_avatar-96x96.jpg\",\"caption\":\"Rebekka H\u00e4nggi\"},\"description\":\"Depuis janvier 2013, je suis en charge de la communication de JobCloud SA. Avant cela, je travaillais dans le d\u00e9partement marketing au sein de la soci\u00e9t\u00e9 Jobup AG. Le domaine du marketing et de la communication est ma passion et cela fait maintenant 8 ans que je m\u2019occupe des sujets relatifs aux RH Management. J\u2019ai un fort attrait pour le marketing du personnel, le recrutement en ligne et la direction du personnel, sujets que j\u2019aborderai sur notre blog. En outre, je vous donnerai un coup d\u2019\u0153il dans les coulisses de JobCloud en m\u2019exprimant sur la vie et le travail chez nous.\",\"sameAs\":[\"https:\/\/www.linkedin.com\/in\/rebekka-hnggi-affolter-9678b142\"],\"url\":\"https:\/\/www.jobcloud.ch\/c\/de-ch\/blog\/author\/rebekka\/\"}]}<\/script>\n<!-- \/ Yoast SEO plugin. -->","yoast_head_json":{"title":"Mentale Gesundheit im Job: Was Mitarbeitende belastet \u2013 und was das f\u00fcr Arbeitgeber bedeutet | JobCloud","description":"Jobsuchende f\u00fchlen sich oft \u00fcberlastet und unsicher. Erfahre, wie Unternehmen mentale Gesundheit gezielt st\u00e4rken k\u00f6nnen.","robots":{"index":"index","follow":"follow","max-snippet":"max-snippet:-1","max-image-preview":"max-image-preview:large","max-video-preview":"max-video-preview:-1"},"canonical":"https:\/\/www.jobcloud.ch\/c\/de-ch\/blog\/mentale-gesundheit-im-job-was-mitarbeitende-belastet-und-was-das-fuer-arbeitgeber-bedeutet\/","og_locale":"de_DE","og_type":"article","og_title":"Mentale Gesundheit im Job: Was Mitarbeitende belastet \u2013 und was das f\u00fcr Arbeitgeber bedeutet | JobCloud","og_description":"Jobsuchende f\u00fchlen sich oft \u00fcberlastet und unsicher. Erfahre, wie Unternehmen mentale Gesundheit gezielt st\u00e4rken k\u00f6nnen.","og_url":"https:\/\/www.jobcloud.ch\/c\/de-ch\/blog\/mentale-gesundheit-im-job-was-mitarbeitende-belastet-und-was-das-fuer-arbeitgeber-bedeutet\/","og_site_name":"JobCloud","article_published_time":"2025-06-19T08:03:12+00:00","og_image":[{"width":820,"height":270,"url":"https:\/\/www.jobcloud.ch\/wp-content\/uploads\/2025\/06\/mental.png","type":"image\/png"}],"author":"Rebekka H\u00e4nggi","twitter_card":"summary_large_image","twitter_misc":{"Geschrieben von":"Rebekka H\u00e4nggi","Gesch\u00e4tzte Lesezeit":"1\u00a0Minute"},"schema":{"@context":"https:\/\/schema.org","@graph":[{"@type":"Article","@id":"https:\/\/www.jobcloud.ch\/c\/de-ch\/blog\/mentale-gesundheit-im-job-was-mitarbeitende-belastet-und-was-das-fuer-arbeitgeber-bedeutet\/#article","isPartOf":{"@id":"https:\/\/www.jobcloud.ch\/c\/de-ch\/blog\/mentale-gesundheit-im-job-was-mitarbeitende-belastet-und-was-das-fuer-arbeitgeber-bedeutet\/"},"author":{"name":"Rebekka H\u00e4nggi","@id":"https:\/\/www.jobcloud.ch\/c\/de-ch\/#\/schema\/person\/77630b275e0f27fc4e48d5a2367855af"},"headline":"Mentale Gesundheit im Job: Was Mitarbeitende belastet \u2013 und was das f\u00fcr Arbeitgeber bedeutet","datePublished":"2025-06-19T08:03:12+00:00","mainEntityOfPage":{"@id":"https:\/\/www.jobcloud.ch\/c\/de-ch\/blog\/mentale-gesundheit-im-job-was-mitarbeitende-belastet-und-was-das-fuer-arbeitgeber-bedeutet\/"},"wordCount":14,"publisher":{"@id":"https:\/\/www.jobcloud.ch\/c\/de-ch\/#organization"},"image":{"@id":"https:\/\/www.jobcloud.ch\/c\/de-ch\/blog\/mentale-gesundheit-im-job-was-mitarbeitende-belastet-und-was-das-fuer-arbeitgeber-bedeutet\/#primaryimage"},"thumbnailUrl":"https:\/\/www.jobcloud.ch\/wp-content\/uploads\/2025\/06\/mental.png","keywords":["Arbeitswelt","HR","Mitarbeiter"],"articleSection":["Arbeitsleben","Employer Branding","Podcasts"],"inLanguage":"de-CH"},{"@type":"WebPage","@id":"https:\/\/www.jobcloud.ch\/c\/de-ch\/blog\/mentale-gesundheit-im-job-was-mitarbeitende-belastet-und-was-das-fuer-arbeitgeber-bedeutet\/","url":"https:\/\/www.jobcloud.ch\/c\/de-ch\/blog\/mentale-gesundheit-im-job-was-mitarbeitende-belastet-und-was-das-fuer-arbeitgeber-bedeutet\/","name":"Mentale Gesundheit im Job: Was Mitarbeitende belastet \u2013 und was das f\u00fcr Arbeitgeber bedeutet | JobCloud","isPartOf":{"@id":"https:\/\/www.jobcloud.ch\/c\/de-ch\/#website"},"primaryImageOfPage":{"@id":"https:\/\/www.jobcloud.ch\/c\/de-ch\/blog\/mentale-gesundheit-im-job-was-mitarbeitende-belastet-und-was-das-fuer-arbeitgeber-bedeutet\/#primaryimage"},"image":{"@id":"https:\/\/www.jobcloud.ch\/c\/de-ch\/blog\/mentale-gesundheit-im-job-was-mitarbeitende-belastet-und-was-das-fuer-arbeitgeber-bedeutet\/#primaryimage"},"thumbnailUrl":"https:\/\/www.jobcloud.ch\/wp-content\/uploads\/2025\/06\/mental.png","datePublished":"2025-06-19T08:03:12+00:00","description":"Jobsuchende f\u00fchlen sich oft \u00fcberlastet und unsicher. Erfahre, wie Unternehmen mentale Gesundheit gezielt st\u00e4rken k\u00f6nnen.","inLanguage":"de-CH","potentialAction":[{"@type":"ReadAction","target":["https:\/\/www.jobcloud.ch\/c\/de-ch\/blog\/mentale-gesundheit-im-job-was-mitarbeitende-belastet-und-was-das-fuer-arbeitgeber-bedeutet\/"]}]},{"@type":"ImageObject","inLanguage":"de-CH","@id":"https:\/\/www.jobcloud.ch\/c\/de-ch\/blog\/mentale-gesundheit-im-job-was-mitarbeitende-belastet-und-was-das-fuer-arbeitgeber-bedeutet\/#primaryimage","url":"https:\/\/www.jobcloud.ch\/wp-content\/uploads\/2025\/06\/mental.png","contentUrl":"https:\/\/www.jobcloud.ch\/wp-content\/uploads\/2025\/06\/mental.png","width":820,"height":270},{"@type":"WebSite","@id":"https:\/\/www.jobcloud.ch\/c\/de-ch\/#website","url":"https:\/\/www.jobcloud.ch\/c\/de-ch\/","name":"JobCloud","description":"JobCloud is the leading job portal for jobseekers in Switzerland","publisher":{"@id":"https:\/\/www.jobcloud.ch\/c\/de-ch\/#organization"},"potentialAction":[{"@type":"SearchAction","target":{"@type":"EntryPoint","urlTemplate":"https:\/\/www.jobcloud.ch\/c\/de-ch\/?s={search_term_string}"},"query-input":{"@type":"PropertyValueSpecification","valueRequired":true,"valueName":"search_term_string"}}],"inLanguage":"de-CH"},{"@type":"Organization","@id":"https:\/\/www.jobcloud.ch\/c\/de-ch\/#organization","name":"JobCloud","url":"https:\/\/www.jobcloud.ch\/c\/de-ch\/","logo":{"@type":"ImageObject","inLanguage":"de-CH","@id":"https:\/\/www.jobcloud.ch\/c\/de-ch\/#\/schema\/logo\/image\/","url":"https:\/\/www.jobcloud.ch\/wp-content\/uploads\/2020\/02\/jobcloude-logo.svg","contentUrl":"https:\/\/www.jobcloud.ch\/wp-content\/uploads\/2020\/02\/jobcloude-logo.svg","width":160,"height":37,"caption":"JobCloud"},"image":{"@id":"https:\/\/www.jobcloud.ch\/c\/de-ch\/#\/schema\/logo\/image\/"}},{"@type":"Person","@id":"https:\/\/www.jobcloud.ch\/c\/de-ch\/#\/schema\/person\/77630b275e0f27fc4e48d5a2367855af","name":"Rebekka H\u00e4nggi","image":{"@type":"ImageObject","inLanguage":"de-CH","@id":"https:\/\/www.jobcloud.ch\/wp-content\/uploads\/2021\/01\/Rebekka-Haenggi_avatar-96x96.jpg","url":"https:\/\/www.jobcloud.ch\/wp-content\/uploads\/2021\/01\/Rebekka-Haenggi_avatar-96x96.jpg","contentUrl":"https:\/\/www.jobcloud.ch\/wp-content\/uploads\/2021\/01\/Rebekka-Haenggi_avatar-96x96.jpg","caption":"Rebekka H\u00e4nggi"},"description":"Depuis janvier 2013, je suis en charge de la communication de JobCloud SA. Avant cela, je travaillais dans le d\u00e9partement marketing au sein de la soci\u00e9t\u00e9 Jobup AG. Le domaine du marketing et de la communication est ma passion et cela fait maintenant 8 ans que je m\u2019occupe des sujets relatifs aux RH Management. J\u2019ai un fort attrait pour le marketing du personnel, le recrutement en ligne et la direction du personnel, sujets que j\u2019aborderai sur notre blog. En outre, je vous donnerai un coup d\u2019\u0153il dans les coulisses de JobCloud en m\u2019exprimant sur la vie et le travail chez nous.","sameAs":["https:\/\/www.linkedin.com\/in\/rebekka-hnggi-affolter-9678b142"],"url":"https:\/\/www.jobcloud.ch\/c\/de-ch\/blog\/author\/rebekka\/"}]}},"_links":{"self":[{"href":"https:\/\/www.jobcloud.ch\/c\/de-ch\/wp-json\/wp\/v2\/posts\/98060","targetHints":{"allow":["GET"]}}],"collection":[{"href":"https:\/\/www.jobcloud.ch\/c\/de-ch\/wp-json\/wp\/v2\/posts"}],"about":[{"href":"https:\/\/www.jobcloud.ch\/c\/de-ch\/wp-json\/wp\/v2\/types\/post"}],"author":[{"embeddable":true,"href":"https:\/\/www.jobcloud.ch\/c\/de-ch\/wp-json\/wp\/v2\/users\/12"}],"replies":[{"embeddable":true,"href":"https:\/\/www.jobcloud.ch\/c\/de-ch\/wp-json\/wp\/v2\/comments?post=98060"}],"version-history":[{"count":0,"href":"https:\/\/www.jobcloud.ch\/c\/de-ch\/wp-json\/wp\/v2\/posts\/98060\/revisions"}],"wp:featuredmedia":[{"embeddable":true,"href":"https:\/\/www.jobcloud.ch\/c\/de-ch\/wp-json\/wp\/v2\/media\/98072"}],"wp:attachment":[{"href":"https:\/\/www.jobcloud.ch\/c\/de-ch\/wp-json\/wp\/v2\/media?parent=98060"}],"wp:term":[{"taxonomy":"category","embeddable":true,"href":"https:\/\/www.jobcloud.ch\/c\/de-ch\/wp-json\/wp\/v2\/categories?post=98060"},{"taxonomy":"post_tag","embeddable":true,"href":"https:\/\/www.jobcloud.ch\/c\/de-ch\/wp-json\/wp\/v2\/tags?post=98060"}],"curies":[{"name":"wp","href":"https:\/\/api.w.org\/{rel}","templated":true}]}}