     {"id":9685,"date":"2022-03-09T08:46:47","date_gmt":"2022-03-09T07:46:47","guid":{"rendered":"https:\/\/www.jobcloud.ch\/c\/de-ch\/?p=9685"},"modified":"2022-03-25T15:05:45","modified_gmt":"2022-03-25T14:05:45","slug":"kuendigung-ohne-grund-die-rechtlichen-rahmenbedingungen","status":"publish","type":"post","link":"https:\/\/www.jobcloud.ch\/c\/de-ch\/blog\/kuendigung-ohne-grund-schweiz\/","title":{"rendered":"K\u00fcndigung ohne Grund \u2013 die rechtlichen Rahmenbedingungen"},"content":{"rendered":"","protected":false},"excerpt":{"rendered":"","protected":false},"author":32,"featured_media":26806,"comment_status":"open","ping_status":"closed","sticky":false,"template":"","format":"standard","meta":{"_acf_changed":false,"inline_featured_image":false,"footnotes":""},"categories":[1116],"tags":[1117,1188,1134,1189],"class_list":["post-9685","post","type-post","status-publish","format-standard","has-post-thumbnail","hentry","category-arbeitsrecht","tag-arbeitsrecht","tag-grundlose-kuendigung","tag-kuendigung","tag-mitarbeiter-entlassen"],"acf":[],"yoast_head":"<!-- This site is optimized with the Yoast SEO plugin v27.2 - https:\/\/yoast.com\/product\/yoast-seo-wordpress\/ -->\n<title>K\u00fcndigung ohne Grund \u2013 die rechtlichen Rahmenbedingungen | JobCloud<\/title>\n<meta name=\"description\" content=\"M\u00f6glich ist, dass Unternehmen gezwungen sind, die Anzahl ihrer Angestellten zu reduzieren. Was sind die Folgen einer solchen K\u00fcndigung ohne Grund?\" \/>\n<meta name=\"robots\" content=\"index, follow, max-snippet:-1, max-image-preview:large, max-video-preview:-1\" \/>\n<link rel=\"canonical\" href=\"https:\/\/www.jobcloud.ch\/c\/de-ch\/blog\/kuendigung-ohne-grund-schweiz\/\" \/>\n<meta property=\"og:locale\" content=\"de_DE\" \/>\n<meta property=\"og:type\" content=\"article\" \/>\n<meta property=\"og:title\" content=\"K\u00fcndigung ohne Grund \u2013 die rechtlichen Rahmenbedingungen | JobCloud\" \/>\n<meta property=\"og:description\" content=\"M\u00f6glich ist, dass Unternehmen gezwungen sind, die Anzahl ihrer Angestellten zu reduzieren. Was sind die Folgen einer solchen K\u00fcndigung ohne Grund?\" \/>\n<meta property=\"og:url\" content=\"https:\/\/www.jobcloud.ch\/c\/de-ch\/blog\/kuendigung-ohne-grund-schweiz\/\" \/>\n<meta property=\"og:site_name\" content=\"JobCloud\" \/>\n<meta property=\"article:published_time\" content=\"2022-03-09T07:46:47+00:00\" \/>\n<meta property=\"article:modified_time\" content=\"2022-03-25T14:05:45+00:00\" \/>\n<meta property=\"og:image\" content=\"https:\/\/www.jobcloud.ch\/wp-content\/uploads\/2017\/09\/kuendigung-ohne-grund-arbeitsrecht-1.jpg\" \/>\n\t<meta property=\"og:image:width\" content=\"997\" \/>\n\t<meta property=\"og:image:height\" content=\"422\" \/>\n\t<meta property=\"og:image:type\" content=\"image\/jpeg\" \/>\n<meta name=\"author\" content=\"Roland Bachmann\" \/>\n<meta name=\"twitter:card\" content=\"summary_large_image\" \/>\n<meta name=\"twitter:label1\" content=\"Geschrieben von\" \/>\n\t<meta name=\"twitter:data1\" content=\"Roland Bachmann\" \/>\n<script type=\"application\/ld+json\" class=\"yoast-schema-graph\">{\"@context\":\"https:\/\/schema.org\",\"@graph\":[{\"@type\":\"Article\",\"@id\":\"https:\/\/www.jobcloud.ch\/c\/de-ch\/blog\/kuendigung-ohne-grund-schweiz\/#article\",\"isPartOf\":{\"@id\":\"https:\/\/www.jobcloud.ch\/c\/de-ch\/blog\/kuendigung-ohne-grund-schweiz\/\"},\"author\":{\"name\":\"Roland Bachmann\",\"@id\":\"https:\/\/www.jobcloud.ch\/c\/de-ch\/#\/schema\/person\/b5a1acb8751624420c1b9b41a55929b4\"},\"headline\":\"K\u00fcndigung ohne Grund \u2013 die rechtlichen Rahmenbedingungen\",\"datePublished\":\"2022-03-09T07:46:47+00:00\",\"dateModified\":\"2022-03-25T14:05:45+00:00\",\"mainEntityOfPage\":{\"@id\":\"https:\/\/www.jobcloud.ch\/c\/de-ch\/blog\/kuendigung-ohne-grund-schweiz\/\"},\"wordCount\":7,\"commentCount\":8,\"publisher\":{\"@id\":\"https:\/\/www.jobcloud.ch\/c\/de-ch\/#organization\"},\"image\":{\"@id\":\"https:\/\/www.jobcloud.ch\/c\/de-ch\/blog\/kuendigung-ohne-grund-schweiz\/#primaryimage\"},\"thumbnailUrl\":\"https:\/\/www.jobcloud.ch\/wp-content\/uploads\/2017\/09\/kuendigung-ohne-grund-arbeitsrecht-1.jpg\",\"keywords\":[\"Arbeitsrecht\",\"grundlose K\u00fcndigung\",\"K\u00fcndigung\",\"Mitarbeiter entlassen\"],\"articleSection\":[\"Arbeitsrecht\"],\"inLanguage\":\"de-CH\",\"potentialAction\":[{\"@type\":\"CommentAction\",\"name\":\"Comment\",\"target\":[\"https:\/\/www.jobcloud.ch\/c\/de-ch\/blog\/kuendigung-ohne-grund-schweiz\/#respond\"]}]},{\"@type\":\"WebPage\",\"@id\":\"https:\/\/www.jobcloud.ch\/c\/de-ch\/blog\/kuendigung-ohne-grund-schweiz\/\",\"url\":\"https:\/\/www.jobcloud.ch\/c\/de-ch\/blog\/kuendigung-ohne-grund-schweiz\/\",\"name\":\"K\u00fcndigung ohne Grund \u2013 die rechtlichen Rahmenbedingungen | JobCloud\",\"isPartOf\":{\"@id\":\"https:\/\/www.jobcloud.ch\/c\/de-ch\/#website\"},\"primaryImageOfPage\":{\"@id\":\"https:\/\/www.jobcloud.ch\/c\/de-ch\/blog\/kuendigung-ohne-grund-schweiz\/#primaryimage\"},\"image\":{\"@id\":\"https:\/\/www.jobcloud.ch\/c\/de-ch\/blog\/kuendigung-ohne-grund-schweiz\/#primaryimage\"},\"thumbnailUrl\":\"https:\/\/www.jobcloud.ch\/wp-content\/uploads\/2017\/09\/kuendigung-ohne-grund-arbeitsrecht-1.jpg\",\"datePublished\":\"2022-03-09T07:46:47+00:00\",\"dateModified\":\"2022-03-25T14:05:45+00:00\",\"description\":\"M\u00f6glich ist, dass Unternehmen gezwungen sind, die Anzahl ihrer Angestellten zu reduzieren. Was sind die Folgen einer solchen K\u00fcndigung ohne Grund?\",\"breadcrumb\":{\"@id\":\"https:\/\/www.jobcloud.ch\/c\/de-ch\/blog\/kuendigung-ohne-grund-schweiz\/#breadcrumb\"},\"inLanguage\":\"de-CH\",\"potentialAction\":[{\"@type\":\"ReadAction\",\"target\":[\"https:\/\/www.jobcloud.ch\/c\/de-ch\/blog\/kuendigung-ohne-grund-schweiz\/\"]}]},{\"@type\":\"ImageObject\",\"inLanguage\":\"de-CH\",\"@id\":\"https:\/\/www.jobcloud.ch\/c\/de-ch\/blog\/kuendigung-ohne-grund-schweiz\/#primaryimage\",\"url\":\"https:\/\/www.jobcloud.ch\/wp-content\/uploads\/2017\/09\/kuendigung-ohne-grund-arbeitsrecht-1.jpg\",\"contentUrl\":\"https:\/\/www.jobcloud.ch\/wp-content\/uploads\/2017\/09\/kuendigung-ohne-grund-arbeitsrecht-1.jpg\",\"width\":997,\"height\":422,\"caption\":\"Chef zeigt mit Zeigefinger auf einen Mitarbeiter\"},{\"@type\":\"BreadcrumbList\",\"@id\":\"https:\/\/www.jobcloud.ch\/c\/de-ch\/blog\/kuendigung-ohne-grund-schweiz\/#breadcrumb\",\"itemListElement\":[{\"@type\":\"ListItem\",\"position\":1,\"name\":\"Wettbewerbskommission stimmt \u00dcbernahme von jobs.ch durch Ringier und Tamedia zu\",\"item\":\"https:\/\/www.jobcloud.ch\/c\/de-ch\/blog\/press-release\/wettbewerbskommission-stimmt-ubernahme-von-jobs-ch-durch-ringier-und-tamedia-zu\/\"},{\"@type\":\"ListItem\",\"position\":2,\"name\":\"K\u00fcndigung ohne Grund \u2013 die rechtlichen Rahmenbedingungen\"}]},{\"@type\":\"WebSite\",\"@id\":\"https:\/\/www.jobcloud.ch\/c\/de-ch\/#website\",\"url\":\"https:\/\/www.jobcloud.ch\/c\/de-ch\/\",\"name\":\"JobCloud\",\"description\":\"JobCloud is the leading job portal for jobseekers in Switzerland\",\"publisher\":{\"@id\":\"https:\/\/www.jobcloud.ch\/c\/de-ch\/#organization\"},\"potentialAction\":[{\"@type\":\"SearchAction\",\"target\":{\"@type\":\"EntryPoint\",\"urlTemplate\":\"https:\/\/www.jobcloud.ch\/c\/de-ch\/?s={search_term_string}\"},\"query-input\":{\"@type\":\"PropertyValueSpecification\",\"valueRequired\":true,\"valueName\":\"search_term_string\"}}],\"inLanguage\":\"de-CH\"},{\"@type\":\"Organization\",\"@id\":\"https:\/\/www.jobcloud.ch\/c\/de-ch\/#organization\",\"name\":\"JobCloud\",\"url\":\"https:\/\/www.jobcloud.ch\/c\/de-ch\/\",\"logo\":{\"@type\":\"ImageObject\",\"inLanguage\":\"de-CH\",\"@id\":\"https:\/\/www.jobcloud.ch\/c\/de-ch\/#\/schema\/logo\/image\/\",\"url\":\"https:\/\/www.jobcloud.ch\/wp-content\/uploads\/2020\/02\/jobcloude-logo.svg\",\"contentUrl\":\"https:\/\/www.jobcloud.ch\/wp-content\/uploads\/2020\/02\/jobcloude-logo.svg\",\"width\":160,\"height\":37,\"caption\":\"JobCloud\"},\"image\":{\"@id\":\"https:\/\/www.jobcloud.ch\/c\/de-ch\/#\/schema\/logo\/image\/\"}},{\"@type\":\"Person\",\"@id\":\"https:\/\/www.jobcloud.ch\/c\/de-ch\/#\/schema\/person\/b5a1acb8751624420c1b9b41a55929b4\",\"name\":\"Roland Bachmann\",\"image\":{\"@type\":\"ImageObject\",\"inLanguage\":\"de-CH\",\"@id\":\"https:\/\/www.jobcloud.ch\/wp-content\/uploads\/2021\/01\/Roland-Bachmann_avatar-96x96.png\",\"url\":\"https:\/\/www.jobcloud.ch\/wp-content\/uploads\/2021\/01\/Roland-Bachmann_avatar-96x96.png\",\"contentUrl\":\"https:\/\/www.jobcloud.ch\/wp-content\/uploads\/2021\/01\/Roland-Bachmann_avatar-96x96.png\",\"caption\":\"Roland Bachmann\"},\"description\":\"Docteur en droit et avocat sp\u00e9cialis\u00e9 en droit commercial et en droit du travail, Roland Bachmann s\u2019int\u00e9resse plus particuli\u00e8rement aux processus intervenant dans le droit des assurances et celui du travail. A travers son activit\u00e9 d\u2019expert en droit, Roland Bachmann assiste de pr\u00e8s \u00e0 l\u2019\u00e9vitement ou \u00e0 la r\u00e9solution de conflits juridiques. Au cours de ses articles, il abordera les questions sensibles li\u00e9es au droit du travail.\",\"sameAs\":[\"http:\/\/www.naterdallafior.ch\/\",\"https:\/\/www.linkedin.com\/in\/roland-bachmann-a7a09419\/\"],\"url\":\"https:\/\/www.jobcloud.ch\/c\/de-ch\/blog\/author\/rolandbachmann\/\"}]}<\/script>\n<!-- \/ Yoast SEO plugin. -->","yoast_head_json":{"title":"K\u00fcndigung ohne Grund \u2013 die rechtlichen Rahmenbedingungen | JobCloud","description":"M\u00f6glich ist, dass Unternehmen gezwungen sind, die Anzahl ihrer Angestellten zu reduzieren. Was sind die Folgen einer solchen K\u00fcndigung ohne Grund?","robots":{"index":"index","follow":"follow","max-snippet":"max-snippet:-1","max-image-preview":"max-image-preview:large","max-video-preview":"max-video-preview:-1"},"canonical":"https:\/\/www.jobcloud.ch\/c\/de-ch\/blog\/kuendigung-ohne-grund-schweiz\/","og_locale":"de_DE","og_type":"article","og_title":"K\u00fcndigung ohne Grund \u2013 die rechtlichen Rahmenbedingungen | JobCloud","og_description":"M\u00f6glich ist, dass Unternehmen gezwungen sind, die Anzahl ihrer Angestellten zu reduzieren. Was sind die Folgen einer solchen K\u00fcndigung ohne Grund?","og_url":"https:\/\/www.jobcloud.ch\/c\/de-ch\/blog\/kuendigung-ohne-grund-schweiz\/","og_site_name":"JobCloud","article_published_time":"2022-03-09T07:46:47+00:00","article_modified_time":"2022-03-25T14:05:45+00:00","og_image":[{"width":997,"height":422,"url":"https:\/\/www.jobcloud.ch\/wp-content\/uploads\/2017\/09\/kuendigung-ohne-grund-arbeitsrecht-1.jpg","type":"image\/jpeg"}],"author":"Roland Bachmann","twitter_card":"summary_large_image","twitter_misc":{"Geschrieben von":"Roland Bachmann"},"schema":{"@context":"https:\/\/schema.org","@graph":[{"@type":"Article","@id":"https:\/\/www.jobcloud.ch\/c\/de-ch\/blog\/kuendigung-ohne-grund-schweiz\/#article","isPartOf":{"@id":"https:\/\/www.jobcloud.ch\/c\/de-ch\/blog\/kuendigung-ohne-grund-schweiz\/"},"author":{"name":"Roland Bachmann","@id":"https:\/\/www.jobcloud.ch\/c\/de-ch\/#\/schema\/person\/b5a1acb8751624420c1b9b41a55929b4"},"headline":"K\u00fcndigung ohne Grund \u2013 die rechtlichen Rahmenbedingungen","datePublished":"2022-03-09T07:46:47+00:00","dateModified":"2022-03-25T14:05:45+00:00","mainEntityOfPage":{"@id":"https:\/\/www.jobcloud.ch\/c\/de-ch\/blog\/kuendigung-ohne-grund-schweiz\/"},"wordCount":7,"commentCount":8,"publisher":{"@id":"https:\/\/www.jobcloud.ch\/c\/de-ch\/#organization"},"image":{"@id":"https:\/\/www.jobcloud.ch\/c\/de-ch\/blog\/kuendigung-ohne-grund-schweiz\/#primaryimage"},"thumbnailUrl":"https:\/\/www.jobcloud.ch\/wp-content\/uploads\/2017\/09\/kuendigung-ohne-grund-arbeitsrecht-1.jpg","keywords":["Arbeitsrecht","grundlose K\u00fcndigung","K\u00fcndigung","Mitarbeiter entlassen"],"articleSection":["Arbeitsrecht"],"inLanguage":"de-CH","potentialAction":[{"@type":"CommentAction","name":"Comment","target":["https:\/\/www.jobcloud.ch\/c\/de-ch\/blog\/kuendigung-ohne-grund-schweiz\/#respond"]}]},{"@type":"WebPage","@id":"https:\/\/www.jobcloud.ch\/c\/de-ch\/blog\/kuendigung-ohne-grund-schweiz\/","url":"https:\/\/www.jobcloud.ch\/c\/de-ch\/blog\/kuendigung-ohne-grund-schweiz\/","name":"K\u00fcndigung ohne Grund \u2013 die rechtlichen Rahmenbedingungen | JobCloud","isPartOf":{"@id":"https:\/\/www.jobcloud.ch\/c\/de-ch\/#website"},"primaryImageOfPage":{"@id":"https:\/\/www.jobcloud.ch\/c\/de-ch\/blog\/kuendigung-ohne-grund-schweiz\/#primaryimage"},"image":{"@id":"https:\/\/www.jobcloud.ch\/c\/de-ch\/blog\/kuendigung-ohne-grund-schweiz\/#primaryimage"},"thumbnailUrl":"https:\/\/www.jobcloud.ch\/wp-content\/uploads\/2017\/09\/kuendigung-ohne-grund-arbeitsrecht-1.jpg","datePublished":"2022-03-09T07:46:47+00:00","dateModified":"2022-03-25T14:05:45+00:00","description":"M\u00f6glich ist, dass Unternehmen gezwungen sind, die Anzahl ihrer Angestellten zu reduzieren. Was sind die Folgen einer solchen K\u00fcndigung ohne Grund?","breadcrumb":{"@id":"https:\/\/www.jobcloud.ch\/c\/de-ch\/blog\/kuendigung-ohne-grund-schweiz\/#breadcrumb"},"inLanguage":"de-CH","potentialAction":[{"@type":"ReadAction","target":["https:\/\/www.jobcloud.ch\/c\/de-ch\/blog\/kuendigung-ohne-grund-schweiz\/"]}]},{"@type":"ImageObject","inLanguage":"de-CH","@id":"https:\/\/www.jobcloud.ch\/c\/de-ch\/blog\/kuendigung-ohne-grund-schweiz\/#primaryimage","url":"https:\/\/www.jobcloud.ch\/wp-content\/uploads\/2017\/09\/kuendigung-ohne-grund-arbeitsrecht-1.jpg","contentUrl":"https:\/\/www.jobcloud.ch\/wp-content\/uploads\/2017\/09\/kuendigung-ohne-grund-arbeitsrecht-1.jpg","width":997,"height":422,"caption":"Chef zeigt mit Zeigefinger auf einen Mitarbeiter"},{"@type":"BreadcrumbList","@id":"https:\/\/www.jobcloud.ch\/c\/de-ch\/blog\/kuendigung-ohne-grund-schweiz\/#breadcrumb","itemListElement":[{"@type":"ListItem","position":1,"name":"Wettbewerbskommission stimmt \u00dcbernahme von jobs.ch durch Ringier und Tamedia zu","item":"https:\/\/www.jobcloud.ch\/c\/de-ch\/blog\/press-release\/wettbewerbskommission-stimmt-ubernahme-von-jobs-ch-durch-ringier-und-tamedia-zu\/"},{"@type":"ListItem","position":2,"name":"K\u00fcndigung ohne Grund \u2013 die rechtlichen Rahmenbedingungen"}]},{"@type":"WebSite","@id":"https:\/\/www.jobcloud.ch\/c\/de-ch\/#website","url":"https:\/\/www.jobcloud.ch\/c\/de-ch\/","name":"JobCloud","description":"JobCloud is the leading job portal for jobseekers in Switzerland","publisher":{"@id":"https:\/\/www.jobcloud.ch\/c\/de-ch\/#organization"},"potentialAction":[{"@type":"SearchAction","target":{"@type":"EntryPoint","urlTemplate":"https:\/\/www.jobcloud.ch\/c\/de-ch\/?s={search_term_string}"},"query-input":{"@type":"PropertyValueSpecification","valueRequired":true,"valueName":"search_term_string"}}],"inLanguage":"de-CH"},{"@type":"Organization","@id":"https:\/\/www.jobcloud.ch\/c\/de-ch\/#organization","name":"JobCloud","url":"https:\/\/www.jobcloud.ch\/c\/de-ch\/","logo":{"@type":"ImageObject","inLanguage":"de-CH","@id":"https:\/\/www.jobcloud.ch\/c\/de-ch\/#\/schema\/logo\/image\/","url":"https:\/\/www.jobcloud.ch\/wp-content\/uploads\/2020\/02\/jobcloude-logo.svg","contentUrl":"https:\/\/www.jobcloud.ch\/wp-content\/uploads\/2020\/02\/jobcloude-logo.svg","width":160,"height":37,"caption":"JobCloud"},"image":{"@id":"https:\/\/www.jobcloud.ch\/c\/de-ch\/#\/schema\/logo\/image\/"}},{"@type":"Person","@id":"https:\/\/www.jobcloud.ch\/c\/de-ch\/#\/schema\/person\/b5a1acb8751624420c1b9b41a55929b4","name":"Roland Bachmann","image":{"@type":"ImageObject","inLanguage":"de-CH","@id":"https:\/\/www.jobcloud.ch\/wp-content\/uploads\/2021\/01\/Roland-Bachmann_avatar-96x96.png","url":"https:\/\/www.jobcloud.ch\/wp-content\/uploads\/2021\/01\/Roland-Bachmann_avatar-96x96.png","contentUrl":"https:\/\/www.jobcloud.ch\/wp-content\/uploads\/2021\/01\/Roland-Bachmann_avatar-96x96.png","caption":"Roland Bachmann"},"description":"Docteur en droit et avocat sp\u00e9cialis\u00e9 en droit commercial et en droit du travail, Roland Bachmann s\u2019int\u00e9resse plus particuli\u00e8rement aux processus intervenant dans le droit des assurances et celui du travail. A travers son activit\u00e9 d\u2019expert en droit, Roland Bachmann assiste de pr\u00e8s \u00e0 l\u2019\u00e9vitement ou \u00e0 la r\u00e9solution de conflits juridiques. Au cours de ses articles, il abordera les questions sensibles li\u00e9es au droit du travail.","sameAs":["http:\/\/www.naterdallafior.ch\/","https:\/\/www.linkedin.com\/in\/roland-bachmann-a7a09419\/"],"url":"https:\/\/www.jobcloud.ch\/c\/de-ch\/blog\/author\/rolandbachmann\/"}]}},"_links":{"self":[{"href":"https:\/\/www.jobcloud.ch\/c\/de-ch\/wp-json\/wp\/v2\/posts\/9685","targetHints":{"allow":["GET"]}}],"collection":[{"href":"https:\/\/www.jobcloud.ch\/c\/de-ch\/wp-json\/wp\/v2\/posts"}],"about":[{"href":"https:\/\/www.jobcloud.ch\/c\/de-ch\/wp-json\/wp\/v2\/types\/post"}],"author":[{"embeddable":true,"href":"https:\/\/www.jobcloud.ch\/c\/de-ch\/wp-json\/wp\/v2\/users\/32"}],"replies":[{"embeddable":true,"href":"https:\/\/www.jobcloud.ch\/c\/de-ch\/wp-json\/wp\/v2\/comments?post=9685"}],"version-history":[{"count":0,"href":"https:\/\/www.jobcloud.ch\/c\/de-ch\/wp-json\/wp\/v2\/posts\/9685\/revisions"}],"wp:featuredmedia":[{"embeddable":true,"href":"https:\/\/www.jobcloud.ch\/c\/de-ch\/wp-json\/wp\/v2\/media\/26806"}],"wp:attachment":[{"href":"https:\/\/www.jobcloud.ch\/c\/de-ch\/wp-json\/wp\/v2\/media?parent=9685"}],"wp:term":[{"taxonomy":"category","embeddable":true,"href":"https:\/\/www.jobcloud.ch\/c\/de-ch\/wp-json\/wp\/v2\/categories?post=9685"},{"taxonomy":"post_tag","embeddable":true,"href":"https:\/\/www.jobcloud.ch\/c\/de-ch\/wp-json\/wp\/v2\/tags?post=9685"}],"curies":[{"name":"wp","href":"https:\/\/api.w.org\/{rel}","templated":true}]}}