     {"id":8077,"date":"2022-03-08T07:57:42","date_gmt":"2022-03-08T06:57:42","guid":{"rendered":"https:\/\/www.jobcloud.ch\/c\/de-ch\/?p=8077"},"modified":"2022-04-12T15:29:19","modified_gmt":"2022-04-12T13:29:19","slug":"10-interviewfragen-fur-kandidaten","status":"publish","type":"post","link":"https:\/\/www.jobcloud.ch\/c\/de-ch\/blog\/interviewfragen-sozialkompetenzen-kandidaten\/","title":{"rendered":"Fragen zur Sozialkompetenz: mit diesen Fragen lernen Sie die Kandidaten wirklich kennen"},"content":{"rendered":"<p>Jeder noch so gut gestaltete und informative Lebenslauf kann die Erkenntnisse nicht ersetzten, die ein Interview mit einem Kandidaten mit sich bringt. Je nach Anforderung m\u00fcssen die Fragen des Bewerbungsgespr\u00e4chs angepasst werden. Wichtig ist jedoch, dass der Ablauf strukturiert und durchdacht ist \u2013 Interviews \u201enach Erfahrung\u201c enden oftmals als Schuss in den Ofen, bei denen der Recruiter mehr redet als der Bewerber.<br \/>\n<img fetchpriority=\"high\" decoding=\"async\" class=\"aligncenter wp-image-8087 size-full\" src=\"https:\/\/www.jobcloud.ch\/wp-content\/uploads\/2017\/03\/10-fragen-von-recruitern-vorstellungsgespraech.png\" alt=\"Mit 10 Fragen den Kandidaten beim Vorstellungsgespr\u00e4ch wirklich kennen lernen\" width=\"1480\" height=\"728\" \/><\/p>\n<p>Wolfgang Elsik, Forscher unter anderem f\u00fcr Mitarbeiterbeteiligung, Personalwirtschaftslehre und strategisches Personalmanagement an der Wirtschaftsuniversit\u00e4t Wien, sieht das \u00e4hnlich: \u201eInhaltlich sollte sich das Bewerbungsgespr\u00e4ch um die fachliche Qualifikation, Methodenkompetenz und die soziale Kompetenz drehen \u2013 und zwar in dieser Reihenfolge.\u201c F\u00fcr letzteren Punkt solle das Gespr\u00e4ch schon warmgelaufen sein.<\/p>\n<blockquote><p><img decoding=\"async\" class=\"aligncenter wp-image-8090 size-medium\" src=\"https:\/\/www.jobcloud.ch\/wp-content\/uploads\/2017\/03\/10-fragen-von-recruitern-3-fin-680x447.png\" alt=\"10 gute Fragen, um beim Vorstellungsgespr\u00e4ch den Kandidaten wirklich kennen zu lernen\" width=\"680\" height=\"447\" \/><\/p>\n<p><strong><em>Wichtig ist, konkrete Beispiele und Situationen f\u00fcr das Vorliegen dieser Qualifikation abzufragen, vor allem bei der sozialen und Methodenkompetenz.<\/em><\/strong><\/p><\/blockquote>\n<p>Und mit diesen Fragen lassen sich jene konkreten Beispiele und Situationen von den Kandidaten zu erfahren:<\/p>\n<ol>\n<li>\n<h3><strong>Welche Aufgaben m\u00f6gen Sie bei Ihrem aktuellen Arbeitgeber am meisten? Warum?<\/strong><\/h3>\n<\/li>\n<\/ol>\n<p>Hier geht es darum, vom Bewerber zu erfahren, wo seine St\u00e4rken und wo seine Schw\u00e4chen liegen. Die St\u00e4rken werden durch die vorgezogenen Arbeiten wiedergespiegelt, wohingegen die Schw\u00e4chen mit der Frage, welche Aufgaben der Kandidat denn nicht gerne mache, kl\u00e4rt. Ebenso erh\u00e4lt man so Einblick, in welche Richtung sich die Person entwickeln k\u00f6nnte \u2013 und m\u00f6chte.<\/p>\n<ol start=\"2\">\n<li>\n<h3><strong>Aus welchem Grund m\u00f6chten Sie gerade jetzt die Stelle wechseln?<\/strong><\/h3>\n<\/li>\n<\/ol>\n<p>So erfahren Sie, wie organisiert die Person ist und wie ihr Vorgehen f\u00fcr eine gr\u00f6ssere Ver\u00e4nderung im Leben ist. Ebenso lassen sich so die Motivation und das Interesse f\u00fcr den neuen Job einsch\u00e4tzen. War es eine \u00dcberlegung aus dem Bauch oder hat sich der Bewerber das reichlich \u00fcberlegt und die Chancen und Gefahren abgew\u00e4gt?<\/p>\n<ol start=\"3\">\n<li>\n<h3><strong>Was w\u00fcrde Ihr ehemaliger Arbeitgeber \u00fcber Sie sagen?<\/strong><\/h3>\n<\/li>\n<\/ol>\n<p>Die Bewerber werden hier haupts\u00e4chlich positive Merkmale aufz\u00e4hlen. Doch Bewerber, die bei dieser Frage stocken und z\u00f6gern, hatten in der Regel kein gutes Verh\u00e4ltnis zu ihrem ehemaligen Arbeitgeber. Anders verh\u00e4lt es sich mit den Bewerbern, aus denen die Dinge nur so sprudeln \u2013 ein klares Signal f\u00fcr ein gutes Verh\u00e4ltnis mit dem ehemaligen Arbeitgeber.<\/p>\n<ol start=\"4\">\n<li>\n<h3><strong>Was sind Ihre langfristigen Karriereziele?<\/strong><\/h3>\n<\/li>\n<\/ol>\n<p>Mit dieser Frage erfahren Sie, wie ambitioniert der Kandidat ist und ob er auch einen Blick in die weitere Zukunft macht oder ob er sich nur mit der Gegenwart besch\u00e4ftigt. Besonders f\u00fcr Vakanzen, in denen die quantitative Zielerreichung wichtig ist, zahlt sich diese Frage aus.<\/p>\n<ol start=\"5\">\n<li>\n<h3><strong>Wie lange ist es her, seit Sie das letzte Mal \u201eNein\u201c gesagt haben? Bitte schildern Sie die Situation.<\/strong><\/h3>\n<\/li>\n<\/ol>\n<p>So k\u00f6nnen Sie einsch\u00e4tzen, wie bewusst und rational der Kandidat handelt. Auch wenn es eine Kleinigkeit war, ist es interessant zu erfahren, was die \u00dcberlegung hinter dem \u201eNein\u201c war.<\/p>\n<ol start=\"6\">\n<li>\n<h3><strong>Welche sieben Dinge kann dieser Stift? <\/strong><\/h3>\n<\/li>\n<\/ol>\n<p>Nachdem das Gespr\u00e4ch warmgelaufen ist, und sich der Bewerber in seiner Komfortzone zu finden glaubt, k\u00f6nnen Sie ihn mit dieser Frage ein bisschen fordern. Die Antworten zeigen auf, wie kreativ und einfallsreich der Kandidat ist (schreiben, zeichnen, zeigen, liegen, brechen, fliegen, landen, drehen usw.).<\/p>\n<ol start=\"7\">\n<li>\n<h3><strong>Kann Ihr ehemaliges Team ohne Sie auskommen? Warum?<\/strong><\/h3>\n<\/li>\n<\/ol>\n<p>Teamf\u00e4hig ist ein sehr stark gebrauchtes Buzzword, dass sehr unterschiedlich interpretiert werden kann. Was es f\u00fcr den Kandidaten bedeutet und wie er zu seinem ehemaligen Team gestanden ist, wird so ersichtlicher.<\/p>\n<ol start=\"8\">\n<li>\n<h3><strong>Was ist ihr Lieblingsereignis der Geschichte?<\/strong><\/h3>\n<\/li>\n<\/ol>\n<p>Auch wenn der Bewerber vielleicht ungern offen sagt, welche Entwicklungen oder Errungenschaften f\u00fcr ihn wichtig sind, lassen sich aus der Antwort dieser Frage R\u00fcckschl\u00fcsse ziehen. Ist beispielsweise der Buchdruck die Antwort, dann l\u00e4sst das den Schluss auf eine sehr soziale und progressive Person zu.<\/p>\n<ol start=\"9\">\n<li>\n<h3><strong>Sie m\u00fcssen sich in einem Werbevideo selbst vermarkten \u2013 wie machen Sie das? <\/strong><\/h3>\n<\/li>\n<\/ol>\n<p>Geben Sie dem Bewerbenden 30 Sekunden Zeit f\u00fcr seine Performance \u2013 so erkennen Sie, welche Leistung die Kandidaten unter Druck liefern k\u00f6nnen. Ebenso schimmert so die Pers\u00f6nlichkeit des Kandidaten durch \u2013 also ein Mix zwischen Methoden- und Sozialkompetenz.<\/p>\n<p>Was die Zukunft des HR bereith\u00e4lt, erfahren Sie das <a href=\"https:\/\/www.jobcloud.ch\/c\/de-ch\/blog\/2017\/03\/die-rolle-des-hr-im-jahr-2027\">in diesem Post.<\/a><\/p>\n","protected":false},"excerpt":{"rendered":"<p>Jeder noch so gut gestaltete und informative Lebenslauf kann die Erkenntnisse nicht ersetzten, die ein Interview mit einem Kandidaten mit sich bringt&#8230;.<\/p>\n","protected":false},"author":28,"featured_media":8087,"comment_status":"open","ping_status":"closed","sticky":false,"template":"","format":"standard","meta":{"_acf_changed":false,"inline_featured_image":false,"footnotes":""},"categories":[899],"tags":[1103,1044,936,1104],"class_list":["post-8077","post","type-post","status-publish","format-standard","has-post-thumbnail","hentry","category-recruiting","tag-bewerbungsgesprach","tag-kandidaten","tag-recruiting","tag-vorstellungsgesprach"],"acf":[],"yoast_head":"<!-- This site is optimized with the Yoast SEO plugin v27.2 - https:\/\/yoast.com\/product\/yoast-seo-wordpress\/ -->\n<title>10 Fragen, mit denen Sie die Kandidaten wirklich kennenlernen<\/title>\n<meta name=\"description\" content=\"Wie kann man als Recruiter den Kandidaten beim Vorstellungsgespr\u00e4ch richtig kennenlernen? Mit diesen Fragen haben sie schon mal eine gute Basis.\" \/>\n<meta name=\"robots\" content=\"index, follow, max-snippet:-1, max-image-preview:large, max-video-preview:-1\" \/>\n<link rel=\"canonical\" href=\"https:\/\/www.jobcloud.ch\/c\/de-ch\/blog\/interviewfragen-sozialkompetenzen-kandidaten\/\" \/>\n<meta property=\"og:locale\" content=\"de_DE\" \/>\n<meta property=\"og:type\" content=\"article\" \/>\n<meta property=\"og:title\" content=\"10 Fragen, mit denen Sie die Kandidaten wirklich kennenlernen\" \/>\n<meta property=\"og:description\" content=\"Wie kann man als Recruiter den Kandidaten beim Vorstellungsgespr\u00e4ch richtig kennenlernen? Mit diesen Fragen haben sie schon mal eine gute Basis.\" \/>\n<meta property=\"og:url\" content=\"https:\/\/www.jobcloud.ch\/c\/de-ch\/blog\/interviewfragen-sozialkompetenzen-kandidaten\/\" \/>\n<meta property=\"og:site_name\" content=\"JobCloud\" \/>\n<meta property=\"article:published_time\" content=\"2022-03-08T06:57:42+00:00\" \/>\n<meta property=\"article:modified_time\" content=\"2022-04-12T13:29:19+00:00\" \/>\n<meta property=\"og:image\" content=\"https:\/\/www.jobcloud.ch\/wp-content\/uploads\/2017\/03\/10-fragen-von-recruitern-vorstellungsgespraech-1.png\" \/>\n\t<meta property=\"og:image:width\" content=\"1480\" \/>\n\t<meta property=\"og:image:height\" content=\"728\" \/>\n\t<meta property=\"og:image:type\" content=\"image\/png\" \/>\n<meta name=\"author\" content=\"Benjamin Seiler\" \/>\n<meta name=\"twitter:card\" content=\"summary_large_image\" \/>\n<meta name=\"twitter:label1\" content=\"Geschrieben von\" \/>\n\t<meta name=\"twitter:data1\" content=\"Benjamin Seiler\" \/>\n\t<meta name=\"twitter:label2\" content=\"Gesch\u00e4tzte Lesezeit\" \/>\n\t<meta name=\"twitter:data2\" content=\"3\u00a0Minuten\" \/>\n<script type=\"application\/ld+json\" class=\"yoast-schema-graph\">{\"@context\":\"https:\/\/schema.org\",\"@graph\":[{\"@type\":\"Article\",\"@id\":\"https:\/\/www.jobcloud.ch\/c\/de-ch\/blog\/interviewfragen-sozialkompetenzen-kandidaten\/#article\",\"isPartOf\":{\"@id\":\"https:\/\/www.jobcloud.ch\/c\/de-ch\/blog\/interviewfragen-sozialkompetenzen-kandidaten\/\"},\"author\":{\"name\":\"Benjamin Seiler\",\"@id\":\"https:\/\/www.jobcloud.ch\/c\/de-ch\/#\/schema\/person\/5e2b64dac1654bef0248734fc983927c\"},\"headline\":\"Fragen zur Sozialkompetenz: mit diesen Fragen lernen Sie die Kandidaten wirklich kennen\",\"datePublished\":\"2022-03-08T06:57:42+00:00\",\"dateModified\":\"2022-04-12T13:29:19+00:00\",\"mainEntityOfPage\":{\"@id\":\"https:\/\/www.jobcloud.ch\/c\/de-ch\/blog\/interviewfragen-sozialkompetenzen-kandidaten\/\"},\"wordCount\":689,\"commentCount\":1,\"publisher\":{\"@id\":\"https:\/\/www.jobcloud.ch\/c\/de-ch\/#organization\"},\"image\":{\"@id\":\"https:\/\/www.jobcloud.ch\/c\/de-ch\/blog\/interviewfragen-sozialkompetenzen-kandidaten\/#primaryimage\"},\"thumbnailUrl\":\"https:\/\/www.jobcloud.ch\/wp-content\/uploads\/2017\/03\/10-fragen-von-recruitern-vorstellungsgespraech-1.png\",\"keywords\":[\"Bewerbungsgespr\u00e4ch\",\"Kandidaten\",\"Recruiting\",\"Vorstellungsgespr\u00e4ch\"],\"articleSection\":[\"Recruiting\"],\"inLanguage\":\"de-CH\",\"potentialAction\":[{\"@type\":\"CommentAction\",\"name\":\"Comment\",\"target\":[\"https:\/\/www.jobcloud.ch\/c\/de-ch\/blog\/interviewfragen-sozialkompetenzen-kandidaten\/#respond\"]}]},{\"@type\":\"WebPage\",\"@id\":\"https:\/\/www.jobcloud.ch\/c\/de-ch\/blog\/interviewfragen-sozialkompetenzen-kandidaten\/\",\"url\":\"https:\/\/www.jobcloud.ch\/c\/de-ch\/blog\/interviewfragen-sozialkompetenzen-kandidaten\/\",\"name\":\"10 Fragen, mit denen Sie die Kandidaten wirklich kennenlernen\",\"isPartOf\":{\"@id\":\"https:\/\/www.jobcloud.ch\/c\/de-ch\/#website\"},\"primaryImageOfPage\":{\"@id\":\"https:\/\/www.jobcloud.ch\/c\/de-ch\/blog\/interviewfragen-sozialkompetenzen-kandidaten\/#primaryimage\"},\"image\":{\"@id\":\"https:\/\/www.jobcloud.ch\/c\/de-ch\/blog\/interviewfragen-sozialkompetenzen-kandidaten\/#primaryimage\"},\"thumbnailUrl\":\"https:\/\/www.jobcloud.ch\/wp-content\/uploads\/2017\/03\/10-fragen-von-recruitern-vorstellungsgespraech-1.png\",\"datePublished\":\"2022-03-08T06:57:42+00:00\",\"dateModified\":\"2022-04-12T13:29:19+00:00\",\"description\":\"Wie kann man als Recruiter den Kandidaten beim Vorstellungsgespr\u00e4ch richtig kennenlernen? Mit diesen Fragen haben sie schon mal eine gute Basis.\",\"breadcrumb\":{\"@id\":\"https:\/\/www.jobcloud.ch\/c\/de-ch\/blog\/interviewfragen-sozialkompetenzen-kandidaten\/#breadcrumb\"},\"inLanguage\":\"de-CH\",\"potentialAction\":[{\"@type\":\"ReadAction\",\"target\":[\"https:\/\/www.jobcloud.ch\/c\/de-ch\/blog\/interviewfragen-sozialkompetenzen-kandidaten\/\"]}]},{\"@type\":\"ImageObject\",\"inLanguage\":\"de-CH\",\"@id\":\"https:\/\/www.jobcloud.ch\/c\/de-ch\/blog\/interviewfragen-sozialkompetenzen-kandidaten\/#primaryimage\",\"url\":\"https:\/\/www.jobcloud.ch\/wp-content\/uploads\/2017\/03\/10-fragen-von-recruitern-vorstellungsgespraech-1.png\",\"contentUrl\":\"https:\/\/www.jobcloud.ch\/wp-content\/uploads\/2017\/03\/10-fragen-von-recruitern-vorstellungsgespraech-1.png\",\"width\":1480,\"height\":728},{\"@type\":\"BreadcrumbList\",\"@id\":\"https:\/\/www.jobcloud.ch\/c\/de-ch\/blog\/interviewfragen-sozialkompetenzen-kandidaten\/#breadcrumb\",\"itemListElement\":[{\"@type\":\"ListItem\",\"position\":1,\"name\":\"Wettbewerbskommission stimmt \u00dcbernahme von jobs.ch durch Ringier und Tamedia zu\",\"item\":\"https:\/\/www.jobcloud.ch\/c\/de-ch\/blog\/press-release\/wettbewerbskommission-stimmt-ubernahme-von-jobs-ch-durch-ringier-und-tamedia-zu\/\"},{\"@type\":\"ListItem\",\"position\":2,\"name\":\"Fragen zur Sozialkompetenz: mit diesen Fragen lernen Sie die Kandidaten wirklich kennen\"}]},{\"@type\":\"WebSite\",\"@id\":\"https:\/\/www.jobcloud.ch\/c\/de-ch\/#website\",\"url\":\"https:\/\/www.jobcloud.ch\/c\/de-ch\/\",\"name\":\"JobCloud\",\"description\":\"JobCloud is the leading job portal for jobseekers in Switzerland\",\"publisher\":{\"@id\":\"https:\/\/www.jobcloud.ch\/c\/de-ch\/#organization\"},\"potentialAction\":[{\"@type\":\"SearchAction\",\"target\":{\"@type\":\"EntryPoint\",\"urlTemplate\":\"https:\/\/www.jobcloud.ch\/c\/de-ch\/?s={search_term_string}\"},\"query-input\":{\"@type\":\"PropertyValueSpecification\",\"valueRequired\":true,\"valueName\":\"search_term_string\"}}],\"inLanguage\":\"de-CH\"},{\"@type\":\"Organization\",\"@id\":\"https:\/\/www.jobcloud.ch\/c\/de-ch\/#organization\",\"name\":\"JobCloud\",\"url\":\"https:\/\/www.jobcloud.ch\/c\/de-ch\/\",\"logo\":{\"@type\":\"ImageObject\",\"inLanguage\":\"de-CH\",\"@id\":\"https:\/\/www.jobcloud.ch\/c\/de-ch\/#\/schema\/logo\/image\/\",\"url\":\"https:\/\/www.jobcloud.ch\/wp-content\/uploads\/2020\/02\/jobcloude-logo.svg\",\"contentUrl\":\"https:\/\/www.jobcloud.ch\/wp-content\/uploads\/2020\/02\/jobcloude-logo.svg\",\"width\":160,\"height\":37,\"caption\":\"JobCloud\"},\"image\":{\"@id\":\"https:\/\/www.jobcloud.ch\/c\/de-ch\/#\/schema\/logo\/image\/\"}},{\"@type\":\"Person\",\"@id\":\"https:\/\/www.jobcloud.ch\/c\/de-ch\/#\/schema\/person\/5e2b64dac1654bef0248734fc983927c\",\"name\":\"Benjamin Seiler\",\"image\":{\"@type\":\"ImageObject\",\"inLanguage\":\"de-CH\",\"@id\":\"https:\/\/www.jobcloud.ch\/wp-content\/uploads\/2021\/01\/Benjamin-Seiler_avatar-96x96.jpg\",\"url\":\"https:\/\/www.jobcloud.ch\/wp-content\/uploads\/2021\/01\/Benjamin-Seiler_avatar-96x96.jpg\",\"contentUrl\":\"https:\/\/www.jobcloud.ch\/wp-content\/uploads\/2021\/01\/Benjamin-Seiler_avatar-96x96.jpg\",\"caption\":\"Benjamin Seiler\"},\"sameAs\":[\"https:\/\/www.linkedin.com\/in\/benjamin-seiler\/\"],\"url\":\"https:\/\/www.jobcloud.ch\/c\/de-ch\/blog\/author\/bseiler\/\"}]}<\/script>\n<!-- \/ Yoast SEO plugin. -->","yoast_head_json":{"title":"10 Fragen, mit denen Sie die Kandidaten wirklich kennenlernen","description":"Wie kann man als Recruiter den Kandidaten beim Vorstellungsgespr\u00e4ch richtig kennenlernen? Mit diesen Fragen haben sie schon mal eine gute Basis.","robots":{"index":"index","follow":"follow","max-snippet":"max-snippet:-1","max-image-preview":"max-image-preview:large","max-video-preview":"max-video-preview:-1"},"canonical":"https:\/\/www.jobcloud.ch\/c\/de-ch\/blog\/interviewfragen-sozialkompetenzen-kandidaten\/","og_locale":"de_DE","og_type":"article","og_title":"10 Fragen, mit denen Sie die Kandidaten wirklich kennenlernen","og_description":"Wie kann man als Recruiter den Kandidaten beim Vorstellungsgespr\u00e4ch richtig kennenlernen? Mit diesen Fragen haben sie schon mal eine gute Basis.","og_url":"https:\/\/www.jobcloud.ch\/c\/de-ch\/blog\/interviewfragen-sozialkompetenzen-kandidaten\/","og_site_name":"JobCloud","article_published_time":"2022-03-08T06:57:42+00:00","article_modified_time":"2022-04-12T13:29:19+00:00","og_image":[{"width":1480,"height":728,"url":"https:\/\/www.jobcloud.ch\/wp-content\/uploads\/2017\/03\/10-fragen-von-recruitern-vorstellungsgespraech-1.png","type":"image\/png"}],"author":"Benjamin Seiler","twitter_card":"summary_large_image","twitter_misc":{"Geschrieben von":"Benjamin Seiler","Gesch\u00e4tzte Lesezeit":"3\u00a0Minuten"},"schema":{"@context":"https:\/\/schema.org","@graph":[{"@type":"Article","@id":"https:\/\/www.jobcloud.ch\/c\/de-ch\/blog\/interviewfragen-sozialkompetenzen-kandidaten\/#article","isPartOf":{"@id":"https:\/\/www.jobcloud.ch\/c\/de-ch\/blog\/interviewfragen-sozialkompetenzen-kandidaten\/"},"author":{"name":"Benjamin Seiler","@id":"https:\/\/www.jobcloud.ch\/c\/de-ch\/#\/schema\/person\/5e2b64dac1654bef0248734fc983927c"},"headline":"Fragen zur Sozialkompetenz: mit diesen Fragen lernen Sie die Kandidaten wirklich kennen","datePublished":"2022-03-08T06:57:42+00:00","dateModified":"2022-04-12T13:29:19+00:00","mainEntityOfPage":{"@id":"https:\/\/www.jobcloud.ch\/c\/de-ch\/blog\/interviewfragen-sozialkompetenzen-kandidaten\/"},"wordCount":689,"commentCount":1,"publisher":{"@id":"https:\/\/www.jobcloud.ch\/c\/de-ch\/#organization"},"image":{"@id":"https:\/\/www.jobcloud.ch\/c\/de-ch\/blog\/interviewfragen-sozialkompetenzen-kandidaten\/#primaryimage"},"thumbnailUrl":"https:\/\/www.jobcloud.ch\/wp-content\/uploads\/2017\/03\/10-fragen-von-recruitern-vorstellungsgespraech-1.png","keywords":["Bewerbungsgespr\u00e4ch","Kandidaten","Recruiting","Vorstellungsgespr\u00e4ch"],"articleSection":["Recruiting"],"inLanguage":"de-CH","potentialAction":[{"@type":"CommentAction","name":"Comment","target":["https:\/\/www.jobcloud.ch\/c\/de-ch\/blog\/interviewfragen-sozialkompetenzen-kandidaten\/#respond"]}]},{"@type":"WebPage","@id":"https:\/\/www.jobcloud.ch\/c\/de-ch\/blog\/interviewfragen-sozialkompetenzen-kandidaten\/","url":"https:\/\/www.jobcloud.ch\/c\/de-ch\/blog\/interviewfragen-sozialkompetenzen-kandidaten\/","name":"10 Fragen, mit denen Sie die Kandidaten wirklich kennenlernen","isPartOf":{"@id":"https:\/\/www.jobcloud.ch\/c\/de-ch\/#website"},"primaryImageOfPage":{"@id":"https:\/\/www.jobcloud.ch\/c\/de-ch\/blog\/interviewfragen-sozialkompetenzen-kandidaten\/#primaryimage"},"image":{"@id":"https:\/\/www.jobcloud.ch\/c\/de-ch\/blog\/interviewfragen-sozialkompetenzen-kandidaten\/#primaryimage"},"thumbnailUrl":"https:\/\/www.jobcloud.ch\/wp-content\/uploads\/2017\/03\/10-fragen-von-recruitern-vorstellungsgespraech-1.png","datePublished":"2022-03-08T06:57:42+00:00","dateModified":"2022-04-12T13:29:19+00:00","description":"Wie kann man als Recruiter den Kandidaten beim Vorstellungsgespr\u00e4ch richtig kennenlernen? Mit diesen Fragen haben sie schon mal eine gute Basis.","breadcrumb":{"@id":"https:\/\/www.jobcloud.ch\/c\/de-ch\/blog\/interviewfragen-sozialkompetenzen-kandidaten\/#breadcrumb"},"inLanguage":"de-CH","potentialAction":[{"@type":"ReadAction","target":["https:\/\/www.jobcloud.ch\/c\/de-ch\/blog\/interviewfragen-sozialkompetenzen-kandidaten\/"]}]},{"@type":"ImageObject","inLanguage":"de-CH","@id":"https:\/\/www.jobcloud.ch\/c\/de-ch\/blog\/interviewfragen-sozialkompetenzen-kandidaten\/#primaryimage","url":"https:\/\/www.jobcloud.ch\/wp-content\/uploads\/2017\/03\/10-fragen-von-recruitern-vorstellungsgespraech-1.png","contentUrl":"https:\/\/www.jobcloud.ch\/wp-content\/uploads\/2017\/03\/10-fragen-von-recruitern-vorstellungsgespraech-1.png","width":1480,"height":728},{"@type":"BreadcrumbList","@id":"https:\/\/www.jobcloud.ch\/c\/de-ch\/blog\/interviewfragen-sozialkompetenzen-kandidaten\/#breadcrumb","itemListElement":[{"@type":"ListItem","position":1,"name":"Wettbewerbskommission stimmt \u00dcbernahme von jobs.ch durch Ringier und Tamedia zu","item":"https:\/\/www.jobcloud.ch\/c\/de-ch\/blog\/press-release\/wettbewerbskommission-stimmt-ubernahme-von-jobs-ch-durch-ringier-und-tamedia-zu\/"},{"@type":"ListItem","position":2,"name":"Fragen zur Sozialkompetenz: mit diesen Fragen lernen Sie die Kandidaten wirklich kennen"}]},{"@type":"WebSite","@id":"https:\/\/www.jobcloud.ch\/c\/de-ch\/#website","url":"https:\/\/www.jobcloud.ch\/c\/de-ch\/","name":"JobCloud","description":"JobCloud is the leading job portal for jobseekers in Switzerland","publisher":{"@id":"https:\/\/www.jobcloud.ch\/c\/de-ch\/#organization"},"potentialAction":[{"@type":"SearchAction","target":{"@type":"EntryPoint","urlTemplate":"https:\/\/www.jobcloud.ch\/c\/de-ch\/?s={search_term_string}"},"query-input":{"@type":"PropertyValueSpecification","valueRequired":true,"valueName":"search_term_string"}}],"inLanguage":"de-CH"},{"@type":"Organization","@id":"https:\/\/www.jobcloud.ch\/c\/de-ch\/#organization","name":"JobCloud","url":"https:\/\/www.jobcloud.ch\/c\/de-ch\/","logo":{"@type":"ImageObject","inLanguage":"de-CH","@id":"https:\/\/www.jobcloud.ch\/c\/de-ch\/#\/schema\/logo\/image\/","url":"https:\/\/www.jobcloud.ch\/wp-content\/uploads\/2020\/02\/jobcloude-logo.svg","contentUrl":"https:\/\/www.jobcloud.ch\/wp-content\/uploads\/2020\/02\/jobcloude-logo.svg","width":160,"height":37,"caption":"JobCloud"},"image":{"@id":"https:\/\/www.jobcloud.ch\/c\/de-ch\/#\/schema\/logo\/image\/"}},{"@type":"Person","@id":"https:\/\/www.jobcloud.ch\/c\/de-ch\/#\/schema\/person\/5e2b64dac1654bef0248734fc983927c","name":"Benjamin Seiler","image":{"@type":"ImageObject","inLanguage":"de-CH","@id":"https:\/\/www.jobcloud.ch\/wp-content\/uploads\/2021\/01\/Benjamin-Seiler_avatar-96x96.jpg","url":"https:\/\/www.jobcloud.ch\/wp-content\/uploads\/2021\/01\/Benjamin-Seiler_avatar-96x96.jpg","contentUrl":"https:\/\/www.jobcloud.ch\/wp-content\/uploads\/2021\/01\/Benjamin-Seiler_avatar-96x96.jpg","caption":"Benjamin Seiler"},"sameAs":["https:\/\/www.linkedin.com\/in\/benjamin-seiler\/"],"url":"https:\/\/www.jobcloud.ch\/c\/de-ch\/blog\/author\/bseiler\/"}]}},"_links":{"self":[{"href":"https:\/\/www.jobcloud.ch\/c\/de-ch\/wp-json\/wp\/v2\/posts\/8077","targetHints":{"allow":["GET"]}}],"collection":[{"href":"https:\/\/www.jobcloud.ch\/c\/de-ch\/wp-json\/wp\/v2\/posts"}],"about":[{"href":"https:\/\/www.jobcloud.ch\/c\/de-ch\/wp-json\/wp\/v2\/types\/post"}],"author":[{"embeddable":true,"href":"https:\/\/www.jobcloud.ch\/c\/de-ch\/wp-json\/wp\/v2\/users\/28"}],"replies":[{"embeddable":true,"href":"https:\/\/www.jobcloud.ch\/c\/de-ch\/wp-json\/wp\/v2\/comments?post=8077"}],"version-history":[{"count":0,"href":"https:\/\/www.jobcloud.ch\/c\/de-ch\/wp-json\/wp\/v2\/posts\/8077\/revisions"}],"wp:featuredmedia":[{"embeddable":true,"href":"https:\/\/www.jobcloud.ch\/c\/de-ch\/wp-json\/wp\/v2\/media\/8087"}],"wp:attachment":[{"href":"https:\/\/www.jobcloud.ch\/c\/de-ch\/wp-json\/wp\/v2\/media?parent=8077"}],"wp:term":[{"taxonomy":"category","embeddable":true,"href":"https:\/\/www.jobcloud.ch\/c\/de-ch\/wp-json\/wp\/v2\/categories?post=8077"},{"taxonomy":"post_tag","embeddable":true,"href":"https:\/\/www.jobcloud.ch\/c\/de-ch\/wp-json\/wp\/v2\/tags?post=8077"}],"curies":[{"name":"wp","href":"https:\/\/api.w.org\/{rel}","templated":true}]}}