     {"id":7971,"date":"2017-02-20T08:59:22","date_gmt":"2017-02-20T06:59:22","guid":{"rendered":"https:\/\/www.jobcloud.ch\/c\/de-ch\/?p=7971"},"modified":"2017-02-20T08:59:22","modified_gmt":"2017-02-20T06:59:22","slug":"vertrauen-geht-uber-prasenz-wie-sie-ihre-mitarbeitenden-orts-und-zeitunabhangig-fuhren","status":"publish","type":"post","link":"https:\/\/www.jobcloud.ch\/c\/de-ch\/blog\/2017\/02\/vertrauen","title":{"rendered":"Vertrauen geht \u00fcber Pr\u00e4senz \u2013 wie Sie Ihre Mitarbeitenden orts- und zeitunabh\u00e4ngig f\u00fchren"},"content":{"rendered":"<p>Der t\u00e4gliche Weg ins B\u00fcro ist heute nicht mehr zwingend. In der Schweiz arbeiten bereits rund 28% der Arbeitnehmenden an mindestens einem halben Tag in der Woche von zu Hause aus, wie eine aktuelle Studie von Deloitte zum Thema \u201eDer Arbeitsplatz der Zukunft\u201c belegt. In den kommenden Jahren k\u00f6nnte sich diese Zahl deutlich steigern \u2013 rund die H\u00e4lfte der Schweizer Arbeitnehmer h\u00e4tten n\u00e4mlich das Potenzial von zu Hause aus oder mobil zu arbeiten, so die Studie. Doch nicht nur die Arbeit im Home Office erlebt dank der fortschreitenden Digitalisierung und den immer wichtigeren wissensbasierten T\u00e4tigkeiten ein Wachstum: Coworking, also die Arbeit in flexiblen B\u00fcrogemeinschaften, erfreut sich laufend gr\u00f6sserer Beliebtheit. Dies unter anderem auch, weil sie \u2013 im Gegensatz zum tendenziell eher solit\u00e4ren Home Office \u2013 auch den Austausch f\u00f6rdert.<br \/>\nNeben den flexiblen Arbeitspl\u00e4tzen sind auch die flexiblen Arbeitszeiten weiter auf dem Vormarsch: Gem\u00e4ss der Arbeitskr\u00e4fteerhebung des Bundesamts f\u00fcr Statistik arbeitet mittlerweile \u00fcber die H\u00e4lfte aller Schweizer und Schweizerinnen ohne fixe t\u00e4gliche Arbeitszeiten. Es gelten Wochen-, Monats- oder Jahresarbeitszeiten.<br \/>\n<img fetchpriority=\"high\" decoding=\"async\" class=\"size-medium wp-image-7725 aligncenter\" src=\"https:\/\/www.jobcloud.ch\/wp-content\/uploads\/2016\/12\/shutterstock_297936494-680x454.jpg\" alt=\"shutterstock_297936494\" width=\"680\" height=\"454\" \/><br \/>\n<strong>F\u00fchrungspersonen sind neu auch Grenzmanager<\/strong><br \/>\nFlexible Arbeitszeiten und -orte beeinflussen nicht nur den Alltag der Mitarbeitenden, sondern auch das F\u00fchrungsverhalten der Vorgesetzten. Sie m\u00fcssen sich im ver\u00e4nderten Umfeld ganz neuen Herausforderungen stellen. Denn die neue Flexibilit\u00e4t hat nicht nur Vorteile: Mitarbeitende sollen st\u00e4ndig erreichbar sein, haben nur noch selten klare Regeln und Vorgaben zur Bearbeitung von gesch\u00e4ftlichen E-Mails ausserhalb der fliessenden Arbeitszeiten \u2013 die Grenzen zwischen Arbeits- und Freizeit verwischen immer mehr. Diese Grenzen zu managen geh\u00f6rt zu einer der zentralen Kompetenzen, die sich F\u00fchrungspersonen im orts- und zeitunabh\u00e4ngigen Umfeld aneignen m\u00fcssen, um die Work-Life Balance ihrer Mitarbeitenden nicht zu gef\u00e4hrden. Dazu geh\u00f6ren beispielsweise klare Absprachen und Vereinbarungen bez\u00fcglich der telefonischen Verf\u00fcgbarkeit oder der Reaktionszeit bei E-Mails.<br \/>\n<strong>Face-to-Face-Austausch soll nicht zu kurz kommen<\/strong><br \/>\nInsbesondere die fortschreitende Digitalisierung und der vermehrte Aufstieg der Digital Natives im Arbeitsmarkt verleiten dazu, vermehrt auf digitale Austauschformen zu setzen, statt auf pers\u00f6nliche Gespr\u00e4che \u2013 was auch einen grossen Teil zum Erfolg von flexibler Arbeitsgestaltung beitr\u00e4gt. Digitale Workspaces machen es beispielsweise allen Teammitgliedern m\u00f6glich, auf die Arbeiten und Ideen des anderen zuzugreifen und so schnell Feedback oder Inputs dazu zu geben. F\u00fcr den Aufbau einer Teamkultur und die F\u00f6rderung des Zusammenhalts sowie die Identifikation mit dem Unternehmen, aber auch zum Austausch von kreativen Ideen braucht es aber auch physische Pr\u00e4senz. Eine wichtige Aufgabe von F\u00fchrungspersonen im neuen Arbeitsumfeld ist es demnach, trotz maximaler Flexibilit\u00e4t bei Arbeitszeit und Arbeitsort auch maximalen Austausch und pers\u00f6nlichen Kontakt zu f\u00f6rdern.<br \/>\n<strong>Adieu Pr\u00e4senzkultur, hallo ergebnisorientiertes F\u00fchren<\/strong><br \/>\n\u201eF\u00fchrung auf Sicht\u201c ist im neuen Arbeitsumfeld kaum m\u00f6glich \u2013 entsprechend muss sich auch der F\u00fchrungsstil anpassen: Weg von der reinen Pr\u00e4senzkultur, hin zu einem ziel- und ergebnisorientierten F\u00fchrungsstil. Es kann und soll nicht mehr entscheidend sein, wie lange oder oft Mitarbeitende im B\u00fcro anwesend sind, sondern ob, wie und wie schnell sie ihre Ziele erreichen. Im Gegenzug m\u00fcssen F\u00fchrungspersonen ihren Mitarbeitenden aber auch klar machen, dass w\u00e4hrend besonders kritischen Phasen oder Projekten die \u00f6rtliche und zeitliche Flexibilit\u00e4t unter Umst\u00e4nden nicht eingehalten werden kann. Denn am Ende gilt auch im orts- und zeitunabh\u00e4ngigen Arbeitsumfeld immer noch: Das Erreichen der Gesch\u00e4ftsziele steht im Vordergrund \u2013 und sollte die physische Pr\u00e4senz oder die Anwesenheit zu bestimmten Zeiten unabdingbar sein, muss die Flexibilit\u00e4t manchmal zur\u00fcckstecken.<br \/>\nUnd das Wichtigste zum Schluss: Vertrauen und Transparenz sind die absolute Grundlage f\u00fcr F\u00fchrungspersonen, die ihren Mitarbeitenden ein m\u00f6glichst flexibles Arbeitsumfeld erm\u00f6glichen m\u00f6chten.<\/p>\n","protected":false},"excerpt":{"rendered":"<p>Der t\u00e4gliche Weg ins B\u00fcro ist heute nicht mehr zwingend. In der Schweiz arbeiten bereits rund 28% der Arbeitnehmenden an mindestens einem&#8230;<\/p>\n","protected":false},"author":27,"featured_media":7725,"comment_status":"open","ping_status":"closed","sticky":false,"template":"","format":"standard","meta":{"_acf_changed":false,"inline_featured_image":false,"footnotes":""},"categories":[966,895],"tags":[950,1082,1083,1084],"class_list":["post-7971","post","type-post","status-publish","format-standard","has-post-thumbnail","hentry","category-arbeitsleben","category-hr-talent-management","tag-home-office","tag-kontrolle","tag-transparenz","tag-vertrauen"],"acf":[],"yoast_head":"<!-- This site is optimized with the Yoast SEO plugin v27.2 - https:\/\/yoast.com\/product\/yoast-seo-wordpress\/ -->\n<title>Vertrauen geht \u00fcber Pr\u00e4senz \u2013 wie Sie Ihre Mitarbeitenden orts- und zeitunabh\u00e4ngig f\u00fchren | JobCloud<\/title>\n<meta name=\"robots\" content=\"index, follow, max-snippet:-1, max-image-preview:large, max-video-preview:-1\" \/>\n<link rel=\"canonical\" href=\"https:\/\/www.jobcloud.ch\/c\/de-ch\/blog\/2017\/02\/vertrauen\/\" \/>\n<meta property=\"og:locale\" content=\"de_DE\" \/>\n<meta property=\"og:type\" content=\"article\" \/>\n<meta property=\"og:title\" content=\"Vertrauen geht \u00fcber Pr\u00e4senz \u2013 wie Sie Ihre Mitarbeitenden orts- und zeitunabh\u00e4ngig f\u00fchren | JobCloud\" \/>\n<meta property=\"og:description\" content=\"Der t\u00e4gliche Weg ins B\u00fcro ist heute nicht mehr zwingend. In der Schweiz arbeiten bereits rund 28% der Arbeitnehmenden an mindestens einem...\" \/>\n<meta property=\"og:url\" content=\"https:\/\/www.jobcloud.ch\/c\/de-ch\/blog\/2017\/02\/vertrauen\" \/>\n<meta property=\"og:site_name\" content=\"JobCloud\" \/>\n<meta property=\"article:published_time\" content=\"2017-02-20T06:59:22+00:00\" \/>\n<meta property=\"og:image\" content=\"https:\/\/www.jobcloud.ch\/wp-content\/uploads\/2016\/12\/shutterstock_297936494-1.jpg\" \/>\n\t<meta property=\"og:image:width\" content=\"1000\" \/>\n\t<meta property=\"og:image:height\" content=\"667\" \/>\n\t<meta property=\"og:image:type\" content=\"image\/jpeg\" \/>\n<meta name=\"author\" content=\"Mathias Steger\" \/>\n<meta name=\"twitter:card\" content=\"summary_large_image\" \/>\n<meta name=\"twitter:label1\" content=\"Geschrieben von\" \/>\n\t<meta name=\"twitter:data1\" content=\"Mathias Steger\" \/>\n\t<meta name=\"twitter:label2\" content=\"Gesch\u00e4tzte Lesezeit\" \/>\n\t<meta name=\"twitter:data2\" content=\"3\u00a0Minuten\" \/>\n<script type=\"application\/ld+json\" class=\"yoast-schema-graph\">{\"@context\":\"https:\/\/schema.org\",\"@graph\":[{\"@type\":\"Article\",\"@id\":\"https:\/\/www.jobcloud.ch\/c\/de-ch\/blog\/2017\/02\/vertrauen#article\",\"isPartOf\":{\"@id\":\"https:\/\/www.jobcloud.ch\/c\/de-ch\/blog\/2017\/02\/vertrauen\"},\"author\":{\"name\":\"Mathias Steger\",\"@id\":\"https:\/\/www.jobcloud.ch\/c\/de-ch\/#\/schema\/person\/1f8af37d814987189cbef1b058a084a4\"},\"headline\":\"Vertrauen geht \u00fcber Pr\u00e4senz \u2013 wie Sie Ihre Mitarbeitenden orts- und zeitunabh\u00e4ngig f\u00fchren\",\"datePublished\":\"2017-02-20T06:59:22+00:00\",\"mainEntityOfPage\":{\"@id\":\"https:\/\/www.jobcloud.ch\/c\/de-ch\/blog\/2017\/02\/vertrauen\"},\"wordCount\":631,\"commentCount\":0,\"publisher\":{\"@id\":\"https:\/\/www.jobcloud.ch\/c\/de-ch\/#organization\"},\"image\":{\"@id\":\"https:\/\/www.jobcloud.ch\/c\/de-ch\/blog\/2017\/02\/vertrauen#primaryimage\"},\"thumbnailUrl\":\"https:\/\/www.jobcloud.ch\/wp-content\/uploads\/2016\/12\/shutterstock_297936494-1.jpg\",\"keywords\":[\"Home Office\",\"Kontrolle\",\"Transparenz\",\"Vertrauen\"],\"articleSection\":[\"Arbeitsleben\",\"HR &amp; Talent Management\"],\"inLanguage\":\"de-CH\",\"potentialAction\":[{\"@type\":\"CommentAction\",\"name\":\"Comment\",\"target\":[\"https:\/\/www.jobcloud.ch\/c\/de-ch\/blog\/2017\/02\/vertrauen#respond\"]}]},{\"@type\":\"WebPage\",\"@id\":\"https:\/\/www.jobcloud.ch\/c\/de-ch\/blog\/2017\/02\/vertrauen\",\"url\":\"https:\/\/www.jobcloud.ch\/c\/de-ch\/blog\/2017\/02\/vertrauen\",\"name\":\"Vertrauen geht \u00fcber Pr\u00e4senz \u2013 wie Sie Ihre Mitarbeitenden orts- und zeitunabh\u00e4ngig f\u00fchren | JobCloud\",\"isPartOf\":{\"@id\":\"https:\/\/www.jobcloud.ch\/c\/de-ch\/#website\"},\"primaryImageOfPage\":{\"@id\":\"https:\/\/www.jobcloud.ch\/c\/de-ch\/blog\/2017\/02\/vertrauen#primaryimage\"},\"image\":{\"@id\":\"https:\/\/www.jobcloud.ch\/c\/de-ch\/blog\/2017\/02\/vertrauen#primaryimage\"},\"thumbnailUrl\":\"https:\/\/www.jobcloud.ch\/wp-content\/uploads\/2016\/12\/shutterstock_297936494-1.jpg\",\"datePublished\":\"2017-02-20T06:59:22+00:00\",\"breadcrumb\":{\"@id\":\"https:\/\/www.jobcloud.ch\/c\/de-ch\/blog\/2017\/02\/vertrauen#breadcrumb\"},\"inLanguage\":\"de-CH\",\"potentialAction\":[{\"@type\":\"ReadAction\",\"target\":[\"https:\/\/www.jobcloud.ch\/c\/de-ch\/blog\/2017\/02\/vertrauen\"]}]},{\"@type\":\"ImageObject\",\"inLanguage\":\"de-CH\",\"@id\":\"https:\/\/www.jobcloud.ch\/c\/de-ch\/blog\/2017\/02\/vertrauen#primaryimage\",\"url\":\"https:\/\/www.jobcloud.ch\/wp-content\/uploads\/2016\/12\/shutterstock_297936494-1.jpg\",\"contentUrl\":\"https:\/\/www.jobcloud.ch\/wp-content\/uploads\/2016\/12\/shutterstock_297936494-1.jpg\",\"width\":1000,\"height\":667},{\"@type\":\"BreadcrumbList\",\"@id\":\"https:\/\/www.jobcloud.ch\/c\/de-ch\/blog\/2017\/02\/vertrauen#breadcrumb\",\"itemListElement\":[{\"@type\":\"ListItem\",\"position\":1,\"name\":\"Wettbewerbskommission stimmt \u00dcbernahme von jobs.ch durch Ringier und Tamedia zu\",\"item\":\"https:\/\/www.jobcloud.ch\/c\/de-ch\/blog\/press-release\/wettbewerbskommission-stimmt-ubernahme-von-jobs-ch-durch-ringier-und-tamedia-zu\/\"},{\"@type\":\"ListItem\",\"position\":2,\"name\":\"Vertrauen geht \u00fcber Pr\u00e4senz \u2013 wie Sie Ihre Mitarbeitenden orts- und zeitunabh\u00e4ngig f\u00fchren\"}]},{\"@type\":\"WebSite\",\"@id\":\"https:\/\/www.jobcloud.ch\/c\/de-ch\/#website\",\"url\":\"https:\/\/www.jobcloud.ch\/c\/de-ch\/\",\"name\":\"JobCloud\",\"description\":\"JobCloud is the leading job portal for jobseekers in Switzerland\",\"publisher\":{\"@id\":\"https:\/\/www.jobcloud.ch\/c\/de-ch\/#organization\"},\"potentialAction\":[{\"@type\":\"SearchAction\",\"target\":{\"@type\":\"EntryPoint\",\"urlTemplate\":\"https:\/\/www.jobcloud.ch\/c\/de-ch\/?s={search_term_string}\"},\"query-input\":{\"@type\":\"PropertyValueSpecification\",\"valueRequired\":true,\"valueName\":\"search_term_string\"}}],\"inLanguage\":\"de-CH\"},{\"@type\":\"Organization\",\"@id\":\"https:\/\/www.jobcloud.ch\/c\/de-ch\/#organization\",\"name\":\"JobCloud\",\"url\":\"https:\/\/www.jobcloud.ch\/c\/de-ch\/\",\"logo\":{\"@type\":\"ImageObject\",\"inLanguage\":\"de-CH\",\"@id\":\"https:\/\/www.jobcloud.ch\/c\/de-ch\/#\/schema\/logo\/image\/\",\"url\":\"https:\/\/www.jobcloud.ch\/wp-content\/uploads\/2020\/02\/jobcloude-logo.svg\",\"contentUrl\":\"https:\/\/www.jobcloud.ch\/wp-content\/uploads\/2020\/02\/jobcloude-logo.svg\",\"width\":160,\"height\":37,\"caption\":\"JobCloud\"},\"image\":{\"@id\":\"https:\/\/www.jobcloud.ch\/c\/de-ch\/#\/schema\/logo\/image\/\"}},{\"@type\":\"Person\",\"@id\":\"https:\/\/www.jobcloud.ch\/c\/de-ch\/#\/schema\/person\/1f8af37d814987189cbef1b058a084a4\",\"name\":\"Mathias Steger\",\"image\":{\"@type\":\"ImageObject\",\"inLanguage\":\"de-CH\",\"@id\":\"https:\/\/www.jobcloud.ch\/wp-content\/uploads\/2021\/01\/Mathias-Steger_avatar-96x96.png\",\"url\":\"https:\/\/www.jobcloud.ch\/wp-content\/uploads\/2021\/01\/Mathias-Steger_avatar-96x96.png\",\"contentUrl\":\"https:\/\/www.jobcloud.ch\/wp-content\/uploads\/2021\/01\/Mathias-Steger_avatar-96x96.png\",\"caption\":\"Mathias Steger\"},\"sameAs\":[\"https:\/\/www.linkedin.com\/in\/mathias-steger-52164a11b?\"],\"url\":\"https:\/\/www.jobcloud.ch\/c\/de-ch\/blog\/author\/msteger\/\"}]}<\/script>\n<!-- \/ Yoast SEO plugin. -->","yoast_head_json":{"title":"Vertrauen geht \u00fcber Pr\u00e4senz \u2013 wie Sie Ihre Mitarbeitenden orts- und zeitunabh\u00e4ngig f\u00fchren | JobCloud","robots":{"index":"index","follow":"follow","max-snippet":"max-snippet:-1","max-image-preview":"max-image-preview:large","max-video-preview":"max-video-preview:-1"},"canonical":"https:\/\/www.jobcloud.ch\/c\/de-ch\/blog\/2017\/02\/vertrauen\/","og_locale":"de_DE","og_type":"article","og_title":"Vertrauen geht \u00fcber Pr\u00e4senz \u2013 wie Sie Ihre Mitarbeitenden orts- und zeitunabh\u00e4ngig f\u00fchren | JobCloud","og_description":"Der t\u00e4gliche Weg ins B\u00fcro ist heute nicht mehr zwingend. In der Schweiz arbeiten bereits rund 28% der Arbeitnehmenden an mindestens einem...","og_url":"https:\/\/www.jobcloud.ch\/c\/de-ch\/blog\/2017\/02\/vertrauen","og_site_name":"JobCloud","article_published_time":"2017-02-20T06:59:22+00:00","og_image":[{"width":1000,"height":667,"url":"https:\/\/www.jobcloud.ch\/wp-content\/uploads\/2016\/12\/shutterstock_297936494-1.jpg","type":"image\/jpeg"}],"author":"Mathias Steger","twitter_card":"summary_large_image","twitter_misc":{"Geschrieben von":"Mathias Steger","Gesch\u00e4tzte Lesezeit":"3\u00a0Minuten"},"schema":{"@context":"https:\/\/schema.org","@graph":[{"@type":"Article","@id":"https:\/\/www.jobcloud.ch\/c\/de-ch\/blog\/2017\/02\/vertrauen#article","isPartOf":{"@id":"https:\/\/www.jobcloud.ch\/c\/de-ch\/blog\/2017\/02\/vertrauen"},"author":{"name":"Mathias Steger","@id":"https:\/\/www.jobcloud.ch\/c\/de-ch\/#\/schema\/person\/1f8af37d814987189cbef1b058a084a4"},"headline":"Vertrauen geht \u00fcber Pr\u00e4senz \u2013 wie Sie Ihre Mitarbeitenden orts- und zeitunabh\u00e4ngig f\u00fchren","datePublished":"2017-02-20T06:59:22+00:00","mainEntityOfPage":{"@id":"https:\/\/www.jobcloud.ch\/c\/de-ch\/blog\/2017\/02\/vertrauen"},"wordCount":631,"commentCount":0,"publisher":{"@id":"https:\/\/www.jobcloud.ch\/c\/de-ch\/#organization"},"image":{"@id":"https:\/\/www.jobcloud.ch\/c\/de-ch\/blog\/2017\/02\/vertrauen#primaryimage"},"thumbnailUrl":"https:\/\/www.jobcloud.ch\/wp-content\/uploads\/2016\/12\/shutterstock_297936494-1.jpg","keywords":["Home Office","Kontrolle","Transparenz","Vertrauen"],"articleSection":["Arbeitsleben","HR &amp; Talent Management"],"inLanguage":"de-CH","potentialAction":[{"@type":"CommentAction","name":"Comment","target":["https:\/\/www.jobcloud.ch\/c\/de-ch\/blog\/2017\/02\/vertrauen#respond"]}]},{"@type":"WebPage","@id":"https:\/\/www.jobcloud.ch\/c\/de-ch\/blog\/2017\/02\/vertrauen","url":"https:\/\/www.jobcloud.ch\/c\/de-ch\/blog\/2017\/02\/vertrauen","name":"Vertrauen geht \u00fcber Pr\u00e4senz \u2013 wie Sie Ihre Mitarbeitenden orts- und zeitunabh\u00e4ngig f\u00fchren | JobCloud","isPartOf":{"@id":"https:\/\/www.jobcloud.ch\/c\/de-ch\/#website"},"primaryImageOfPage":{"@id":"https:\/\/www.jobcloud.ch\/c\/de-ch\/blog\/2017\/02\/vertrauen#primaryimage"},"image":{"@id":"https:\/\/www.jobcloud.ch\/c\/de-ch\/blog\/2017\/02\/vertrauen#primaryimage"},"thumbnailUrl":"https:\/\/www.jobcloud.ch\/wp-content\/uploads\/2016\/12\/shutterstock_297936494-1.jpg","datePublished":"2017-02-20T06:59:22+00:00","breadcrumb":{"@id":"https:\/\/www.jobcloud.ch\/c\/de-ch\/blog\/2017\/02\/vertrauen#breadcrumb"},"inLanguage":"de-CH","potentialAction":[{"@type":"ReadAction","target":["https:\/\/www.jobcloud.ch\/c\/de-ch\/blog\/2017\/02\/vertrauen"]}]},{"@type":"ImageObject","inLanguage":"de-CH","@id":"https:\/\/www.jobcloud.ch\/c\/de-ch\/blog\/2017\/02\/vertrauen#primaryimage","url":"https:\/\/www.jobcloud.ch\/wp-content\/uploads\/2016\/12\/shutterstock_297936494-1.jpg","contentUrl":"https:\/\/www.jobcloud.ch\/wp-content\/uploads\/2016\/12\/shutterstock_297936494-1.jpg","width":1000,"height":667},{"@type":"BreadcrumbList","@id":"https:\/\/www.jobcloud.ch\/c\/de-ch\/blog\/2017\/02\/vertrauen#breadcrumb","itemListElement":[{"@type":"ListItem","position":1,"name":"Wettbewerbskommission stimmt \u00dcbernahme von jobs.ch durch Ringier und Tamedia zu","item":"https:\/\/www.jobcloud.ch\/c\/de-ch\/blog\/press-release\/wettbewerbskommission-stimmt-ubernahme-von-jobs-ch-durch-ringier-und-tamedia-zu\/"},{"@type":"ListItem","position":2,"name":"Vertrauen geht \u00fcber Pr\u00e4senz \u2013 wie Sie Ihre Mitarbeitenden orts- und zeitunabh\u00e4ngig f\u00fchren"}]},{"@type":"WebSite","@id":"https:\/\/www.jobcloud.ch\/c\/de-ch\/#website","url":"https:\/\/www.jobcloud.ch\/c\/de-ch\/","name":"JobCloud","description":"JobCloud is the leading job portal for jobseekers in Switzerland","publisher":{"@id":"https:\/\/www.jobcloud.ch\/c\/de-ch\/#organization"},"potentialAction":[{"@type":"SearchAction","target":{"@type":"EntryPoint","urlTemplate":"https:\/\/www.jobcloud.ch\/c\/de-ch\/?s={search_term_string}"},"query-input":{"@type":"PropertyValueSpecification","valueRequired":true,"valueName":"search_term_string"}}],"inLanguage":"de-CH"},{"@type":"Organization","@id":"https:\/\/www.jobcloud.ch\/c\/de-ch\/#organization","name":"JobCloud","url":"https:\/\/www.jobcloud.ch\/c\/de-ch\/","logo":{"@type":"ImageObject","inLanguage":"de-CH","@id":"https:\/\/www.jobcloud.ch\/c\/de-ch\/#\/schema\/logo\/image\/","url":"https:\/\/www.jobcloud.ch\/wp-content\/uploads\/2020\/02\/jobcloude-logo.svg","contentUrl":"https:\/\/www.jobcloud.ch\/wp-content\/uploads\/2020\/02\/jobcloude-logo.svg","width":160,"height":37,"caption":"JobCloud"},"image":{"@id":"https:\/\/www.jobcloud.ch\/c\/de-ch\/#\/schema\/logo\/image\/"}},{"@type":"Person","@id":"https:\/\/www.jobcloud.ch\/c\/de-ch\/#\/schema\/person\/1f8af37d814987189cbef1b058a084a4","name":"Mathias Steger","image":{"@type":"ImageObject","inLanguage":"de-CH","@id":"https:\/\/www.jobcloud.ch\/wp-content\/uploads\/2021\/01\/Mathias-Steger_avatar-96x96.png","url":"https:\/\/www.jobcloud.ch\/wp-content\/uploads\/2021\/01\/Mathias-Steger_avatar-96x96.png","contentUrl":"https:\/\/www.jobcloud.ch\/wp-content\/uploads\/2021\/01\/Mathias-Steger_avatar-96x96.png","caption":"Mathias Steger"},"sameAs":["https:\/\/www.linkedin.com\/in\/mathias-steger-52164a11b?"],"url":"https:\/\/www.jobcloud.ch\/c\/de-ch\/blog\/author\/msteger\/"}]}},"_links":{"self":[{"href":"https:\/\/www.jobcloud.ch\/c\/de-ch\/wp-json\/wp\/v2\/posts\/7971","targetHints":{"allow":["GET"]}}],"collection":[{"href":"https:\/\/www.jobcloud.ch\/c\/de-ch\/wp-json\/wp\/v2\/posts"}],"about":[{"href":"https:\/\/www.jobcloud.ch\/c\/de-ch\/wp-json\/wp\/v2\/types\/post"}],"author":[{"embeddable":true,"href":"https:\/\/www.jobcloud.ch\/c\/de-ch\/wp-json\/wp\/v2\/users\/27"}],"replies":[{"embeddable":true,"href":"https:\/\/www.jobcloud.ch\/c\/de-ch\/wp-json\/wp\/v2\/comments?post=7971"}],"version-history":[{"count":0,"href":"https:\/\/www.jobcloud.ch\/c\/de-ch\/wp-json\/wp\/v2\/posts\/7971\/revisions"}],"wp:featuredmedia":[{"embeddable":true,"href":"https:\/\/www.jobcloud.ch\/c\/de-ch\/wp-json\/wp\/v2\/media\/7725"}],"wp:attachment":[{"href":"https:\/\/www.jobcloud.ch\/c\/de-ch\/wp-json\/wp\/v2\/media?parent=7971"}],"wp:term":[{"taxonomy":"category","embeddable":true,"href":"https:\/\/www.jobcloud.ch\/c\/de-ch\/wp-json\/wp\/v2\/categories?post=7971"},{"taxonomy":"post_tag","embeddable":true,"href":"https:\/\/www.jobcloud.ch\/c\/de-ch\/wp-json\/wp\/v2\/tags?post=7971"}],"curies":[{"name":"wp","href":"https:\/\/api.w.org\/{rel}","templated":true}]}}