     {"id":51456,"date":"2022-12-14T14:40:39","date_gmt":"2022-12-14T13:40:39","guid":{"rendered":"https:\/\/www.jobcloud.ch\/c\/?p=51456"},"modified":"2022-12-14T14:46:14","modified_gmt":"2022-12-14T13:46:14","slug":"jobcloud-erhaelt-erneut-das-fair-on-pay-label-fuer-faire-loehne-zwischen-den-geschlechtern","status":"publish","type":"post","link":"https:\/\/www.jobcloud.ch\/c\/de-ch\/blog\/2022\/12\/jobcloud-erhaelt-erneut-das-fair-on-pay-label-fuer-faire-loehne-zwischen-den-geschlechtern\/","title":{"rendered":"JobCloud erh\u00e4lt erneut das \u00abFair on Pay\u00bb-Label f\u00fcr faire L\u00f6hne zwischen den Geschlechtern"},"content":{"rendered":"","protected":false},"excerpt":{"rendered":"","protected":false},"author":12,"featured_media":51457,"comment_status":"open","ping_status":"open","sticky":false,"template":"","format":"standard","meta":{"_acf_changed":false,"inline_featured_image":false,"footnotes":""},"categories":[896,916],"tags":[944,1050,956,1239],"class_list":["post-51456","post","type-post","status-publish","format-standard","has-post-thumbnail","hentry","category-employer-branding","category-jobcloud-news","tag-employer-branding","tag-hr","tag-jobcloud","tag-lohn"],"acf":[],"yoast_head":"<!-- This site is optimized with the Yoast SEO plugin v27.2 - https:\/\/yoast.com\/product\/yoast-seo-wordpress\/ -->\n<title>JobCloud erh\u00e4lt erneut das \u00abFair on Pay\u00bb-Label f\u00fcr faire L\u00f6hne zwischen den Geschlechtern | JobCloud<\/title>\n<meta name=\"description\" content=\"Firmen mit 100+ Mitarbeitenden m\u00fcssen die L\u00f6hne auf Differenzen zwischen Geschlechtern \u00fcberpr\u00fcfen. JobCloud tut dies freiwillig alle 2 Jahre.\" \/>\n<meta name=\"robots\" content=\"index, follow, max-snippet:-1, max-image-preview:large, max-video-preview:-1\" \/>\n<link rel=\"canonical\" href=\"https:\/\/www.jobcloud.ch\/c\/de-ch\/blog\/2022\/12\/jobcloud-erhaelt-erneut-das-fair-on-pay-label-fuer-faire-loehne-zwischen-den-geschlechtern\/\" \/>\n<meta property=\"og:locale\" content=\"de_DE\" \/>\n<meta property=\"og:type\" content=\"article\" \/>\n<meta property=\"og:title\" content=\"JobCloud erh\u00e4lt erneut das \u00abFair on Pay\u00bb-Label f\u00fcr faire L\u00f6hne zwischen den Geschlechtern | JobCloud\" \/>\n<meta property=\"og:description\" content=\"Firmen mit 100+ Mitarbeitenden m\u00fcssen die L\u00f6hne auf Differenzen zwischen Geschlechtern \u00fcberpr\u00fcfen. JobCloud tut dies freiwillig alle 2 Jahre.\" \/>\n<meta property=\"og:url\" content=\"https:\/\/www.jobcloud.ch\/c\/de-ch\/blog\/2022\/12\/jobcloud-erhaelt-erneut-das-fair-on-pay-label-fuer-faire-loehne-zwischen-den-geschlechtern\/\" \/>\n<meta property=\"og:site_name\" content=\"JobCloud\" \/>\n<meta property=\"article:published_time\" content=\"2022-12-14T13:40:39+00:00\" \/>\n<meta property=\"article:modified_time\" content=\"2022-12-14T13:46:14+00:00\" \/>\n<meta property=\"og:image\" content=\"https:\/\/www.jobcloud.ch\/wp-content\/uploads\/2022\/12\/faire-loehne-bei-jobcloud.jpg\" \/>\n\t<meta property=\"og:image:width\" content=\"1996\" \/>\n\t<meta property=\"og:image:height\" content=\"923\" \/>\n\t<meta property=\"og:image:type\" content=\"image\/jpeg\" \/>\n<meta name=\"author\" content=\"Rebekka H\u00e4nggi\" \/>\n<meta name=\"twitter:card\" content=\"summary_large_image\" \/>\n<meta name=\"twitter:label1\" content=\"Geschrieben von\" \/>\n\t<meta name=\"twitter:data1\" content=\"Rebekka H\u00e4nggi\" \/>\n<script type=\"application\/ld+json\" class=\"yoast-schema-graph\">{\"@context\":\"https:\/\/schema.org\",\"@graph\":[{\"@type\":\"Article\",\"@id\":\"https:\/\/www.jobcloud.ch\/c\/de-ch\/blog\/2022\/12\/jobcloud-erhaelt-erneut-das-fair-on-pay-label-fuer-faire-loehne-zwischen-den-geschlechtern\/#article\",\"isPartOf\":{\"@id\":\"https:\/\/www.jobcloud.ch\/c\/de-ch\/blog\/2022\/12\/jobcloud-erhaelt-erneut-das-fair-on-pay-label-fuer-faire-loehne-zwischen-den-geschlechtern\/\"},\"author\":{\"name\":\"Rebekka H\u00e4nggi\",\"@id\":\"https:\/\/www.jobcloud.ch\/c\/de-ch\/#\/schema\/person\/77630b275e0f27fc4e48d5a2367855af\"},\"headline\":\"JobCloud erh\u00e4lt erneut das \u00abFair on Pay\u00bb-Label f\u00fcr faire L\u00f6hne zwischen den Geschlechtern\",\"datePublished\":\"2022-12-14T13:40:39+00:00\",\"dateModified\":\"2022-12-14T13:46:14+00:00\",\"mainEntityOfPage\":{\"@id\":\"https:\/\/www.jobcloud.ch\/c\/de-ch\/blog\/2022\/12\/jobcloud-erhaelt-erneut-das-fair-on-pay-label-fuer-faire-loehne-zwischen-den-geschlechtern\/\"},\"wordCount\":17,\"commentCount\":0,\"publisher\":{\"@id\":\"https:\/\/www.jobcloud.ch\/c\/de-ch\/#organization\"},\"image\":{\"@id\":\"https:\/\/www.jobcloud.ch\/c\/de-ch\/blog\/2022\/12\/jobcloud-erhaelt-erneut-das-fair-on-pay-label-fuer-faire-loehne-zwischen-den-geschlechtern\/#primaryimage\"},\"thumbnailUrl\":\"https:\/\/www.jobcloud.ch\/wp-content\/uploads\/2022\/12\/faire-loehne-bei-jobcloud.jpg\",\"keywords\":[\"Employer Branding\",\"HR\",\"JobCloud\",\"lohn\"],\"articleSection\":[\"Employer Branding\",\"JobCloud-News\"],\"inLanguage\":\"de-CH\",\"potentialAction\":[{\"@type\":\"CommentAction\",\"name\":\"Comment\",\"target\":[\"https:\/\/www.jobcloud.ch\/c\/de-ch\/blog\/2022\/12\/jobcloud-erhaelt-erneut-das-fair-on-pay-label-fuer-faire-loehne-zwischen-den-geschlechtern\/#respond\"]}]},{\"@type\":\"WebPage\",\"@id\":\"https:\/\/www.jobcloud.ch\/c\/de-ch\/blog\/2022\/12\/jobcloud-erhaelt-erneut-das-fair-on-pay-label-fuer-faire-loehne-zwischen-den-geschlechtern\/\",\"url\":\"https:\/\/www.jobcloud.ch\/c\/de-ch\/blog\/2022\/12\/jobcloud-erhaelt-erneut-das-fair-on-pay-label-fuer-faire-loehne-zwischen-den-geschlechtern\/\",\"name\":\"JobCloud erh\u00e4lt erneut das \u00abFair on Pay\u00bb-Label f\u00fcr faire L\u00f6hne zwischen den Geschlechtern | JobCloud\",\"isPartOf\":{\"@id\":\"https:\/\/www.jobcloud.ch\/c\/de-ch\/#website\"},\"primaryImageOfPage\":{\"@id\":\"https:\/\/www.jobcloud.ch\/c\/de-ch\/blog\/2022\/12\/jobcloud-erhaelt-erneut-das-fair-on-pay-label-fuer-faire-loehne-zwischen-den-geschlechtern\/#primaryimage\"},\"image\":{\"@id\":\"https:\/\/www.jobcloud.ch\/c\/de-ch\/blog\/2022\/12\/jobcloud-erhaelt-erneut-das-fair-on-pay-label-fuer-faire-loehne-zwischen-den-geschlechtern\/#primaryimage\"},\"thumbnailUrl\":\"https:\/\/www.jobcloud.ch\/wp-content\/uploads\/2022\/12\/faire-loehne-bei-jobcloud.jpg\",\"datePublished\":\"2022-12-14T13:40:39+00:00\",\"dateModified\":\"2022-12-14T13:46:14+00:00\",\"description\":\"Firmen mit 100+ Mitarbeitenden m\u00fcssen die L\u00f6hne auf Differenzen zwischen Geschlechtern \u00fcberpr\u00fcfen. JobCloud tut dies freiwillig alle 2 Jahre.\",\"inLanguage\":\"de-CH\",\"potentialAction\":[{\"@type\":\"ReadAction\",\"target\":[\"https:\/\/www.jobcloud.ch\/c\/de-ch\/blog\/2022\/12\/jobcloud-erhaelt-erneut-das-fair-on-pay-label-fuer-faire-loehne-zwischen-den-geschlechtern\/\"]}]},{\"@type\":\"ImageObject\",\"inLanguage\":\"de-CH\",\"@id\":\"https:\/\/www.jobcloud.ch\/c\/de-ch\/blog\/2022\/12\/jobcloud-erhaelt-erneut-das-fair-on-pay-label-fuer-faire-loehne-zwischen-den-geschlechtern\/#primaryimage\",\"url\":\"https:\/\/www.jobcloud.ch\/wp-content\/uploads\/2022\/12\/faire-loehne-bei-jobcloud.jpg\",\"contentUrl\":\"https:\/\/www.jobcloud.ch\/wp-content\/uploads\/2022\/12\/faire-loehne-bei-jobcloud.jpg\",\"width\":1996,\"height\":923,\"caption\":\"Fair on Pay-Label f\u00fcr ausgeglichene L\u00f6hne bei JobCloud\"},{\"@type\":\"WebSite\",\"@id\":\"https:\/\/www.jobcloud.ch\/c\/de-ch\/#website\",\"url\":\"https:\/\/www.jobcloud.ch\/c\/de-ch\/\",\"name\":\"JobCloud\",\"description\":\"JobCloud is the leading job portal for jobseekers in Switzerland\",\"publisher\":{\"@id\":\"https:\/\/www.jobcloud.ch\/c\/de-ch\/#organization\"},\"potentialAction\":[{\"@type\":\"SearchAction\",\"target\":{\"@type\":\"EntryPoint\",\"urlTemplate\":\"https:\/\/www.jobcloud.ch\/c\/de-ch\/?s={search_term_string}\"},\"query-input\":{\"@type\":\"PropertyValueSpecification\",\"valueRequired\":true,\"valueName\":\"search_term_string\"}}],\"inLanguage\":\"de-CH\"},{\"@type\":\"Organization\",\"@id\":\"https:\/\/www.jobcloud.ch\/c\/de-ch\/#organization\",\"name\":\"JobCloud\",\"url\":\"https:\/\/www.jobcloud.ch\/c\/de-ch\/\",\"logo\":{\"@type\":\"ImageObject\",\"inLanguage\":\"de-CH\",\"@id\":\"https:\/\/www.jobcloud.ch\/c\/de-ch\/#\/schema\/logo\/image\/\",\"url\":\"https:\/\/www.jobcloud.ch\/wp-content\/uploads\/2020\/02\/jobcloude-logo.svg\",\"contentUrl\":\"https:\/\/www.jobcloud.ch\/wp-content\/uploads\/2020\/02\/jobcloude-logo.svg\",\"width\":160,\"height\":37,\"caption\":\"JobCloud\"},\"image\":{\"@id\":\"https:\/\/www.jobcloud.ch\/c\/de-ch\/#\/schema\/logo\/image\/\"}},{\"@type\":\"Person\",\"@id\":\"https:\/\/www.jobcloud.ch\/c\/de-ch\/#\/schema\/person\/77630b275e0f27fc4e48d5a2367855af\",\"name\":\"Rebekka H\u00e4nggi\",\"image\":{\"@type\":\"ImageObject\",\"inLanguage\":\"de-CH\",\"@id\":\"https:\/\/www.jobcloud.ch\/wp-content\/uploads\/2021\/01\/Rebekka-Haenggi_avatar-96x96.jpg\",\"url\":\"https:\/\/www.jobcloud.ch\/wp-content\/uploads\/2021\/01\/Rebekka-Haenggi_avatar-96x96.jpg\",\"contentUrl\":\"https:\/\/www.jobcloud.ch\/wp-content\/uploads\/2021\/01\/Rebekka-Haenggi_avatar-96x96.jpg\",\"caption\":\"Rebekka H\u00e4nggi\"},\"description\":\"Depuis janvier 2013, je suis en charge de la communication de JobCloud SA. Avant cela, je travaillais dans le d\u00e9partement marketing au sein de la soci\u00e9t\u00e9 Jobup AG. Le domaine du marketing et de la communication est ma passion et cela fait maintenant 8 ans que je m\u2019occupe des sujets relatifs aux RH Management. J\u2019ai un fort attrait pour le marketing du personnel, le recrutement en ligne et la direction du personnel, sujets que j\u2019aborderai sur notre blog. En outre, je vous donnerai un coup d\u2019\u0153il dans les coulisses de JobCloud en m\u2019exprimant sur la vie et le travail chez nous.\",\"sameAs\":[\"https:\/\/www.linkedin.com\/in\/rebekka-hnggi-affolter-9678b142\"],\"url\":\"https:\/\/www.jobcloud.ch\/c\/de-ch\/blog\/author\/rebekka\/\"}]}<\/script>\n<!-- \/ Yoast SEO plugin. -->","yoast_head_json":{"title":"JobCloud erh\u00e4lt erneut das \u00abFair on Pay\u00bb-Label f\u00fcr faire L\u00f6hne zwischen den Geschlechtern | JobCloud","description":"Firmen mit 100+ Mitarbeitenden m\u00fcssen die L\u00f6hne auf Differenzen zwischen Geschlechtern \u00fcberpr\u00fcfen. JobCloud tut dies freiwillig alle 2 Jahre.","robots":{"index":"index","follow":"follow","max-snippet":"max-snippet:-1","max-image-preview":"max-image-preview:large","max-video-preview":"max-video-preview:-1"},"canonical":"https:\/\/www.jobcloud.ch\/c\/de-ch\/blog\/2022\/12\/jobcloud-erhaelt-erneut-das-fair-on-pay-label-fuer-faire-loehne-zwischen-den-geschlechtern\/","og_locale":"de_DE","og_type":"article","og_title":"JobCloud erh\u00e4lt erneut das \u00abFair on Pay\u00bb-Label f\u00fcr faire L\u00f6hne zwischen den Geschlechtern | JobCloud","og_description":"Firmen mit 100+ Mitarbeitenden m\u00fcssen die L\u00f6hne auf Differenzen zwischen Geschlechtern \u00fcberpr\u00fcfen. JobCloud tut dies freiwillig alle 2 Jahre.","og_url":"https:\/\/www.jobcloud.ch\/c\/de-ch\/blog\/2022\/12\/jobcloud-erhaelt-erneut-das-fair-on-pay-label-fuer-faire-loehne-zwischen-den-geschlechtern\/","og_site_name":"JobCloud","article_published_time":"2022-12-14T13:40:39+00:00","article_modified_time":"2022-12-14T13:46:14+00:00","og_image":[{"width":1996,"height":923,"url":"https:\/\/www.jobcloud.ch\/wp-content\/uploads\/2022\/12\/faire-loehne-bei-jobcloud.jpg","type":"image\/jpeg"}],"author":"Rebekka H\u00e4nggi","twitter_card":"summary_large_image","twitter_misc":{"Geschrieben von":"Rebekka H\u00e4nggi"},"schema":{"@context":"https:\/\/schema.org","@graph":[{"@type":"Article","@id":"https:\/\/www.jobcloud.ch\/c\/de-ch\/blog\/2022\/12\/jobcloud-erhaelt-erneut-das-fair-on-pay-label-fuer-faire-loehne-zwischen-den-geschlechtern\/#article","isPartOf":{"@id":"https:\/\/www.jobcloud.ch\/c\/de-ch\/blog\/2022\/12\/jobcloud-erhaelt-erneut-das-fair-on-pay-label-fuer-faire-loehne-zwischen-den-geschlechtern\/"},"author":{"name":"Rebekka H\u00e4nggi","@id":"https:\/\/www.jobcloud.ch\/c\/de-ch\/#\/schema\/person\/77630b275e0f27fc4e48d5a2367855af"},"headline":"JobCloud erh\u00e4lt erneut das \u00abFair on Pay\u00bb-Label f\u00fcr faire L\u00f6hne zwischen den Geschlechtern","datePublished":"2022-12-14T13:40:39+00:00","dateModified":"2022-12-14T13:46:14+00:00","mainEntityOfPage":{"@id":"https:\/\/www.jobcloud.ch\/c\/de-ch\/blog\/2022\/12\/jobcloud-erhaelt-erneut-das-fair-on-pay-label-fuer-faire-loehne-zwischen-den-geschlechtern\/"},"wordCount":17,"commentCount":0,"publisher":{"@id":"https:\/\/www.jobcloud.ch\/c\/de-ch\/#organization"},"image":{"@id":"https:\/\/www.jobcloud.ch\/c\/de-ch\/blog\/2022\/12\/jobcloud-erhaelt-erneut-das-fair-on-pay-label-fuer-faire-loehne-zwischen-den-geschlechtern\/#primaryimage"},"thumbnailUrl":"https:\/\/www.jobcloud.ch\/wp-content\/uploads\/2022\/12\/faire-loehne-bei-jobcloud.jpg","keywords":["Employer Branding","HR","JobCloud","lohn"],"articleSection":["Employer Branding","JobCloud-News"],"inLanguage":"de-CH","potentialAction":[{"@type":"CommentAction","name":"Comment","target":["https:\/\/www.jobcloud.ch\/c\/de-ch\/blog\/2022\/12\/jobcloud-erhaelt-erneut-das-fair-on-pay-label-fuer-faire-loehne-zwischen-den-geschlechtern\/#respond"]}]},{"@type":"WebPage","@id":"https:\/\/www.jobcloud.ch\/c\/de-ch\/blog\/2022\/12\/jobcloud-erhaelt-erneut-das-fair-on-pay-label-fuer-faire-loehne-zwischen-den-geschlechtern\/","url":"https:\/\/www.jobcloud.ch\/c\/de-ch\/blog\/2022\/12\/jobcloud-erhaelt-erneut-das-fair-on-pay-label-fuer-faire-loehne-zwischen-den-geschlechtern\/","name":"JobCloud erh\u00e4lt erneut das \u00abFair on Pay\u00bb-Label f\u00fcr faire L\u00f6hne zwischen den Geschlechtern | JobCloud","isPartOf":{"@id":"https:\/\/www.jobcloud.ch\/c\/de-ch\/#website"},"primaryImageOfPage":{"@id":"https:\/\/www.jobcloud.ch\/c\/de-ch\/blog\/2022\/12\/jobcloud-erhaelt-erneut-das-fair-on-pay-label-fuer-faire-loehne-zwischen-den-geschlechtern\/#primaryimage"},"image":{"@id":"https:\/\/www.jobcloud.ch\/c\/de-ch\/blog\/2022\/12\/jobcloud-erhaelt-erneut-das-fair-on-pay-label-fuer-faire-loehne-zwischen-den-geschlechtern\/#primaryimage"},"thumbnailUrl":"https:\/\/www.jobcloud.ch\/wp-content\/uploads\/2022\/12\/faire-loehne-bei-jobcloud.jpg","datePublished":"2022-12-14T13:40:39+00:00","dateModified":"2022-12-14T13:46:14+00:00","description":"Firmen mit 100+ Mitarbeitenden m\u00fcssen die L\u00f6hne auf Differenzen zwischen Geschlechtern \u00fcberpr\u00fcfen. JobCloud tut dies freiwillig alle 2 Jahre.","inLanguage":"de-CH","potentialAction":[{"@type":"ReadAction","target":["https:\/\/www.jobcloud.ch\/c\/de-ch\/blog\/2022\/12\/jobcloud-erhaelt-erneut-das-fair-on-pay-label-fuer-faire-loehne-zwischen-den-geschlechtern\/"]}]},{"@type":"ImageObject","inLanguage":"de-CH","@id":"https:\/\/www.jobcloud.ch\/c\/de-ch\/blog\/2022\/12\/jobcloud-erhaelt-erneut-das-fair-on-pay-label-fuer-faire-loehne-zwischen-den-geschlechtern\/#primaryimage","url":"https:\/\/www.jobcloud.ch\/wp-content\/uploads\/2022\/12\/faire-loehne-bei-jobcloud.jpg","contentUrl":"https:\/\/www.jobcloud.ch\/wp-content\/uploads\/2022\/12\/faire-loehne-bei-jobcloud.jpg","width":1996,"height":923,"caption":"Fair on Pay-Label f\u00fcr ausgeglichene L\u00f6hne bei JobCloud"},{"@type":"WebSite","@id":"https:\/\/www.jobcloud.ch\/c\/de-ch\/#website","url":"https:\/\/www.jobcloud.ch\/c\/de-ch\/","name":"JobCloud","description":"JobCloud is the leading job portal for jobseekers in Switzerland","publisher":{"@id":"https:\/\/www.jobcloud.ch\/c\/de-ch\/#organization"},"potentialAction":[{"@type":"SearchAction","target":{"@type":"EntryPoint","urlTemplate":"https:\/\/www.jobcloud.ch\/c\/de-ch\/?s={search_term_string}"},"query-input":{"@type":"PropertyValueSpecification","valueRequired":true,"valueName":"search_term_string"}}],"inLanguage":"de-CH"},{"@type":"Organization","@id":"https:\/\/www.jobcloud.ch\/c\/de-ch\/#organization","name":"JobCloud","url":"https:\/\/www.jobcloud.ch\/c\/de-ch\/","logo":{"@type":"ImageObject","inLanguage":"de-CH","@id":"https:\/\/www.jobcloud.ch\/c\/de-ch\/#\/schema\/logo\/image\/","url":"https:\/\/www.jobcloud.ch\/wp-content\/uploads\/2020\/02\/jobcloude-logo.svg","contentUrl":"https:\/\/www.jobcloud.ch\/wp-content\/uploads\/2020\/02\/jobcloude-logo.svg","width":160,"height":37,"caption":"JobCloud"},"image":{"@id":"https:\/\/www.jobcloud.ch\/c\/de-ch\/#\/schema\/logo\/image\/"}},{"@type":"Person","@id":"https:\/\/www.jobcloud.ch\/c\/de-ch\/#\/schema\/person\/77630b275e0f27fc4e48d5a2367855af","name":"Rebekka H\u00e4nggi","image":{"@type":"ImageObject","inLanguage":"de-CH","@id":"https:\/\/www.jobcloud.ch\/wp-content\/uploads\/2021\/01\/Rebekka-Haenggi_avatar-96x96.jpg","url":"https:\/\/www.jobcloud.ch\/wp-content\/uploads\/2021\/01\/Rebekka-Haenggi_avatar-96x96.jpg","contentUrl":"https:\/\/www.jobcloud.ch\/wp-content\/uploads\/2021\/01\/Rebekka-Haenggi_avatar-96x96.jpg","caption":"Rebekka H\u00e4nggi"},"description":"Depuis janvier 2013, je suis en charge de la communication de JobCloud SA. Avant cela, je travaillais dans le d\u00e9partement marketing au sein de la soci\u00e9t\u00e9 Jobup AG. Le domaine du marketing et de la communication est ma passion et cela fait maintenant 8 ans que je m\u2019occupe des sujets relatifs aux RH Management. J\u2019ai un fort attrait pour le marketing du personnel, le recrutement en ligne et la direction du personnel, sujets que j\u2019aborderai sur notre blog. En outre, je vous donnerai un coup d\u2019\u0153il dans les coulisses de JobCloud en m\u2019exprimant sur la vie et le travail chez nous.","sameAs":["https:\/\/www.linkedin.com\/in\/rebekka-hnggi-affolter-9678b142"],"url":"https:\/\/www.jobcloud.ch\/c\/de-ch\/blog\/author\/rebekka\/"}]}},"_links":{"self":[{"href":"https:\/\/www.jobcloud.ch\/c\/de-ch\/wp-json\/wp\/v2\/posts\/51456","targetHints":{"allow":["GET"]}}],"collection":[{"href":"https:\/\/www.jobcloud.ch\/c\/de-ch\/wp-json\/wp\/v2\/posts"}],"about":[{"href":"https:\/\/www.jobcloud.ch\/c\/de-ch\/wp-json\/wp\/v2\/types\/post"}],"author":[{"embeddable":true,"href":"https:\/\/www.jobcloud.ch\/c\/de-ch\/wp-json\/wp\/v2\/users\/12"}],"replies":[{"embeddable":true,"href":"https:\/\/www.jobcloud.ch\/c\/de-ch\/wp-json\/wp\/v2\/comments?post=51456"}],"version-history":[{"count":0,"href":"https:\/\/www.jobcloud.ch\/c\/de-ch\/wp-json\/wp\/v2\/posts\/51456\/revisions"}],"wp:featuredmedia":[{"embeddable":true,"href":"https:\/\/www.jobcloud.ch\/c\/de-ch\/wp-json\/wp\/v2\/media\/51457"}],"wp:attachment":[{"href":"https:\/\/www.jobcloud.ch\/c\/de-ch\/wp-json\/wp\/v2\/media?parent=51456"}],"wp:term":[{"taxonomy":"category","embeddable":true,"href":"https:\/\/www.jobcloud.ch\/c\/de-ch\/wp-json\/wp\/v2\/categories?post=51456"},{"taxonomy":"post_tag","embeddable":true,"href":"https:\/\/www.jobcloud.ch\/c\/de-ch\/wp-json\/wp\/v2\/tags?post=51456"}],"curies":[{"name":"wp","href":"https:\/\/api.w.org\/{rel}","templated":true}]}}