     {"id":48910,"date":"2022-03-21T10:31:39","date_gmt":"2022-03-21T09:31:39","guid":{"rendered":"https:\/\/www.jobcloud.ch\/c\/?p=48910"},"modified":"2022-03-14T16:34:02","modified_gmt":"2022-03-14T15:34:02","slug":"rueckkehr-ins-buero-arbeitnehmende-wuenschen-sich-mehr-homeoffice-und-flexibilitaet","status":"publish","type":"post","link":"https:\/\/www.jobcloud.ch\/c\/de-ch\/blog\/arbeitnehmende-wuenschen-sich-mehr-homeoffice-und-flexibilitaet\/","title":{"rendered":"R\u00fcckkehr ins B\u00fcro: Arbeitnehmende w\u00fcnschen sich mehr Homeoffice und Flexibilit\u00e4t"},"content":{"rendered":"","protected":false},"excerpt":{"rendered":"","protected":false},"author":27,"featured_media":48914,"comment_status":"open","ping_status":"open","sticky":false,"template":"","format":"standard","meta":{"_acf_changed":false,"inline_featured_image":false,"footnotes":""},"categories":[898],"tags":[1521,2632,2562,2423,1652],"class_list":["post-48910","post","type-post","status-publish","format-standard","has-post-thumbnail","hentry","category-trends-studien","tag-benefits","tag-homeoffice-2","tag-hybrides-arbeiten","tag-remote-work","tag-work-life-balance"],"acf":[],"yoast_head":"<!-- This site is optimized with the Yoast SEO plugin v27.2 - https:\/\/yoast.com\/product\/yoast-seo-wordpress\/ -->\n<title>R\u00fcckkehr ins B\u00fcro: Arbeitnehmende w\u00fcnschen sich mehr Homeoffice und Flexibilit\u00e4t | JobCloud<\/title>\n<meta name=\"description\" content=\"Nach Corona planen Unternehmen ihre neuen Arbeitsmodelle. Eine Umfrage von JobCloud zeigt, was sich Arbeitnehmende diesbez\u00fcglich w\u00fcnschen.\" \/>\n<meta name=\"robots\" content=\"index, follow, max-snippet:-1, max-image-preview:large, max-video-preview:-1\" \/>\n<link rel=\"canonical\" href=\"https:\/\/www.jobcloud.ch\/c\/de-ch\/blog\/arbeitnehmende-wuenschen-sich-mehr-homeoffice-und-flexibilitaet\/\" \/>\n<meta property=\"og:locale\" content=\"de_DE\" \/>\n<meta property=\"og:type\" content=\"article\" \/>\n<meta property=\"og:title\" content=\"R\u00fcckkehr ins B\u00fcro: Arbeitnehmende w\u00fcnschen sich mehr Homeoffice und Flexibilit\u00e4t | JobCloud\" \/>\n<meta property=\"og:description\" content=\"Nach Corona planen Unternehmen ihre neuen Arbeitsmodelle. Eine Umfrage von JobCloud zeigt, was sich Arbeitnehmende diesbez\u00fcglich w\u00fcnschen.\" \/>\n<meta property=\"og:url\" content=\"https:\/\/www.jobcloud.ch\/c\/de-ch\/blog\/arbeitnehmende-wuenschen-sich-mehr-homeoffice-und-flexibilitaet\/\" \/>\n<meta property=\"og:site_name\" content=\"JobCloud\" \/>\n<meta property=\"article:published_time\" content=\"2022-03-21T09:31:39+00:00\" \/>\n<meta property=\"og:image\" content=\"https:\/\/www.jobcloud.ch\/wp-content\/uploads\/2022\/03\/jobcloud-hybridearbeitsmodelle1.png\" \/>\n\t<meta property=\"og:image:width\" content=\"1025\" \/>\n\t<meta property=\"og:image:height\" content=\"450\" \/>\n\t<meta property=\"og:image:type\" content=\"image\/png\" \/>\n<meta name=\"author\" content=\"Mathias Steger\" \/>\n<meta name=\"twitter:card\" content=\"summary_large_image\" \/>\n<meta name=\"twitter:label1\" content=\"Geschrieben von\" \/>\n\t<meta name=\"twitter:data1\" content=\"Mathias Steger\" \/>\n<script type=\"application\/ld+json\" class=\"yoast-schema-graph\">{\"@context\":\"https:\/\/schema.org\",\"@graph\":[{\"@type\":\"Article\",\"@id\":\"https:\/\/www.jobcloud.ch\/c\/de-ch\/blog\/arbeitnehmende-wuenschen-sich-mehr-homeoffice-und-flexibilitaet\/#article\",\"isPartOf\":{\"@id\":\"https:\/\/www.jobcloud.ch\/c\/de-ch\/blog\/arbeitnehmende-wuenschen-sich-mehr-homeoffice-und-flexibilitaet\/\"},\"author\":{\"name\":\"Mathias Steger\",\"@id\":\"https:\/\/www.jobcloud.ch\/c\/de-ch\/#\/schema\/person\/1f8af37d814987189cbef1b058a084a4\"},\"headline\":\"R\u00fcckkehr ins B\u00fcro: Arbeitnehmende w\u00fcnschen sich mehr Homeoffice und Flexibilit\u00e4t\",\"datePublished\":\"2022-03-21T09:31:39+00:00\",\"mainEntityOfPage\":{\"@id\":\"https:\/\/www.jobcloud.ch\/c\/de-ch\/blog\/arbeitnehmende-wuenschen-sich-mehr-homeoffice-und-flexibilitaet\/\"},\"wordCount\":14,\"commentCount\":0,\"publisher\":{\"@id\":\"https:\/\/www.jobcloud.ch\/c\/de-ch\/#organization\"},\"image\":{\"@id\":\"https:\/\/www.jobcloud.ch\/c\/de-ch\/blog\/arbeitnehmende-wuenschen-sich-mehr-homeoffice-und-flexibilitaet\/#primaryimage\"},\"thumbnailUrl\":\"https:\/\/www.jobcloud.ch\/wp-content\/uploads\/2022\/03\/jobcloud-hybridearbeitsmodelle1.png\",\"keywords\":[\"Benefits\",\"homeoffice\",\"hybrides Arbeiten\",\"Remote Work\",\"Work-Life-Balance\"],\"articleSection\":[\"Trends &amp; Studien\"],\"inLanguage\":\"de-CH\",\"potentialAction\":[{\"@type\":\"CommentAction\",\"name\":\"Comment\",\"target\":[\"https:\/\/www.jobcloud.ch\/c\/de-ch\/blog\/arbeitnehmende-wuenschen-sich-mehr-homeoffice-und-flexibilitaet\/#respond\"]}]},{\"@type\":\"WebPage\",\"@id\":\"https:\/\/www.jobcloud.ch\/c\/de-ch\/blog\/arbeitnehmende-wuenschen-sich-mehr-homeoffice-und-flexibilitaet\/\",\"url\":\"https:\/\/www.jobcloud.ch\/c\/de-ch\/blog\/arbeitnehmende-wuenschen-sich-mehr-homeoffice-und-flexibilitaet\/\",\"name\":\"R\u00fcckkehr ins B\u00fcro: Arbeitnehmende w\u00fcnschen sich mehr Homeoffice und Flexibilit\u00e4t | JobCloud\",\"isPartOf\":{\"@id\":\"https:\/\/www.jobcloud.ch\/c\/de-ch\/#website\"},\"primaryImageOfPage\":{\"@id\":\"https:\/\/www.jobcloud.ch\/c\/de-ch\/blog\/arbeitnehmende-wuenschen-sich-mehr-homeoffice-und-flexibilitaet\/#primaryimage\"},\"image\":{\"@id\":\"https:\/\/www.jobcloud.ch\/c\/de-ch\/blog\/arbeitnehmende-wuenschen-sich-mehr-homeoffice-und-flexibilitaet\/#primaryimage\"},\"thumbnailUrl\":\"https:\/\/www.jobcloud.ch\/wp-content\/uploads\/2022\/03\/jobcloud-hybridearbeitsmodelle1.png\",\"datePublished\":\"2022-03-21T09:31:39+00:00\",\"description\":\"Nach Corona planen Unternehmen ihre neuen Arbeitsmodelle. Eine Umfrage von JobCloud zeigt, was sich Arbeitnehmende diesbez\u00fcglich w\u00fcnschen.\",\"inLanguage\":\"de-CH\",\"potentialAction\":[{\"@type\":\"ReadAction\",\"target\":[\"https:\/\/www.jobcloud.ch\/c\/de-ch\/blog\/arbeitnehmende-wuenschen-sich-mehr-homeoffice-und-flexibilitaet\/\"]}]},{\"@type\":\"ImageObject\",\"inLanguage\":\"de-CH\",\"@id\":\"https:\/\/www.jobcloud.ch\/c\/de-ch\/blog\/arbeitnehmende-wuenschen-sich-mehr-homeoffice-und-flexibilitaet\/#primaryimage\",\"url\":\"https:\/\/www.jobcloud.ch\/wp-content\/uploads\/2022\/03\/jobcloud-hybridearbeitsmodelle1.png\",\"contentUrl\":\"https:\/\/www.jobcloud.ch\/wp-content\/uploads\/2022\/03\/jobcloud-hybridearbeitsmodelle1.png\",\"width\":1025,\"height\":450,\"caption\":\"Mitarbeitende w\u00fcnschen sich mehr Flexibilit\u00e4t\"},{\"@type\":\"WebSite\",\"@id\":\"https:\/\/www.jobcloud.ch\/c\/de-ch\/#website\",\"url\":\"https:\/\/www.jobcloud.ch\/c\/de-ch\/\",\"name\":\"JobCloud\",\"description\":\"JobCloud is the leading job portal for jobseekers in Switzerland\",\"publisher\":{\"@id\":\"https:\/\/www.jobcloud.ch\/c\/de-ch\/#organization\"},\"potentialAction\":[{\"@type\":\"SearchAction\",\"target\":{\"@type\":\"EntryPoint\",\"urlTemplate\":\"https:\/\/www.jobcloud.ch\/c\/de-ch\/?s={search_term_string}\"},\"query-input\":{\"@type\":\"PropertyValueSpecification\",\"valueRequired\":true,\"valueName\":\"search_term_string\"}}],\"inLanguage\":\"de-CH\"},{\"@type\":\"Organization\",\"@id\":\"https:\/\/www.jobcloud.ch\/c\/de-ch\/#organization\",\"name\":\"JobCloud\",\"url\":\"https:\/\/www.jobcloud.ch\/c\/de-ch\/\",\"logo\":{\"@type\":\"ImageObject\",\"inLanguage\":\"de-CH\",\"@id\":\"https:\/\/www.jobcloud.ch\/c\/de-ch\/#\/schema\/logo\/image\/\",\"url\":\"https:\/\/www.jobcloud.ch\/wp-content\/uploads\/2020\/02\/jobcloude-logo.svg\",\"contentUrl\":\"https:\/\/www.jobcloud.ch\/wp-content\/uploads\/2020\/02\/jobcloude-logo.svg\",\"width\":160,\"height\":37,\"caption\":\"JobCloud\"},\"image\":{\"@id\":\"https:\/\/www.jobcloud.ch\/c\/de-ch\/#\/schema\/logo\/image\/\"}},{\"@type\":\"Person\",\"@id\":\"https:\/\/www.jobcloud.ch\/c\/de-ch\/#\/schema\/person\/1f8af37d814987189cbef1b058a084a4\",\"name\":\"Mathias Steger\",\"image\":{\"@type\":\"ImageObject\",\"inLanguage\":\"de-CH\",\"@id\":\"https:\/\/www.jobcloud.ch\/wp-content\/uploads\/2021\/01\/Mathias-Steger_avatar-96x96.png\",\"url\":\"https:\/\/www.jobcloud.ch\/wp-content\/uploads\/2021\/01\/Mathias-Steger_avatar-96x96.png\",\"contentUrl\":\"https:\/\/www.jobcloud.ch\/wp-content\/uploads\/2021\/01\/Mathias-Steger_avatar-96x96.png\",\"caption\":\"Mathias Steger\"},\"sameAs\":[\"https:\/\/www.linkedin.com\/in\/mathias-steger-52164a11b?\"],\"url\":\"https:\/\/www.jobcloud.ch\/c\/de-ch\/blog\/author\/msteger\/\"}]}<\/script>\n<!-- \/ Yoast SEO plugin. -->","yoast_head_json":{"title":"R\u00fcckkehr ins B\u00fcro: Arbeitnehmende w\u00fcnschen sich mehr Homeoffice und Flexibilit\u00e4t | JobCloud","description":"Nach Corona planen Unternehmen ihre neuen Arbeitsmodelle. Eine Umfrage von JobCloud zeigt, was sich Arbeitnehmende diesbez\u00fcglich w\u00fcnschen.","robots":{"index":"index","follow":"follow","max-snippet":"max-snippet:-1","max-image-preview":"max-image-preview:large","max-video-preview":"max-video-preview:-1"},"canonical":"https:\/\/www.jobcloud.ch\/c\/de-ch\/blog\/arbeitnehmende-wuenschen-sich-mehr-homeoffice-und-flexibilitaet\/","og_locale":"de_DE","og_type":"article","og_title":"R\u00fcckkehr ins B\u00fcro: Arbeitnehmende w\u00fcnschen sich mehr Homeoffice und Flexibilit\u00e4t | JobCloud","og_description":"Nach Corona planen Unternehmen ihre neuen Arbeitsmodelle. Eine Umfrage von JobCloud zeigt, was sich Arbeitnehmende diesbez\u00fcglich w\u00fcnschen.","og_url":"https:\/\/www.jobcloud.ch\/c\/de-ch\/blog\/arbeitnehmende-wuenschen-sich-mehr-homeoffice-und-flexibilitaet\/","og_site_name":"JobCloud","article_published_time":"2022-03-21T09:31:39+00:00","og_image":[{"width":1025,"height":450,"url":"https:\/\/www.jobcloud.ch\/wp-content\/uploads\/2022\/03\/jobcloud-hybridearbeitsmodelle1.png","type":"image\/png"}],"author":"Mathias Steger","twitter_card":"summary_large_image","twitter_misc":{"Geschrieben von":"Mathias Steger"},"schema":{"@context":"https:\/\/schema.org","@graph":[{"@type":"Article","@id":"https:\/\/www.jobcloud.ch\/c\/de-ch\/blog\/arbeitnehmende-wuenschen-sich-mehr-homeoffice-und-flexibilitaet\/#article","isPartOf":{"@id":"https:\/\/www.jobcloud.ch\/c\/de-ch\/blog\/arbeitnehmende-wuenschen-sich-mehr-homeoffice-und-flexibilitaet\/"},"author":{"name":"Mathias Steger","@id":"https:\/\/www.jobcloud.ch\/c\/de-ch\/#\/schema\/person\/1f8af37d814987189cbef1b058a084a4"},"headline":"R\u00fcckkehr ins B\u00fcro: Arbeitnehmende w\u00fcnschen sich mehr Homeoffice und Flexibilit\u00e4t","datePublished":"2022-03-21T09:31:39+00:00","mainEntityOfPage":{"@id":"https:\/\/www.jobcloud.ch\/c\/de-ch\/blog\/arbeitnehmende-wuenschen-sich-mehr-homeoffice-und-flexibilitaet\/"},"wordCount":14,"commentCount":0,"publisher":{"@id":"https:\/\/www.jobcloud.ch\/c\/de-ch\/#organization"},"image":{"@id":"https:\/\/www.jobcloud.ch\/c\/de-ch\/blog\/arbeitnehmende-wuenschen-sich-mehr-homeoffice-und-flexibilitaet\/#primaryimage"},"thumbnailUrl":"https:\/\/www.jobcloud.ch\/wp-content\/uploads\/2022\/03\/jobcloud-hybridearbeitsmodelle1.png","keywords":["Benefits","homeoffice","hybrides Arbeiten","Remote Work","Work-Life-Balance"],"articleSection":["Trends &amp; Studien"],"inLanguage":"de-CH","potentialAction":[{"@type":"CommentAction","name":"Comment","target":["https:\/\/www.jobcloud.ch\/c\/de-ch\/blog\/arbeitnehmende-wuenschen-sich-mehr-homeoffice-und-flexibilitaet\/#respond"]}]},{"@type":"WebPage","@id":"https:\/\/www.jobcloud.ch\/c\/de-ch\/blog\/arbeitnehmende-wuenschen-sich-mehr-homeoffice-und-flexibilitaet\/","url":"https:\/\/www.jobcloud.ch\/c\/de-ch\/blog\/arbeitnehmende-wuenschen-sich-mehr-homeoffice-und-flexibilitaet\/","name":"R\u00fcckkehr ins B\u00fcro: Arbeitnehmende w\u00fcnschen sich mehr Homeoffice und Flexibilit\u00e4t | JobCloud","isPartOf":{"@id":"https:\/\/www.jobcloud.ch\/c\/de-ch\/#website"},"primaryImageOfPage":{"@id":"https:\/\/www.jobcloud.ch\/c\/de-ch\/blog\/arbeitnehmende-wuenschen-sich-mehr-homeoffice-und-flexibilitaet\/#primaryimage"},"image":{"@id":"https:\/\/www.jobcloud.ch\/c\/de-ch\/blog\/arbeitnehmende-wuenschen-sich-mehr-homeoffice-und-flexibilitaet\/#primaryimage"},"thumbnailUrl":"https:\/\/www.jobcloud.ch\/wp-content\/uploads\/2022\/03\/jobcloud-hybridearbeitsmodelle1.png","datePublished":"2022-03-21T09:31:39+00:00","description":"Nach Corona planen Unternehmen ihre neuen Arbeitsmodelle. Eine Umfrage von JobCloud zeigt, was sich Arbeitnehmende diesbez\u00fcglich w\u00fcnschen.","inLanguage":"de-CH","potentialAction":[{"@type":"ReadAction","target":["https:\/\/www.jobcloud.ch\/c\/de-ch\/blog\/arbeitnehmende-wuenschen-sich-mehr-homeoffice-und-flexibilitaet\/"]}]},{"@type":"ImageObject","inLanguage":"de-CH","@id":"https:\/\/www.jobcloud.ch\/c\/de-ch\/blog\/arbeitnehmende-wuenschen-sich-mehr-homeoffice-und-flexibilitaet\/#primaryimage","url":"https:\/\/www.jobcloud.ch\/wp-content\/uploads\/2022\/03\/jobcloud-hybridearbeitsmodelle1.png","contentUrl":"https:\/\/www.jobcloud.ch\/wp-content\/uploads\/2022\/03\/jobcloud-hybridearbeitsmodelle1.png","width":1025,"height":450,"caption":"Mitarbeitende w\u00fcnschen sich mehr Flexibilit\u00e4t"},{"@type":"WebSite","@id":"https:\/\/www.jobcloud.ch\/c\/de-ch\/#website","url":"https:\/\/www.jobcloud.ch\/c\/de-ch\/","name":"JobCloud","description":"JobCloud is the leading job portal for jobseekers in Switzerland","publisher":{"@id":"https:\/\/www.jobcloud.ch\/c\/de-ch\/#organization"},"potentialAction":[{"@type":"SearchAction","target":{"@type":"EntryPoint","urlTemplate":"https:\/\/www.jobcloud.ch\/c\/de-ch\/?s={search_term_string}"},"query-input":{"@type":"PropertyValueSpecification","valueRequired":true,"valueName":"search_term_string"}}],"inLanguage":"de-CH"},{"@type":"Organization","@id":"https:\/\/www.jobcloud.ch\/c\/de-ch\/#organization","name":"JobCloud","url":"https:\/\/www.jobcloud.ch\/c\/de-ch\/","logo":{"@type":"ImageObject","inLanguage":"de-CH","@id":"https:\/\/www.jobcloud.ch\/c\/de-ch\/#\/schema\/logo\/image\/","url":"https:\/\/www.jobcloud.ch\/wp-content\/uploads\/2020\/02\/jobcloude-logo.svg","contentUrl":"https:\/\/www.jobcloud.ch\/wp-content\/uploads\/2020\/02\/jobcloude-logo.svg","width":160,"height":37,"caption":"JobCloud"},"image":{"@id":"https:\/\/www.jobcloud.ch\/c\/de-ch\/#\/schema\/logo\/image\/"}},{"@type":"Person","@id":"https:\/\/www.jobcloud.ch\/c\/de-ch\/#\/schema\/person\/1f8af37d814987189cbef1b058a084a4","name":"Mathias Steger","image":{"@type":"ImageObject","inLanguage":"de-CH","@id":"https:\/\/www.jobcloud.ch\/wp-content\/uploads\/2021\/01\/Mathias-Steger_avatar-96x96.png","url":"https:\/\/www.jobcloud.ch\/wp-content\/uploads\/2021\/01\/Mathias-Steger_avatar-96x96.png","contentUrl":"https:\/\/www.jobcloud.ch\/wp-content\/uploads\/2021\/01\/Mathias-Steger_avatar-96x96.png","caption":"Mathias Steger"},"sameAs":["https:\/\/www.linkedin.com\/in\/mathias-steger-52164a11b?"],"url":"https:\/\/www.jobcloud.ch\/c\/de-ch\/blog\/author\/msteger\/"}]}},"_links":{"self":[{"href":"https:\/\/www.jobcloud.ch\/c\/de-ch\/wp-json\/wp\/v2\/posts\/48910","targetHints":{"allow":["GET"]}}],"collection":[{"href":"https:\/\/www.jobcloud.ch\/c\/de-ch\/wp-json\/wp\/v2\/posts"}],"about":[{"href":"https:\/\/www.jobcloud.ch\/c\/de-ch\/wp-json\/wp\/v2\/types\/post"}],"author":[{"embeddable":true,"href":"https:\/\/www.jobcloud.ch\/c\/de-ch\/wp-json\/wp\/v2\/users\/27"}],"replies":[{"embeddable":true,"href":"https:\/\/www.jobcloud.ch\/c\/de-ch\/wp-json\/wp\/v2\/comments?post=48910"}],"version-history":[{"count":0,"href":"https:\/\/www.jobcloud.ch\/c\/de-ch\/wp-json\/wp\/v2\/posts\/48910\/revisions"}],"wp:featuredmedia":[{"embeddable":true,"href":"https:\/\/www.jobcloud.ch\/c\/de-ch\/wp-json\/wp\/v2\/media\/48914"}],"wp:attachment":[{"href":"https:\/\/www.jobcloud.ch\/c\/de-ch\/wp-json\/wp\/v2\/media?parent=48910"}],"wp:term":[{"taxonomy":"category","embeddable":true,"href":"https:\/\/www.jobcloud.ch\/c\/de-ch\/wp-json\/wp\/v2\/categories?post=48910"},{"taxonomy":"post_tag","embeddable":true,"href":"https:\/\/www.jobcloud.ch\/c\/de-ch\/wp-json\/wp\/v2\/tags?post=48910"}],"curies":[{"name":"wp","href":"https:\/\/api.w.org\/{rel}","templated":true}]}}