     {"id":4718,"date":"2013-01-07T12:03:00","date_gmt":"2013-01-07T10:03:00","guid":{"rendered":"https:\/\/www.jobcloud.ch\/c\/de-ch\/?p=900"},"modified":"2013-01-07T12:03:00","modified_gmt":"2013-01-07T10:03:00","slug":"mondaymoviejobs-ch-perspektiven-a-la-techniker-krankenkasse","status":"publish","type":"post","link":"https:\/\/www.jobcloud.ch\/c\/de-ch\/blog\/2013\/01\/mondaymoviejobs-ch-perspektiven-a-la-techniker-krankenkasse\/","title":{"rendered":"mondaymovie@jobs.ch: Perspektiven \u00e0 la Techniker Krankenkasse."},"content":{"rendered":"<p>\u00abHappy new year, happy new year, May we all have our hopes, our will to try.\u00bb<br \/>\n<iframe title=\"ABBA-HAPPY NEW YEAR\" width=\"1170\" height=\"878\" src=\"https:\/\/www.youtube.com\/embed\/mObouU6xacs?feature=oembed\" frameborder=\"0\" allow=\"accelerometer; autoplay; clipboard-write; encrypted-media; gyroscope; picture-in-picture\" allowfullscreen><\/iframe><br \/>\n<!--more--><br \/>\nJa, so singen die schwedischen Weltstars von ABBA meine ganz pers\u00f6nlichen W\u00fcnsche f\u00fcr Sie. Alles Gute, m\u00f6gen Ihre W\u00fcnsche f\u00fcr 2013 in Erf\u00fcllung gehen. Aber nat\u00fcrlich ist der kultige Schmachtfetzen nicht mein Video des Monats. Und \u00fcberhaupt: Fertig jetzt mit der Festtagsrhetorik und \u201cE-guets-Nois-Trallala&#187;! Jetzt widmen wir uns wieder dem Wesentlichen. Zum Beispiel neuen Perspektiven. Das passt, denn die Techniker Krankenkasse aus Deutschland hat unter dem Motto \u201cEntdecken Sie neue Perspektiven\u201d ein Arbeitgebervideo f\u00fcr Trainees geschaltet. Und das ist so gut gelungen, dass es vor Weihnachten in Berlin mit dem \u201cHR-Excellence Award\u201d in der Kategorie Arbeitgebervideo Konzerne ausgezeichnet wurde. Und weil f\u00fcr Sie, liebe Leserinnen und Leser, schliesslich nur das Beste gut genug ist, sage ich einfach mal \u201eVorhang auf\u201c:<br \/>\nhttp:\/\/www.youtube.com\/watch?v=KmBgWLwhSUU<br \/>\nUnd, gef\u00e4llt es Ihnen? Ich pers\u00f6nlich finde es gelungen, ja fast schon ein Wohltat nach all den gesungenen und getanzten <a href=\"http:\/\/blog.buckmanngewinnt.ch\/film-ab-videos-im-personalmarketing\/\" target=\"_blank\" rel=\"noopener noreferrer\">Arbeitgebervideos<\/a>. Speziell daran: F\u00fcr das Konzept und die Umsetzung sassen die Trainees selber auf dem Driverseat. Die knapp 20 jungen Berufsleute haben die Idee im Rahmen eines Praxisprojekts und zus\u00e4tzlich zu ihren Aufgaben entwickelt, umgesetzt und letztlich auch in eine Recruiting-Kampagne integriert, die auch noch andere Kan\u00e4le bespielte. Der Trainee-Jahrgang 2011\/2012 suchte damit also gleich selber seine Nachfolgerinnen und Nachfolger. Sch\u00f6ne Geschichte. Und dass das Spass gemacht hat, zeigt sich im <a href=\"http:\/\/www.youtube.com\/watch?v=1o73zOgonOE\" target=\"_blank\" rel=\"noopener noreferrer\">hier<\/a>.<br \/>\nLust auf mehr Hintergrundinformationen zum Video der Techniker Krankenkasse und zweier weiterer ausgezeichneter Filme von s.Oliver und Stihl? Kein Problem, f\u00fcr Sie <a href=\"http:\/\/blog.buckmanngewinnt.ch\/die-berlinale-der-hr-zunft-pramierte-arbeitgebervideos\/\" target=\"_blank\" rel=\"noopener noreferrer\">hier frisch zusammengefasst<\/a>.<br \/>\nAuf wieder Sehen.<br \/>\n<strong>Gute Videos gibt\u2019s bei jobs.ch<\/strong><\/p>\n","protected":false},"excerpt":{"rendered":"<p>\u00abHappy new year, happy new year, May we all have our hopes, our will to try.\u00bb<\/p>\n","protected":false},"author":17,"featured_media":0,"comment_status":"open","ping_status":"open","sticky":false,"template":"","format":"standard","meta":{"_acf_changed":false,"inline_featured_image":false,"footnotes":""},"categories":[898],"tags":[946],"class_list":["post-4718","post","type-post","status-publish","format-standard","hentry","category-trends-studien","tag-mondaymoviejobs-ch"],"acf":[],"yoast_head":"<!-- This site is optimized with the Yoast SEO plugin v27.2 - https:\/\/yoast.com\/product\/yoast-seo-wordpress\/ -->\n<title>mondaymovie@jobs.ch: Perspektiven \u00e0 la Techniker Krankenkasse. | JobCloud<\/title>\n<meta name=\"robots\" content=\"index, follow, max-snippet:-1, max-image-preview:large, max-video-preview:-1\" \/>\n<link rel=\"canonical\" href=\"https:\/\/www.jobcloud.ch\/c\/de-ch\/blog\/2013\/01\/mondaymoviejobs-ch-perspektiven-a-la-techniker-krankenkasse\/\" \/>\n<meta property=\"og:locale\" content=\"de_DE\" \/>\n<meta property=\"og:type\" content=\"article\" \/>\n<meta property=\"og:title\" content=\"mondaymovie@jobs.ch: Perspektiven \u00e0 la Techniker Krankenkasse. | JobCloud\" \/>\n<meta property=\"og:description\" content=\"\u00abHappy new year, happy new year, May we all have our hopes, our will to try.\u00bb\" \/>\n<meta property=\"og:url\" content=\"https:\/\/www.jobcloud.ch\/c\/de-ch\/blog\/2013\/01\/mondaymoviejobs-ch-perspektiven-a-la-techniker-krankenkasse\/\" \/>\n<meta property=\"og:site_name\" content=\"JobCloud\" \/>\n<meta property=\"article:published_time\" content=\"2013-01-07T10:03:00+00:00\" \/>\n<meta name=\"author\" content=\"joerg buckmann\" \/>\n<meta name=\"twitter:card\" content=\"summary_large_image\" \/>\n<meta name=\"twitter:label1\" content=\"Geschrieben von\" \/>\n\t<meta name=\"twitter:data1\" content=\"joerg buckmann\" \/>\n\t<meta name=\"twitter:label2\" content=\"Gesch\u00e4tzte Lesezeit\" \/>\n\t<meta name=\"twitter:data2\" content=\"1\u00a0Minute\" \/>\n<script type=\"application\/ld+json\" class=\"yoast-schema-graph\">{\"@context\":\"https:\/\/schema.org\",\"@graph\":[{\"@type\":\"Article\",\"@id\":\"https:\/\/www.jobcloud.ch\/c\/de-ch\/blog\/2013\/01\/mondaymoviejobs-ch-perspektiven-a-la-techniker-krankenkasse\/#article\",\"isPartOf\":{\"@id\":\"https:\/\/www.jobcloud.ch\/c\/de-ch\/blog\/2013\/01\/mondaymoviejobs-ch-perspektiven-a-la-techniker-krankenkasse\/\"},\"author\":{\"name\":\"joerg buckmann\",\"@id\":\"https:\/\/www.jobcloud.ch\/c\/de-ch\/#\/schema\/person\/12e00ca87f9068a3c03e610756467b37\"},\"headline\":\"mondaymovie@jobs.ch: Perspektiven \u00e0 la Techniker Krankenkasse.\",\"datePublished\":\"2013-01-07T10:03:00+00:00\",\"mainEntityOfPage\":{\"@id\":\"https:\/\/www.jobcloud.ch\/c\/de-ch\/blog\/2013\/01\/mondaymoviejobs-ch-perspektiven-a-la-techniker-krankenkasse\/\"},\"wordCount\":300,\"commentCount\":2,\"publisher\":{\"@id\":\"https:\/\/www.jobcloud.ch\/c\/de-ch\/#organization\"},\"keywords\":[\"Mondaymovie@jobs.ch\"],\"articleSection\":[\"Trends &amp; Studien\"],\"inLanguage\":\"de-CH\",\"potentialAction\":[{\"@type\":\"CommentAction\",\"name\":\"Comment\",\"target\":[\"https:\/\/www.jobcloud.ch\/c\/de-ch\/blog\/2013\/01\/mondaymoviejobs-ch-perspektiven-a-la-techniker-krankenkasse\/#respond\"]}]},{\"@type\":\"WebPage\",\"@id\":\"https:\/\/www.jobcloud.ch\/c\/de-ch\/blog\/2013\/01\/mondaymoviejobs-ch-perspektiven-a-la-techniker-krankenkasse\/\",\"url\":\"https:\/\/www.jobcloud.ch\/c\/de-ch\/blog\/2013\/01\/mondaymoviejobs-ch-perspektiven-a-la-techniker-krankenkasse\/\",\"name\":\"mondaymovie@jobs.ch: Perspektiven \u00e0 la Techniker Krankenkasse. | JobCloud\",\"isPartOf\":{\"@id\":\"https:\/\/www.jobcloud.ch\/c\/de-ch\/#website\"},\"datePublished\":\"2013-01-07T10:03:00+00:00\",\"inLanguage\":\"de-CH\",\"potentialAction\":[{\"@type\":\"ReadAction\",\"target\":[\"https:\/\/www.jobcloud.ch\/c\/de-ch\/blog\/2013\/01\/mondaymoviejobs-ch-perspektiven-a-la-techniker-krankenkasse\/\"]}]},{\"@type\":\"WebSite\",\"@id\":\"https:\/\/www.jobcloud.ch\/c\/de-ch\/#website\",\"url\":\"https:\/\/www.jobcloud.ch\/c\/de-ch\/\",\"name\":\"JobCloud\",\"description\":\"JobCloud is the leading job portal for jobseekers in Switzerland\",\"publisher\":{\"@id\":\"https:\/\/www.jobcloud.ch\/c\/de-ch\/#organization\"},\"potentialAction\":[{\"@type\":\"SearchAction\",\"target\":{\"@type\":\"EntryPoint\",\"urlTemplate\":\"https:\/\/www.jobcloud.ch\/c\/de-ch\/?s={search_term_string}\"},\"query-input\":{\"@type\":\"PropertyValueSpecification\",\"valueRequired\":true,\"valueName\":\"search_term_string\"}}],\"inLanguage\":\"de-CH\"},{\"@type\":\"Organization\",\"@id\":\"https:\/\/www.jobcloud.ch\/c\/de-ch\/#organization\",\"name\":\"JobCloud\",\"url\":\"https:\/\/www.jobcloud.ch\/c\/de-ch\/\",\"logo\":{\"@type\":\"ImageObject\",\"inLanguage\":\"de-CH\",\"@id\":\"https:\/\/www.jobcloud.ch\/c\/de-ch\/#\/schema\/logo\/image\/\",\"url\":\"https:\/\/www.jobcloud.ch\/wp-content\/uploads\/2020\/02\/jobcloude-logo.svg\",\"contentUrl\":\"https:\/\/www.jobcloud.ch\/wp-content\/uploads\/2020\/02\/jobcloude-logo.svg\",\"width\":160,\"height\":37,\"caption\":\"JobCloud\"},\"image\":{\"@id\":\"https:\/\/www.jobcloud.ch\/c\/de-ch\/#\/schema\/logo\/image\/\"}},{\"@type\":\"Person\",\"@id\":\"https:\/\/www.jobcloud.ch\/c\/de-ch\/#\/schema\/person\/12e00ca87f9068a3c03e610756467b37\",\"name\":\"joerg buckmann\",\"image\":{\"@type\":\"ImageObject\",\"inLanguage\":\"de-CH\",\"@id\":\"https:\/\/secure.gravatar.com\/avatar\/eb0ec0949b568287a3399cd59252d899b9ddfeedfe2b853bee99f2c4e932e998?s=96&d=mm&r=g\",\"url\":\"https:\/\/secure.gravatar.com\/avatar\/eb0ec0949b568287a3399cd59252d899b9ddfeedfe2b853bee99f2c4e932e998?s=96&d=mm&r=g\",\"contentUrl\":\"https:\/\/secure.gravatar.com\/avatar\/eb0ec0949b568287a3399cd59252d899b9ddfeedfe2b853bee99f2c4e932e998?s=96&d=mm&r=g\",\"caption\":\"joerg buckmann\"},\"url\":\"https:\/\/www.jobcloud.ch\/c\/de-ch\/blog\/author\/joerg-buckmann\/\"}]}<\/script>\n<!-- \/ Yoast SEO plugin. -->","yoast_head_json":{"title":"mondaymovie@jobs.ch: Perspektiven \u00e0 la Techniker Krankenkasse. | JobCloud","robots":{"index":"index","follow":"follow","max-snippet":"max-snippet:-1","max-image-preview":"max-image-preview:large","max-video-preview":"max-video-preview:-1"},"canonical":"https:\/\/www.jobcloud.ch\/c\/de-ch\/blog\/2013\/01\/mondaymoviejobs-ch-perspektiven-a-la-techniker-krankenkasse\/","og_locale":"de_DE","og_type":"article","og_title":"mondaymovie@jobs.ch: Perspektiven \u00e0 la Techniker Krankenkasse. | JobCloud","og_description":"\u00abHappy new year, happy new year, May we all have our hopes, our will to try.\u00bb","og_url":"https:\/\/www.jobcloud.ch\/c\/de-ch\/blog\/2013\/01\/mondaymoviejobs-ch-perspektiven-a-la-techniker-krankenkasse\/","og_site_name":"JobCloud","article_published_time":"2013-01-07T10:03:00+00:00","author":"joerg buckmann","twitter_card":"summary_large_image","twitter_misc":{"Geschrieben von":"joerg buckmann","Gesch\u00e4tzte Lesezeit":"1\u00a0Minute"},"schema":{"@context":"https:\/\/schema.org","@graph":[{"@type":"Article","@id":"https:\/\/www.jobcloud.ch\/c\/de-ch\/blog\/2013\/01\/mondaymoviejobs-ch-perspektiven-a-la-techniker-krankenkasse\/#article","isPartOf":{"@id":"https:\/\/www.jobcloud.ch\/c\/de-ch\/blog\/2013\/01\/mondaymoviejobs-ch-perspektiven-a-la-techniker-krankenkasse\/"},"author":{"name":"joerg buckmann","@id":"https:\/\/www.jobcloud.ch\/c\/de-ch\/#\/schema\/person\/12e00ca87f9068a3c03e610756467b37"},"headline":"mondaymovie@jobs.ch: Perspektiven \u00e0 la Techniker Krankenkasse.","datePublished":"2013-01-07T10:03:00+00:00","mainEntityOfPage":{"@id":"https:\/\/www.jobcloud.ch\/c\/de-ch\/blog\/2013\/01\/mondaymoviejobs-ch-perspektiven-a-la-techniker-krankenkasse\/"},"wordCount":300,"commentCount":2,"publisher":{"@id":"https:\/\/www.jobcloud.ch\/c\/de-ch\/#organization"},"keywords":["Mondaymovie@jobs.ch"],"articleSection":["Trends &amp; Studien"],"inLanguage":"de-CH","potentialAction":[{"@type":"CommentAction","name":"Comment","target":["https:\/\/www.jobcloud.ch\/c\/de-ch\/blog\/2013\/01\/mondaymoviejobs-ch-perspektiven-a-la-techniker-krankenkasse\/#respond"]}]},{"@type":"WebPage","@id":"https:\/\/www.jobcloud.ch\/c\/de-ch\/blog\/2013\/01\/mondaymoviejobs-ch-perspektiven-a-la-techniker-krankenkasse\/","url":"https:\/\/www.jobcloud.ch\/c\/de-ch\/blog\/2013\/01\/mondaymoviejobs-ch-perspektiven-a-la-techniker-krankenkasse\/","name":"mondaymovie@jobs.ch: Perspektiven \u00e0 la Techniker Krankenkasse. | JobCloud","isPartOf":{"@id":"https:\/\/www.jobcloud.ch\/c\/de-ch\/#website"},"datePublished":"2013-01-07T10:03:00+00:00","inLanguage":"de-CH","potentialAction":[{"@type":"ReadAction","target":["https:\/\/www.jobcloud.ch\/c\/de-ch\/blog\/2013\/01\/mondaymoviejobs-ch-perspektiven-a-la-techniker-krankenkasse\/"]}]},{"@type":"WebSite","@id":"https:\/\/www.jobcloud.ch\/c\/de-ch\/#website","url":"https:\/\/www.jobcloud.ch\/c\/de-ch\/","name":"JobCloud","description":"JobCloud is the leading job portal for jobseekers in Switzerland","publisher":{"@id":"https:\/\/www.jobcloud.ch\/c\/de-ch\/#organization"},"potentialAction":[{"@type":"SearchAction","target":{"@type":"EntryPoint","urlTemplate":"https:\/\/www.jobcloud.ch\/c\/de-ch\/?s={search_term_string}"},"query-input":{"@type":"PropertyValueSpecification","valueRequired":true,"valueName":"search_term_string"}}],"inLanguage":"de-CH"},{"@type":"Organization","@id":"https:\/\/www.jobcloud.ch\/c\/de-ch\/#organization","name":"JobCloud","url":"https:\/\/www.jobcloud.ch\/c\/de-ch\/","logo":{"@type":"ImageObject","inLanguage":"de-CH","@id":"https:\/\/www.jobcloud.ch\/c\/de-ch\/#\/schema\/logo\/image\/","url":"https:\/\/www.jobcloud.ch\/wp-content\/uploads\/2020\/02\/jobcloude-logo.svg","contentUrl":"https:\/\/www.jobcloud.ch\/wp-content\/uploads\/2020\/02\/jobcloude-logo.svg","width":160,"height":37,"caption":"JobCloud"},"image":{"@id":"https:\/\/www.jobcloud.ch\/c\/de-ch\/#\/schema\/logo\/image\/"}},{"@type":"Person","@id":"https:\/\/www.jobcloud.ch\/c\/de-ch\/#\/schema\/person\/12e00ca87f9068a3c03e610756467b37","name":"joerg buckmann","image":{"@type":"ImageObject","inLanguage":"de-CH","@id":"https:\/\/secure.gravatar.com\/avatar\/eb0ec0949b568287a3399cd59252d899b9ddfeedfe2b853bee99f2c4e932e998?s=96&d=mm&r=g","url":"https:\/\/secure.gravatar.com\/avatar\/eb0ec0949b568287a3399cd59252d899b9ddfeedfe2b853bee99f2c4e932e998?s=96&d=mm&r=g","contentUrl":"https:\/\/secure.gravatar.com\/avatar\/eb0ec0949b568287a3399cd59252d899b9ddfeedfe2b853bee99f2c4e932e998?s=96&d=mm&r=g","caption":"joerg buckmann"},"url":"https:\/\/www.jobcloud.ch\/c\/de-ch\/blog\/author\/joerg-buckmann\/"}]}},"_links":{"self":[{"href":"https:\/\/www.jobcloud.ch\/c\/de-ch\/wp-json\/wp\/v2\/posts\/4718","targetHints":{"allow":["GET"]}}],"collection":[{"href":"https:\/\/www.jobcloud.ch\/c\/de-ch\/wp-json\/wp\/v2\/posts"}],"about":[{"href":"https:\/\/www.jobcloud.ch\/c\/de-ch\/wp-json\/wp\/v2\/types\/post"}],"author":[{"embeddable":true,"href":"https:\/\/www.jobcloud.ch\/c\/de-ch\/wp-json\/wp\/v2\/users\/17"}],"replies":[{"embeddable":true,"href":"https:\/\/www.jobcloud.ch\/c\/de-ch\/wp-json\/wp\/v2\/comments?post=4718"}],"version-history":[{"count":0,"href":"https:\/\/www.jobcloud.ch\/c\/de-ch\/wp-json\/wp\/v2\/posts\/4718\/revisions"}],"wp:attachment":[{"href":"https:\/\/www.jobcloud.ch\/c\/de-ch\/wp-json\/wp\/v2\/media?parent=4718"}],"wp:term":[{"taxonomy":"category","embeddable":true,"href":"https:\/\/www.jobcloud.ch\/c\/de-ch\/wp-json\/wp\/v2\/categories?post=4718"},{"taxonomy":"post_tag","embeddable":true,"href":"https:\/\/www.jobcloud.ch\/c\/de-ch\/wp-json\/wp\/v2\/tags?post=4718"}],"curies":[{"name":"wp","href":"https:\/\/api.w.org\/{rel}","templated":true}]}}