     {"id":3292,"date":"2014-09-08T10:25:38","date_gmt":"2014-09-08T08:25:38","guid":{"rendered":"https:\/\/www.jobcloud.ch\/c\/de-ch\/?p=3292"},"modified":"2020-12-09T18:29:15","modified_gmt":"2020-12-09T17:29:15","slug":"unzufrieden-mit-dem-chef-62-reichen-deswegen-die-kuendigung-ein","status":"publish","type":"post","link":"https:\/\/www.jobcloud.ch\/c\/de-ch\/blog\/2014\/09\/unzufrieden-mit-dem-chef-62-reichen-deswegen-die-kuendigung-ein\/","title":{"rendered":"Unzufrieden mit dem Chef: 62% reichen deswegen die K\u00fcndigung ein"},"content":{"rendered":"<p>Und nicht nur das: 37% sind sogar der Meinung, sie w\u00e4ren f\u00fcr den Job ihres Chefs besser geeignet. Daf\u00fcr herrscht grosse Einigkeit in der Frage, was die wichtigen Elemente der F\u00fchrung sind. Dies und weitere interessante Resultate zeigt die Studie \u201eSchweiz f\u00fchrt?!\u201c, welche in diesem Jahr erstmalig in der Schweiz durchgef\u00fchrt wurde. Befragt wurden rund 2700 Personen, darunter Mitarbeitende, F\u00fchrungskr\u00e4fte und auch HR-Fachleute.<br \/>\n<a href=\"https:\/\/www.jobcloud.ch\/wp-content\/uploads\/2014\/09\/Schweiz-fuehrt-Summary-Grafik.jpg\"><img fetchpriority=\"high\" decoding=\"async\" src=\"https:\/\/www.jobcloud.ch\/wp-content\/uploads\/2014\/09\/Schweiz-fuehrt-Summary-Grafik-1024x723.jpg\" alt=\"Schweiz fuehrt Summary Grafik\" width=\"584\" height=\"412\" \/><\/a><br \/>\n<!--more--><br \/>\n<strong>1. K\u00fcndigungsgrund Chef<\/strong><br \/>\nDie Zufriedenheit der Mitarbeitenden ist stark abh\u00e4ngig von der F\u00fchrungskraft. So teilten knapp 78% der Angestellten die Meinung, dass der Vorgesetzte massgeblichen Einfluss auf das Wohlbefinden im Job hat. Negative Begleiterscheinungen bleiben dabei nicht aussen vor: Denn 62% der Mitarbeitenden haben schon mal wegen ihrer F\u00fchrungskraft gek\u00fcndigt!<br \/>\n<strong>2. F\u00fchrung scheitert an mangelnder Offenheit und Ehrlichkeit<\/strong><br \/>\nWarum klappt es nicht mit der F\u00fchrung? Schweizer Mitarbeitende, HR-Fachleute und F\u00fchrungskr\u00e4fte sind sich einig: F\u00fchrung scheitert am h\u00e4ufigsten, weil F\u00fchrungskr\u00e4fte nicht offen und ehrlich mit den Mitarbeitenden kommunizieren. Der Meinung sind 58% der Mitarbeitenden, 66% der HR-Befragten und sogar 68% der F\u00fchrungskr\u00e4fte. Des Weiteren machen insbesondere Mitarbeitende fehlende Fachkompetenz daf\u00fcr verantwortlich, dass F\u00fchrung nicht funktioniert.<br \/>\n<strong>3. Mitarbeitende brauchen keine Unterst\u00fctzung bei der t\u00e4glichen Arbeit<\/strong><br \/>\nUnd nochmal zum Thema Fachkompetenz: Dies ist insbesondere vor dem Hintergrund der Unterst\u00fctzungsleistung durch den Vorgesetzten interessant. Denn die meisten Mitarbeitenden sagen, ihre t\u00e4gliche Arbeit ohne F\u00fchrungskraft meistern zu k\u00f6nnen. F\u00fchrungskr\u00e4fte teilen diese Meinung. Sie best\u00e4tigen grunds\u00e4tzlich nur einen sehr geringen Beitrag bei der t\u00e4glichen Aufgabenerledigung ihrer Mitarbeitenden zu leisten.<br \/>\n<strong>4. Feedback und klare Ziele: Hier scheiden sich die Geister<\/strong><br \/>\nFast 84% der F\u00fchrungskr\u00e4fte geben an, dass sie ihren Mitarbeitenden regelm\u00e4ssig R\u00fcckmeldung zu ihren Leistungen geben, doch das kommt nur bei 28% der Mitarbeitenden so an. 14% der befragten Mitarbeitenden sagen sogar, dass sie nie eine R\u00fcckmeldung zu ihren Leistungen erhalten. Auch anderswo scheiden sich die Geister: 94% der F\u00fchrungskr\u00e4fte meinen, klare Ziele vorzugeben. Doch nur 42% der befragen Mitarbeitenden haben klare Ziele von ihrem Vorgesetzten erhalten.<br \/>\n<strong>5. \u00dcber die Frage, was wichtig ist, herrscht Einigkeit<\/strong><br \/>\nTrotz den Unterschieden in der Fremd- und Selbstwahrnehmung von F\u00fchrung \u2013 bei der Frage, was wirklich wichtig ist, herrscht Konsens in der Schweiz: \u201eInitiative der Mitarbeitenden f\u00f6rdern\u201c, \u201eOrientierung und Sinn geben\u201c und \u201ef\u00fcr Stabilit\u00e4t sorgen\u201c \u2013 diese drei Werte landen auf den vordersten drei Pl\u00e4tzen bei Mitarbeitenden, F\u00fchrungskr\u00e4ften und HR-Fachleuten.<br \/>\n<strong>6. F\u00fchrung ist attraktiv<\/strong><br \/>\nVerbesserungebedarf hin oder her: F\u00fchrung schreckt nicht ab, im Gegenteil: Mehr als die H\u00e4lfte der Mitarbeitenden w\u00e4re selbst gerne F\u00fchrungskraft. Und 37% sind sogar der Meinung, sie k\u00f6nnten den Job besser als ihr Chef machen. Was F\u00fchrungskr\u00e4fte anbelangt, so f\u00fchlen sich die meisten wohl in ihrer Haut: So sagten 84%, dass sie in ihrer Rolle als F\u00fchrungskraft zufrieden sind.<br \/>\nAbschliessend meint Claudia Conrads, Studienleiterin und Beraterin bei Information Factory: \u201eDie Studie zeigt, dass es in der Schweiz einen breiten Konsens gibt, was gute F\u00fchrung sein soll. Was es braucht sind nicht charismatische sondern kompetente, \u00fcberzeugende F\u00fchrungskr\u00e4fte, die Ziele gemeinsam mit ihren Mitarbeitenden erreichen. Jetzt kommt es auf den Mut der Personaler an, sich von sogenannten \u201einnovativen\u201c Denkmustern zu verabschieden und das Notwendige umzusetzen\u201c.<br \/>\n<a href=\"http:\/\/www.information-factory.com\/fileadmin\/user_upload\/news\/Schweiz_fuehrt_Studie.pdf\">Zum Booklet &#171;Schweiz f\u00fchrt?!&#187;<\/a><br \/>\n<strong>\u00dcber die Umfrage \u201eSchweiz f\u00fchrt?!\u201c<\/strong><br \/>\n<a href=\"http:\/\/www.information-factory.com\/\" target=\"_blank\" rel=\"noopener noreferrer\">Information Factory<\/a>, <a href=\"http:\/\/www.persorama.ch\/\" target=\"_blank\" rel=\"noopener noreferrer\">Persorama<\/a> und <a href=\"http:\/\/www.jobs.ch\" target=\"_blank\" rel=\"noopener noreferrer\">jobs.ch<\/a> gingen in der Studie \u201eSchweiz f\u00fchrt?!\u201c der Frage nach, wie es um das Thema F\u00fchrung in der Schweiz bestellt ist. Befragt wurden rund 2700 Personen, darunter Mitarbeitende, F\u00fchrungskr\u00e4fte und auch HR-Fachleute. Ziel war es, herauszufinden, wie Schweizer F\u00fchrungskr\u00e4fte wahrgenommen werden und wie sie sich selbst sehen.<\/p>\n","protected":false},"excerpt":{"rendered":"<p>Und nicht nur das: 37% sind sogar der Meinung, sie w\u00e4ren f\u00fcr den Job ihres Chefs besser geeignet. Daf\u00fcr herrscht grosse Einigkeit&#8230;<\/p>\n","protected":false},"author":12,"featured_media":3297,"comment_status":"open","ping_status":"open","sticky":false,"template":"","format":"standard","meta":{"_acf_changed":false,"inline_featured_image":false,"footnotes":""},"categories":[895,898],"tags":[920,939,921],"class_list":["post-3292","post","type-post","status-publish","format-standard","has-post-thumbnail","hentry","category-hr-talent-management","category-trends-studien","tag-mitarbeiter","tag-studie","tag-team"],"acf":[],"yoast_head":"<!-- This site is optimized with the Yoast SEO plugin v27.2 - https:\/\/yoast.com\/product\/yoast-seo-wordpress\/ -->\n<title>Unzufrieden mit dem Chef: 62% reichen deswegen die K\u00fcndigung ein | JobCloud<\/title>\n<meta name=\"robots\" content=\"index, follow, max-snippet:-1, max-image-preview:large, max-video-preview:-1\" \/>\n<link rel=\"canonical\" href=\"https:\/\/www.jobcloud.ch\/c\/de-ch\/blog\/2014\/09\/unzufrieden-mit-dem-chef-62-reichen-deswegen-die-kuendigung-ein\/\" \/>\n<meta property=\"og:locale\" content=\"de_DE\" \/>\n<meta property=\"og:type\" content=\"article\" \/>\n<meta property=\"og:title\" content=\"Unzufrieden mit dem Chef: 62% reichen deswegen die K\u00fcndigung ein | JobCloud\" \/>\n<meta property=\"og:description\" content=\"Und nicht nur das: 37% sind sogar der Meinung, sie w\u00e4ren f\u00fcr den Job ihres Chefs besser geeignet. Daf\u00fcr herrscht grosse Einigkeit...\" \/>\n<meta property=\"og:url\" content=\"https:\/\/www.jobcloud.ch\/c\/de-ch\/blog\/2014\/09\/unzufrieden-mit-dem-chef-62-reichen-deswegen-die-kuendigung-ein\/\" \/>\n<meta property=\"og:site_name\" content=\"JobCloud\" \/>\n<meta property=\"article:published_time\" content=\"2014-09-08T08:25:38+00:00\" \/>\n<meta property=\"article:modified_time\" content=\"2020-12-09T17:29:15+00:00\" \/>\n<meta property=\"og:image\" content=\"https:\/\/www.jobcloud.ch\/wp-content\/uploads\/2014\/09\/Schweiz-fuehrt-Summary-Grafik-1-scaled.jpg\" \/>\n\t<meta property=\"og:image:width\" content=\"2560\" \/>\n\t<meta property=\"og:image:height\" content=\"1810\" \/>\n\t<meta property=\"og:image:type\" content=\"image\/jpeg\" \/>\n<meta name=\"author\" content=\"Rebekka H\u00e4nggi\" \/>\n<meta name=\"twitter:card\" content=\"summary_large_image\" \/>\n<meta name=\"twitter:label1\" content=\"Geschrieben von\" \/>\n\t<meta name=\"twitter:data1\" content=\"Rebekka H\u00e4nggi\" \/>\n\t<meta name=\"twitter:label2\" content=\"Gesch\u00e4tzte Lesezeit\" \/>\n\t<meta name=\"twitter:data2\" content=\"3\u00a0Minuten\" \/>\n<script type=\"application\/ld+json\" class=\"yoast-schema-graph\">{\"@context\":\"https:\/\/schema.org\",\"@graph\":[{\"@type\":\"Article\",\"@id\":\"https:\/\/www.jobcloud.ch\/c\/de-ch\/blog\/2014\/09\/unzufrieden-mit-dem-chef-62-reichen-deswegen-die-kuendigung-ein\/#article\",\"isPartOf\":{\"@id\":\"https:\/\/www.jobcloud.ch\/c\/de-ch\/blog\/2014\/09\/unzufrieden-mit-dem-chef-62-reichen-deswegen-die-kuendigung-ein\/\"},\"author\":{\"name\":\"Rebekka H\u00e4nggi\",\"@id\":\"https:\/\/www.jobcloud.ch\/c\/de-ch\/#\/schema\/person\/77630b275e0f27fc4e48d5a2367855af\"},\"headline\":\"Unzufrieden mit dem Chef: 62% reichen deswegen die K\u00fcndigung ein\",\"datePublished\":\"2014-09-08T08:25:38+00:00\",\"dateModified\":\"2020-12-09T17:29:15+00:00\",\"mainEntityOfPage\":{\"@id\":\"https:\/\/www.jobcloud.ch\/c\/de-ch\/blog\/2014\/09\/unzufrieden-mit-dem-chef-62-reichen-deswegen-die-kuendigung-ein\/\"},\"wordCount\":618,\"commentCount\":0,\"publisher\":{\"@id\":\"https:\/\/www.jobcloud.ch\/c\/de-ch\/#organization\"},\"image\":{\"@id\":\"https:\/\/www.jobcloud.ch\/c\/de-ch\/blog\/2014\/09\/unzufrieden-mit-dem-chef-62-reichen-deswegen-die-kuendigung-ein\/#primaryimage\"},\"thumbnailUrl\":\"https:\/\/www.jobcloud.ch\/wp-content\/uploads\/2014\/09\/Schweiz-fuehrt-Summary-Grafik-1-scaled.jpg\",\"keywords\":[\"Mitarbeiter\",\"Studie\",\"Team\"],\"articleSection\":[\"HR &amp; Talent Management\",\"Trends &amp; Studien\"],\"inLanguage\":\"de-CH\",\"potentialAction\":[{\"@type\":\"CommentAction\",\"name\":\"Comment\",\"target\":[\"https:\/\/www.jobcloud.ch\/c\/de-ch\/blog\/2014\/09\/unzufrieden-mit-dem-chef-62-reichen-deswegen-die-kuendigung-ein\/#respond\"]}]},{\"@type\":\"WebPage\",\"@id\":\"https:\/\/www.jobcloud.ch\/c\/de-ch\/blog\/2014\/09\/unzufrieden-mit-dem-chef-62-reichen-deswegen-die-kuendigung-ein\/\",\"url\":\"https:\/\/www.jobcloud.ch\/c\/de-ch\/blog\/2014\/09\/unzufrieden-mit-dem-chef-62-reichen-deswegen-die-kuendigung-ein\/\",\"name\":\"Unzufrieden mit dem Chef: 62% reichen deswegen die K\u00fcndigung ein | JobCloud\",\"isPartOf\":{\"@id\":\"https:\/\/www.jobcloud.ch\/c\/de-ch\/#website\"},\"primaryImageOfPage\":{\"@id\":\"https:\/\/www.jobcloud.ch\/c\/de-ch\/blog\/2014\/09\/unzufrieden-mit-dem-chef-62-reichen-deswegen-die-kuendigung-ein\/#primaryimage\"},\"image\":{\"@id\":\"https:\/\/www.jobcloud.ch\/c\/de-ch\/blog\/2014\/09\/unzufrieden-mit-dem-chef-62-reichen-deswegen-die-kuendigung-ein\/#primaryimage\"},\"thumbnailUrl\":\"https:\/\/www.jobcloud.ch\/wp-content\/uploads\/2014\/09\/Schweiz-fuehrt-Summary-Grafik-1-scaled.jpg\",\"datePublished\":\"2014-09-08T08:25:38+00:00\",\"dateModified\":\"2020-12-09T17:29:15+00:00\",\"inLanguage\":\"de-CH\",\"potentialAction\":[{\"@type\":\"ReadAction\",\"target\":[\"https:\/\/www.jobcloud.ch\/c\/de-ch\/blog\/2014\/09\/unzufrieden-mit-dem-chef-62-reichen-deswegen-die-kuendigung-ein\/\"]}]},{\"@type\":\"ImageObject\",\"inLanguage\":\"de-CH\",\"@id\":\"https:\/\/www.jobcloud.ch\/c\/de-ch\/blog\/2014\/09\/unzufrieden-mit-dem-chef-62-reichen-deswegen-die-kuendigung-ein\/#primaryimage\",\"url\":\"https:\/\/www.jobcloud.ch\/wp-content\/uploads\/2014\/09\/Schweiz-fuehrt-Summary-Grafik-1-scaled.jpg\",\"contentUrl\":\"https:\/\/www.jobcloud.ch\/wp-content\/uploads\/2014\/09\/Schweiz-fuehrt-Summary-Grafik-1-scaled.jpg\",\"width\":2560,\"height\":1810},{\"@type\":\"WebSite\",\"@id\":\"https:\/\/www.jobcloud.ch\/c\/de-ch\/#website\",\"url\":\"https:\/\/www.jobcloud.ch\/c\/de-ch\/\",\"name\":\"JobCloud\",\"description\":\"JobCloud is the leading job portal for jobseekers in Switzerland\",\"publisher\":{\"@id\":\"https:\/\/www.jobcloud.ch\/c\/de-ch\/#organization\"},\"potentialAction\":[{\"@type\":\"SearchAction\",\"target\":{\"@type\":\"EntryPoint\",\"urlTemplate\":\"https:\/\/www.jobcloud.ch\/c\/de-ch\/?s={search_term_string}\"},\"query-input\":{\"@type\":\"PropertyValueSpecification\",\"valueRequired\":true,\"valueName\":\"search_term_string\"}}],\"inLanguage\":\"de-CH\"},{\"@type\":\"Organization\",\"@id\":\"https:\/\/www.jobcloud.ch\/c\/de-ch\/#organization\",\"name\":\"JobCloud\",\"url\":\"https:\/\/www.jobcloud.ch\/c\/de-ch\/\",\"logo\":{\"@type\":\"ImageObject\",\"inLanguage\":\"de-CH\",\"@id\":\"https:\/\/www.jobcloud.ch\/c\/de-ch\/#\/schema\/logo\/image\/\",\"url\":\"https:\/\/www.jobcloud.ch\/wp-content\/uploads\/2020\/02\/jobcloude-logo.svg\",\"contentUrl\":\"https:\/\/www.jobcloud.ch\/wp-content\/uploads\/2020\/02\/jobcloude-logo.svg\",\"width\":160,\"height\":37,\"caption\":\"JobCloud\"},\"image\":{\"@id\":\"https:\/\/www.jobcloud.ch\/c\/de-ch\/#\/schema\/logo\/image\/\"}},{\"@type\":\"Person\",\"@id\":\"https:\/\/www.jobcloud.ch\/c\/de-ch\/#\/schema\/person\/77630b275e0f27fc4e48d5a2367855af\",\"name\":\"Rebekka H\u00e4nggi\",\"image\":{\"@type\":\"ImageObject\",\"inLanguage\":\"de-CH\",\"@id\":\"https:\/\/www.jobcloud.ch\/wp-content\/uploads\/2021\/01\/Rebekka-Haenggi_avatar-96x96.jpg\",\"url\":\"https:\/\/www.jobcloud.ch\/wp-content\/uploads\/2021\/01\/Rebekka-Haenggi_avatar-96x96.jpg\",\"contentUrl\":\"https:\/\/www.jobcloud.ch\/wp-content\/uploads\/2021\/01\/Rebekka-Haenggi_avatar-96x96.jpg\",\"caption\":\"Rebekka H\u00e4nggi\"},\"description\":\"Depuis janvier 2013, je suis en charge de la communication de JobCloud SA. Avant cela, je travaillais dans le d\u00e9partement marketing au sein de la soci\u00e9t\u00e9 Jobup AG. Le domaine du marketing et de la communication est ma passion et cela fait maintenant 8 ans que je m\u2019occupe des sujets relatifs aux RH Management. J\u2019ai un fort attrait pour le marketing du personnel, le recrutement en ligne et la direction du personnel, sujets que j\u2019aborderai sur notre blog. En outre, je vous donnerai un coup d\u2019\u0153il dans les coulisses de JobCloud en m\u2019exprimant sur la vie et le travail chez nous.\",\"sameAs\":[\"https:\/\/www.linkedin.com\/in\/rebekka-hnggi-affolter-9678b142\"],\"url\":\"https:\/\/www.jobcloud.ch\/c\/de-ch\/blog\/author\/rebekka\/\"}]}<\/script>\n<!-- \/ Yoast SEO plugin. -->","yoast_head_json":{"title":"Unzufrieden mit dem Chef: 62% reichen deswegen die K\u00fcndigung ein | JobCloud","robots":{"index":"index","follow":"follow","max-snippet":"max-snippet:-1","max-image-preview":"max-image-preview:large","max-video-preview":"max-video-preview:-1"},"canonical":"https:\/\/www.jobcloud.ch\/c\/de-ch\/blog\/2014\/09\/unzufrieden-mit-dem-chef-62-reichen-deswegen-die-kuendigung-ein\/","og_locale":"de_DE","og_type":"article","og_title":"Unzufrieden mit dem Chef: 62% reichen deswegen die K\u00fcndigung ein | JobCloud","og_description":"Und nicht nur das: 37% sind sogar der Meinung, sie w\u00e4ren f\u00fcr den Job ihres Chefs besser geeignet. Daf\u00fcr herrscht grosse Einigkeit...","og_url":"https:\/\/www.jobcloud.ch\/c\/de-ch\/blog\/2014\/09\/unzufrieden-mit-dem-chef-62-reichen-deswegen-die-kuendigung-ein\/","og_site_name":"JobCloud","article_published_time":"2014-09-08T08:25:38+00:00","article_modified_time":"2020-12-09T17:29:15+00:00","og_image":[{"width":2560,"height":1810,"url":"https:\/\/www.jobcloud.ch\/wp-content\/uploads\/2014\/09\/Schweiz-fuehrt-Summary-Grafik-1-scaled.jpg","type":"image\/jpeg"}],"author":"Rebekka H\u00e4nggi","twitter_card":"summary_large_image","twitter_misc":{"Geschrieben von":"Rebekka H\u00e4nggi","Gesch\u00e4tzte Lesezeit":"3\u00a0Minuten"},"schema":{"@context":"https:\/\/schema.org","@graph":[{"@type":"Article","@id":"https:\/\/www.jobcloud.ch\/c\/de-ch\/blog\/2014\/09\/unzufrieden-mit-dem-chef-62-reichen-deswegen-die-kuendigung-ein\/#article","isPartOf":{"@id":"https:\/\/www.jobcloud.ch\/c\/de-ch\/blog\/2014\/09\/unzufrieden-mit-dem-chef-62-reichen-deswegen-die-kuendigung-ein\/"},"author":{"name":"Rebekka H\u00e4nggi","@id":"https:\/\/www.jobcloud.ch\/c\/de-ch\/#\/schema\/person\/77630b275e0f27fc4e48d5a2367855af"},"headline":"Unzufrieden mit dem Chef: 62% reichen deswegen die K\u00fcndigung ein","datePublished":"2014-09-08T08:25:38+00:00","dateModified":"2020-12-09T17:29:15+00:00","mainEntityOfPage":{"@id":"https:\/\/www.jobcloud.ch\/c\/de-ch\/blog\/2014\/09\/unzufrieden-mit-dem-chef-62-reichen-deswegen-die-kuendigung-ein\/"},"wordCount":618,"commentCount":0,"publisher":{"@id":"https:\/\/www.jobcloud.ch\/c\/de-ch\/#organization"},"image":{"@id":"https:\/\/www.jobcloud.ch\/c\/de-ch\/blog\/2014\/09\/unzufrieden-mit-dem-chef-62-reichen-deswegen-die-kuendigung-ein\/#primaryimage"},"thumbnailUrl":"https:\/\/www.jobcloud.ch\/wp-content\/uploads\/2014\/09\/Schweiz-fuehrt-Summary-Grafik-1-scaled.jpg","keywords":["Mitarbeiter","Studie","Team"],"articleSection":["HR &amp; Talent Management","Trends &amp; Studien"],"inLanguage":"de-CH","potentialAction":[{"@type":"CommentAction","name":"Comment","target":["https:\/\/www.jobcloud.ch\/c\/de-ch\/blog\/2014\/09\/unzufrieden-mit-dem-chef-62-reichen-deswegen-die-kuendigung-ein\/#respond"]}]},{"@type":"WebPage","@id":"https:\/\/www.jobcloud.ch\/c\/de-ch\/blog\/2014\/09\/unzufrieden-mit-dem-chef-62-reichen-deswegen-die-kuendigung-ein\/","url":"https:\/\/www.jobcloud.ch\/c\/de-ch\/blog\/2014\/09\/unzufrieden-mit-dem-chef-62-reichen-deswegen-die-kuendigung-ein\/","name":"Unzufrieden mit dem Chef: 62% reichen deswegen die K\u00fcndigung ein | JobCloud","isPartOf":{"@id":"https:\/\/www.jobcloud.ch\/c\/de-ch\/#website"},"primaryImageOfPage":{"@id":"https:\/\/www.jobcloud.ch\/c\/de-ch\/blog\/2014\/09\/unzufrieden-mit-dem-chef-62-reichen-deswegen-die-kuendigung-ein\/#primaryimage"},"image":{"@id":"https:\/\/www.jobcloud.ch\/c\/de-ch\/blog\/2014\/09\/unzufrieden-mit-dem-chef-62-reichen-deswegen-die-kuendigung-ein\/#primaryimage"},"thumbnailUrl":"https:\/\/www.jobcloud.ch\/wp-content\/uploads\/2014\/09\/Schweiz-fuehrt-Summary-Grafik-1-scaled.jpg","datePublished":"2014-09-08T08:25:38+00:00","dateModified":"2020-12-09T17:29:15+00:00","inLanguage":"de-CH","potentialAction":[{"@type":"ReadAction","target":["https:\/\/www.jobcloud.ch\/c\/de-ch\/blog\/2014\/09\/unzufrieden-mit-dem-chef-62-reichen-deswegen-die-kuendigung-ein\/"]}]},{"@type":"ImageObject","inLanguage":"de-CH","@id":"https:\/\/www.jobcloud.ch\/c\/de-ch\/blog\/2014\/09\/unzufrieden-mit-dem-chef-62-reichen-deswegen-die-kuendigung-ein\/#primaryimage","url":"https:\/\/www.jobcloud.ch\/wp-content\/uploads\/2014\/09\/Schweiz-fuehrt-Summary-Grafik-1-scaled.jpg","contentUrl":"https:\/\/www.jobcloud.ch\/wp-content\/uploads\/2014\/09\/Schweiz-fuehrt-Summary-Grafik-1-scaled.jpg","width":2560,"height":1810},{"@type":"WebSite","@id":"https:\/\/www.jobcloud.ch\/c\/de-ch\/#website","url":"https:\/\/www.jobcloud.ch\/c\/de-ch\/","name":"JobCloud","description":"JobCloud is the leading job portal for jobseekers in Switzerland","publisher":{"@id":"https:\/\/www.jobcloud.ch\/c\/de-ch\/#organization"},"potentialAction":[{"@type":"SearchAction","target":{"@type":"EntryPoint","urlTemplate":"https:\/\/www.jobcloud.ch\/c\/de-ch\/?s={search_term_string}"},"query-input":{"@type":"PropertyValueSpecification","valueRequired":true,"valueName":"search_term_string"}}],"inLanguage":"de-CH"},{"@type":"Organization","@id":"https:\/\/www.jobcloud.ch\/c\/de-ch\/#organization","name":"JobCloud","url":"https:\/\/www.jobcloud.ch\/c\/de-ch\/","logo":{"@type":"ImageObject","inLanguage":"de-CH","@id":"https:\/\/www.jobcloud.ch\/c\/de-ch\/#\/schema\/logo\/image\/","url":"https:\/\/www.jobcloud.ch\/wp-content\/uploads\/2020\/02\/jobcloude-logo.svg","contentUrl":"https:\/\/www.jobcloud.ch\/wp-content\/uploads\/2020\/02\/jobcloude-logo.svg","width":160,"height":37,"caption":"JobCloud"},"image":{"@id":"https:\/\/www.jobcloud.ch\/c\/de-ch\/#\/schema\/logo\/image\/"}},{"@type":"Person","@id":"https:\/\/www.jobcloud.ch\/c\/de-ch\/#\/schema\/person\/77630b275e0f27fc4e48d5a2367855af","name":"Rebekka H\u00e4nggi","image":{"@type":"ImageObject","inLanguage":"de-CH","@id":"https:\/\/www.jobcloud.ch\/wp-content\/uploads\/2021\/01\/Rebekka-Haenggi_avatar-96x96.jpg","url":"https:\/\/www.jobcloud.ch\/wp-content\/uploads\/2021\/01\/Rebekka-Haenggi_avatar-96x96.jpg","contentUrl":"https:\/\/www.jobcloud.ch\/wp-content\/uploads\/2021\/01\/Rebekka-Haenggi_avatar-96x96.jpg","caption":"Rebekka H\u00e4nggi"},"description":"Depuis janvier 2013, je suis en charge de la communication de JobCloud SA. Avant cela, je travaillais dans le d\u00e9partement marketing au sein de la soci\u00e9t\u00e9 Jobup AG. Le domaine du marketing et de la communication est ma passion et cela fait maintenant 8 ans que je m\u2019occupe des sujets relatifs aux RH Management. J\u2019ai un fort attrait pour le marketing du personnel, le recrutement en ligne et la direction du personnel, sujets que j\u2019aborderai sur notre blog. En outre, je vous donnerai un coup d\u2019\u0153il dans les coulisses de JobCloud en m\u2019exprimant sur la vie et le travail chez nous.","sameAs":["https:\/\/www.linkedin.com\/in\/rebekka-hnggi-affolter-9678b142"],"url":"https:\/\/www.jobcloud.ch\/c\/de-ch\/blog\/author\/rebekka\/"}]}},"_links":{"self":[{"href":"https:\/\/www.jobcloud.ch\/c\/de-ch\/wp-json\/wp\/v2\/posts\/3292","targetHints":{"allow":["GET"]}}],"collection":[{"href":"https:\/\/www.jobcloud.ch\/c\/de-ch\/wp-json\/wp\/v2\/posts"}],"about":[{"href":"https:\/\/www.jobcloud.ch\/c\/de-ch\/wp-json\/wp\/v2\/types\/post"}],"author":[{"embeddable":true,"href":"https:\/\/www.jobcloud.ch\/c\/de-ch\/wp-json\/wp\/v2\/users\/12"}],"replies":[{"embeddable":true,"href":"https:\/\/www.jobcloud.ch\/c\/de-ch\/wp-json\/wp\/v2\/comments?post=3292"}],"version-history":[{"count":0,"href":"https:\/\/www.jobcloud.ch\/c\/de-ch\/wp-json\/wp\/v2\/posts\/3292\/revisions"}],"wp:featuredmedia":[{"embeddable":true,"href":"https:\/\/www.jobcloud.ch\/c\/de-ch\/wp-json\/wp\/v2\/media\/3297"}],"wp:attachment":[{"href":"https:\/\/www.jobcloud.ch\/c\/de-ch\/wp-json\/wp\/v2\/media?parent=3292"}],"wp:term":[{"taxonomy":"category","embeddable":true,"href":"https:\/\/www.jobcloud.ch\/c\/de-ch\/wp-json\/wp\/v2\/categories?post=3292"},{"taxonomy":"post_tag","embeddable":true,"href":"https:\/\/www.jobcloud.ch\/c\/de-ch\/wp-json\/wp\/v2\/tags?post=3292"}],"curies":[{"name":"wp","href":"https:\/\/api.w.org\/{rel}","templated":true}]}}