     {"id":21260,"date":"2020-03-15T19:57:07","date_gmt":"2020-03-15T17:57:07","guid":{"rendered":"https:\/\/www.jobcloud.ch\/c\/de-ch\/?p=21260"},"modified":"2020-03-15T19:57:07","modified_gmt":"2020-03-15T17:57:07","slug":"rechtliche-verpflichtungen-und-moeglichkeiten-fuer-arbeitgeber-rund-um-das-coronavirus","status":"publish","type":"post","link":"https:\/\/www.jobcloud.ch\/c\/de-ch\/blog\/2020\/03\/rechtliche-verpflichtungen-und-moeglichkeiten-fuer-arbeitgeber-rund-um-das-coronavirus\/","title":{"rendered":"Rechtliche Verpflichtungen und M\u00f6glichkeiten f\u00fcr Arbeitgeber rund um das Coronavirus"},"content":{"rendered":"","protected":false},"excerpt":{"rendered":"","protected":false},"author":27,"featured_media":21261,"comment_status":"open","ping_status":"closed","sticky":false,"template":"","format":"standard","meta":{"_acf_changed":false,"inline_featured_image":false,"footnotes":""},"categories":[1116],"tags":[1117,1635,1636,1637,1638],"class_list":["post-21260","post","type-post","status-publish","format-standard","has-post-thumbnail","hentry","category-arbeitsrecht","tag-arbeitsrecht","tag-coronavirus","tag-mitarbeiterschutz-corona","tag-schutz-vor-corona","tag-verpflichtungen-bei-corona"],"acf":[],"yoast_head":"<!-- This site is optimized with the Yoast SEO plugin v27.2 - https:\/\/yoast.com\/product\/yoast-seo-wordpress\/ -->\n<title>Rechtliche Verpflichtungen und M\u00f6glichkeiten f\u00fcr Arbeitgeber rund um das Coronavirus | JobCloud<\/title>\n<meta name=\"description\" content=\"Rund um das Coronavirus entstehen auch f\u00fcr die Arbeitgeber unz\u00e4hlige Fragen, wie sie sich verhalten und ihre Mitarbeitenden sch\u00fctzen sollen und was ihnen das Gesetz vorschreibt. Roland Bachmann, Fachanwalt f\u00fcr Arbeitsrecht, hat die Antworten.\" \/>\n<meta name=\"robots\" content=\"index, follow, max-snippet:-1, max-image-preview:large, max-video-preview:-1\" \/>\n<link rel=\"canonical\" href=\"https:\/\/www.jobcloud.ch\/c\/de-ch\/blog\/2020\/03\/rechtliche-verpflichtungen-und-moeglichkeiten-fuer-arbeitgeber-rund-um-das-coronavirus\/\" \/>\n<meta property=\"og:locale\" content=\"de_DE\" \/>\n<meta property=\"og:type\" content=\"article\" \/>\n<meta property=\"og:title\" content=\"Rechtliche Verpflichtungen und M\u00f6glichkeiten f\u00fcr Arbeitgeber rund um das Coronavirus | JobCloud\" \/>\n<meta property=\"og:description\" content=\"Rund um das Coronavirus entstehen auch f\u00fcr die Arbeitgeber unz\u00e4hlige Fragen, wie sie sich verhalten und ihre Mitarbeitenden sch\u00fctzen sollen und was ihnen das Gesetz vorschreibt. Roland Bachmann, Fachanwalt f\u00fcr Arbeitsrecht, hat die Antworten.\" \/>\n<meta property=\"og:url\" content=\"https:\/\/www.jobcloud.ch\/c\/de-ch\/blog\/2020\/03\/rechtliche-verpflichtungen-und-moeglichkeiten-fuer-arbeitgeber-rund-um-das-coronavirus\/\" \/>\n<meta property=\"og:site_name\" content=\"JobCloud\" \/>\n<meta property=\"article:published_time\" content=\"2020-03-15T17:57:07+00:00\" \/>\n<meta property=\"og:image\" content=\"https:\/\/www.jobcloud.ch\/wp-content\/uploads\/2020\/03\/corona-1.jpeg\" \/>\n\t<meta property=\"og:image:width\" content=\"1024\" \/>\n\t<meta property=\"og:image:height\" content=\"401\" \/>\n\t<meta property=\"og:image:type\" content=\"image\/jpeg\" \/>\n<meta name=\"author\" content=\"Mathias Steger\" \/>\n<meta name=\"twitter:card\" content=\"summary_large_image\" \/>\n<meta name=\"twitter:label1\" content=\"Geschrieben von\" \/>\n\t<meta name=\"twitter:data1\" content=\"Mathias Steger\" \/>\n<script type=\"application\/ld+json\" class=\"yoast-schema-graph\">{\"@context\":\"https:\/\/schema.org\",\"@graph\":[{\"@type\":\"Article\",\"@id\":\"https:\/\/www.jobcloud.ch\/c\/de-ch\/blog\/2020\/03\/rechtliche-verpflichtungen-und-moeglichkeiten-fuer-arbeitgeber-rund-um-das-coronavirus\/#article\",\"isPartOf\":{\"@id\":\"https:\/\/www.jobcloud.ch\/c\/de-ch\/blog\/2020\/03\/rechtliche-verpflichtungen-und-moeglichkeiten-fuer-arbeitgeber-rund-um-das-coronavirus\/\"},\"author\":{\"name\":\"Mathias Steger\",\"@id\":\"https:\/\/www.jobcloud.ch\/c\/de-ch\/#\/schema\/person\/1f8af37d814987189cbef1b058a084a4\"},\"headline\":\"Rechtliche Verpflichtungen und M\u00f6glichkeiten f\u00fcr Arbeitgeber rund um das Coronavirus\",\"datePublished\":\"2020-03-15T17:57:07+00:00\",\"mainEntityOfPage\":{\"@id\":\"https:\/\/www.jobcloud.ch\/c\/de-ch\/blog\/2020\/03\/rechtliche-verpflichtungen-und-moeglichkeiten-fuer-arbeitgeber-rund-um-das-coronavirus\/\"},\"wordCount\":12,\"commentCount\":6,\"publisher\":{\"@id\":\"https:\/\/www.jobcloud.ch\/c\/de-ch\/#organization\"},\"image\":{\"@id\":\"https:\/\/www.jobcloud.ch\/c\/de-ch\/blog\/2020\/03\/rechtliche-verpflichtungen-und-moeglichkeiten-fuer-arbeitgeber-rund-um-das-coronavirus\/#primaryimage\"},\"thumbnailUrl\":\"https:\/\/www.jobcloud.ch\/wp-content\/uploads\/2020\/03\/corona-1.jpeg\",\"keywords\":[\"Arbeitsrecht\",\"Coronavirus\",\"Mitarbeiterschutz Corona\",\"Schutz vor Corona\",\"Verpflichtungen bei Corona\"],\"articleSection\":[\"Arbeitsrecht\"],\"inLanguage\":\"de-CH\",\"potentialAction\":[{\"@type\":\"CommentAction\",\"name\":\"Comment\",\"target\":[\"https:\/\/www.jobcloud.ch\/c\/de-ch\/blog\/2020\/03\/rechtliche-verpflichtungen-und-moeglichkeiten-fuer-arbeitgeber-rund-um-das-coronavirus\/#respond\"]}]},{\"@type\":\"WebPage\",\"@id\":\"https:\/\/www.jobcloud.ch\/c\/de-ch\/blog\/2020\/03\/rechtliche-verpflichtungen-und-moeglichkeiten-fuer-arbeitgeber-rund-um-das-coronavirus\/\",\"url\":\"https:\/\/www.jobcloud.ch\/c\/de-ch\/blog\/2020\/03\/rechtliche-verpflichtungen-und-moeglichkeiten-fuer-arbeitgeber-rund-um-das-coronavirus\/\",\"name\":\"Rechtliche Verpflichtungen und M\u00f6glichkeiten f\u00fcr Arbeitgeber rund um das Coronavirus | JobCloud\",\"isPartOf\":{\"@id\":\"https:\/\/www.jobcloud.ch\/c\/de-ch\/#website\"},\"primaryImageOfPage\":{\"@id\":\"https:\/\/www.jobcloud.ch\/c\/de-ch\/blog\/2020\/03\/rechtliche-verpflichtungen-und-moeglichkeiten-fuer-arbeitgeber-rund-um-das-coronavirus\/#primaryimage\"},\"image\":{\"@id\":\"https:\/\/www.jobcloud.ch\/c\/de-ch\/blog\/2020\/03\/rechtliche-verpflichtungen-und-moeglichkeiten-fuer-arbeitgeber-rund-um-das-coronavirus\/#primaryimage\"},\"thumbnailUrl\":\"https:\/\/www.jobcloud.ch\/wp-content\/uploads\/2020\/03\/corona-1.jpeg\",\"datePublished\":\"2020-03-15T17:57:07+00:00\",\"description\":\"Rund um das Coronavirus entstehen auch f\u00fcr die Arbeitgeber unz\u00e4hlige Fragen, wie sie sich verhalten und ihre Mitarbeitenden sch\u00fctzen sollen und was ihnen das Gesetz vorschreibt. Roland Bachmann, Fachanwalt f\u00fcr Arbeitsrecht, hat die Antworten.\",\"breadcrumb\":{\"@id\":\"https:\/\/www.jobcloud.ch\/c\/de-ch\/blog\/2020\/03\/rechtliche-verpflichtungen-und-moeglichkeiten-fuer-arbeitgeber-rund-um-das-coronavirus\/#breadcrumb\"},\"inLanguage\":\"de-CH\",\"potentialAction\":[{\"@type\":\"ReadAction\",\"target\":[\"https:\/\/www.jobcloud.ch\/c\/de-ch\/blog\/2020\/03\/rechtliche-verpflichtungen-und-moeglichkeiten-fuer-arbeitgeber-rund-um-das-coronavirus\/\"]}]},{\"@type\":\"ImageObject\",\"inLanguage\":\"de-CH\",\"@id\":\"https:\/\/www.jobcloud.ch\/c\/de-ch\/blog\/2020\/03\/rechtliche-verpflichtungen-und-moeglichkeiten-fuer-arbeitgeber-rund-um-das-coronavirus\/#primaryimage\",\"url\":\"https:\/\/www.jobcloud.ch\/wp-content\/uploads\/2020\/03\/corona-1.jpeg\",\"contentUrl\":\"https:\/\/www.jobcloud.ch\/wp-content\/uploads\/2020\/03\/corona-1.jpeg\",\"width\":1024,\"height\":401,\"caption\":\"Corona - rechtliche Infos\"},{\"@type\":\"BreadcrumbList\",\"@id\":\"https:\/\/www.jobcloud.ch\/c\/de-ch\/blog\/2020\/03\/rechtliche-verpflichtungen-und-moeglichkeiten-fuer-arbeitgeber-rund-um-das-coronavirus\/#breadcrumb\",\"itemListElement\":[{\"@type\":\"ListItem\",\"position\":1,\"name\":\"Wettbewerbskommission stimmt \u00dcbernahme von jobs.ch durch Ringier und Tamedia zu\",\"item\":\"https:\/\/www.jobcloud.ch\/c\/de-ch\/blog\/press-release\/wettbewerbskommission-stimmt-ubernahme-von-jobs-ch-durch-ringier-und-tamedia-zu\/\"},{\"@type\":\"ListItem\",\"position\":2,\"name\":\"Rechtliche Verpflichtungen und M\u00f6glichkeiten f\u00fcr Arbeitgeber rund um das Coronavirus\"}]},{\"@type\":\"WebSite\",\"@id\":\"https:\/\/www.jobcloud.ch\/c\/de-ch\/#website\",\"url\":\"https:\/\/www.jobcloud.ch\/c\/de-ch\/\",\"name\":\"JobCloud\",\"description\":\"JobCloud is the leading job portal for jobseekers in Switzerland\",\"publisher\":{\"@id\":\"https:\/\/www.jobcloud.ch\/c\/de-ch\/#organization\"},\"potentialAction\":[{\"@type\":\"SearchAction\",\"target\":{\"@type\":\"EntryPoint\",\"urlTemplate\":\"https:\/\/www.jobcloud.ch\/c\/de-ch\/?s={search_term_string}\"},\"query-input\":{\"@type\":\"PropertyValueSpecification\",\"valueRequired\":true,\"valueName\":\"search_term_string\"}}],\"inLanguage\":\"de-CH\"},{\"@type\":\"Organization\",\"@id\":\"https:\/\/www.jobcloud.ch\/c\/de-ch\/#organization\",\"name\":\"JobCloud\",\"url\":\"https:\/\/www.jobcloud.ch\/c\/de-ch\/\",\"logo\":{\"@type\":\"ImageObject\",\"inLanguage\":\"de-CH\",\"@id\":\"https:\/\/www.jobcloud.ch\/c\/de-ch\/#\/schema\/logo\/image\/\",\"url\":\"https:\/\/www.jobcloud.ch\/wp-content\/uploads\/2020\/02\/jobcloude-logo.svg\",\"contentUrl\":\"https:\/\/www.jobcloud.ch\/wp-content\/uploads\/2020\/02\/jobcloude-logo.svg\",\"width\":160,\"height\":37,\"caption\":\"JobCloud\"},\"image\":{\"@id\":\"https:\/\/www.jobcloud.ch\/c\/de-ch\/#\/schema\/logo\/image\/\"}},{\"@type\":\"Person\",\"@id\":\"https:\/\/www.jobcloud.ch\/c\/de-ch\/#\/schema\/person\/1f8af37d814987189cbef1b058a084a4\",\"name\":\"Mathias Steger\",\"image\":{\"@type\":\"ImageObject\",\"inLanguage\":\"de-CH\",\"@id\":\"https:\/\/www.jobcloud.ch\/wp-content\/uploads\/2021\/01\/Mathias-Steger_avatar-96x96.png\",\"url\":\"https:\/\/www.jobcloud.ch\/wp-content\/uploads\/2021\/01\/Mathias-Steger_avatar-96x96.png\",\"contentUrl\":\"https:\/\/www.jobcloud.ch\/wp-content\/uploads\/2021\/01\/Mathias-Steger_avatar-96x96.png\",\"caption\":\"Mathias Steger\"},\"sameAs\":[\"https:\/\/www.linkedin.com\/in\/mathias-steger-52164a11b?\"],\"url\":\"https:\/\/www.jobcloud.ch\/c\/de-ch\/blog\/author\/msteger\/\"}]}<\/script>\n<!-- \/ Yoast SEO plugin. -->","yoast_head_json":{"title":"Rechtliche Verpflichtungen und M\u00f6glichkeiten f\u00fcr Arbeitgeber rund um das Coronavirus | JobCloud","description":"Rund um das Coronavirus entstehen auch f\u00fcr die Arbeitgeber unz\u00e4hlige Fragen, wie sie sich verhalten und ihre Mitarbeitenden sch\u00fctzen sollen und was ihnen das Gesetz vorschreibt. Roland Bachmann, Fachanwalt f\u00fcr Arbeitsrecht, hat die Antworten.","robots":{"index":"index","follow":"follow","max-snippet":"max-snippet:-1","max-image-preview":"max-image-preview:large","max-video-preview":"max-video-preview:-1"},"canonical":"https:\/\/www.jobcloud.ch\/c\/de-ch\/blog\/2020\/03\/rechtliche-verpflichtungen-und-moeglichkeiten-fuer-arbeitgeber-rund-um-das-coronavirus\/","og_locale":"de_DE","og_type":"article","og_title":"Rechtliche Verpflichtungen und M\u00f6glichkeiten f\u00fcr Arbeitgeber rund um das Coronavirus | JobCloud","og_description":"Rund um das Coronavirus entstehen auch f\u00fcr die Arbeitgeber unz\u00e4hlige Fragen, wie sie sich verhalten und ihre Mitarbeitenden sch\u00fctzen sollen und was ihnen das Gesetz vorschreibt. Roland Bachmann, Fachanwalt f\u00fcr Arbeitsrecht, hat die Antworten.","og_url":"https:\/\/www.jobcloud.ch\/c\/de-ch\/blog\/2020\/03\/rechtliche-verpflichtungen-und-moeglichkeiten-fuer-arbeitgeber-rund-um-das-coronavirus\/","og_site_name":"JobCloud","article_published_time":"2020-03-15T17:57:07+00:00","og_image":[{"width":1024,"height":401,"url":"https:\/\/www.jobcloud.ch\/wp-content\/uploads\/2020\/03\/corona-1.jpeg","type":"image\/jpeg"}],"author":"Mathias Steger","twitter_card":"summary_large_image","twitter_misc":{"Geschrieben von":"Mathias Steger"},"schema":{"@context":"https:\/\/schema.org","@graph":[{"@type":"Article","@id":"https:\/\/www.jobcloud.ch\/c\/de-ch\/blog\/2020\/03\/rechtliche-verpflichtungen-und-moeglichkeiten-fuer-arbeitgeber-rund-um-das-coronavirus\/#article","isPartOf":{"@id":"https:\/\/www.jobcloud.ch\/c\/de-ch\/blog\/2020\/03\/rechtliche-verpflichtungen-und-moeglichkeiten-fuer-arbeitgeber-rund-um-das-coronavirus\/"},"author":{"name":"Mathias Steger","@id":"https:\/\/www.jobcloud.ch\/c\/de-ch\/#\/schema\/person\/1f8af37d814987189cbef1b058a084a4"},"headline":"Rechtliche Verpflichtungen und M\u00f6glichkeiten f\u00fcr Arbeitgeber rund um das Coronavirus","datePublished":"2020-03-15T17:57:07+00:00","mainEntityOfPage":{"@id":"https:\/\/www.jobcloud.ch\/c\/de-ch\/blog\/2020\/03\/rechtliche-verpflichtungen-und-moeglichkeiten-fuer-arbeitgeber-rund-um-das-coronavirus\/"},"wordCount":12,"commentCount":6,"publisher":{"@id":"https:\/\/www.jobcloud.ch\/c\/de-ch\/#organization"},"image":{"@id":"https:\/\/www.jobcloud.ch\/c\/de-ch\/blog\/2020\/03\/rechtliche-verpflichtungen-und-moeglichkeiten-fuer-arbeitgeber-rund-um-das-coronavirus\/#primaryimage"},"thumbnailUrl":"https:\/\/www.jobcloud.ch\/wp-content\/uploads\/2020\/03\/corona-1.jpeg","keywords":["Arbeitsrecht","Coronavirus","Mitarbeiterschutz Corona","Schutz vor Corona","Verpflichtungen bei Corona"],"articleSection":["Arbeitsrecht"],"inLanguage":"de-CH","potentialAction":[{"@type":"CommentAction","name":"Comment","target":["https:\/\/www.jobcloud.ch\/c\/de-ch\/blog\/2020\/03\/rechtliche-verpflichtungen-und-moeglichkeiten-fuer-arbeitgeber-rund-um-das-coronavirus\/#respond"]}]},{"@type":"WebPage","@id":"https:\/\/www.jobcloud.ch\/c\/de-ch\/blog\/2020\/03\/rechtliche-verpflichtungen-und-moeglichkeiten-fuer-arbeitgeber-rund-um-das-coronavirus\/","url":"https:\/\/www.jobcloud.ch\/c\/de-ch\/blog\/2020\/03\/rechtliche-verpflichtungen-und-moeglichkeiten-fuer-arbeitgeber-rund-um-das-coronavirus\/","name":"Rechtliche Verpflichtungen und M\u00f6glichkeiten f\u00fcr Arbeitgeber rund um das Coronavirus | JobCloud","isPartOf":{"@id":"https:\/\/www.jobcloud.ch\/c\/de-ch\/#website"},"primaryImageOfPage":{"@id":"https:\/\/www.jobcloud.ch\/c\/de-ch\/blog\/2020\/03\/rechtliche-verpflichtungen-und-moeglichkeiten-fuer-arbeitgeber-rund-um-das-coronavirus\/#primaryimage"},"image":{"@id":"https:\/\/www.jobcloud.ch\/c\/de-ch\/blog\/2020\/03\/rechtliche-verpflichtungen-und-moeglichkeiten-fuer-arbeitgeber-rund-um-das-coronavirus\/#primaryimage"},"thumbnailUrl":"https:\/\/www.jobcloud.ch\/wp-content\/uploads\/2020\/03\/corona-1.jpeg","datePublished":"2020-03-15T17:57:07+00:00","description":"Rund um das Coronavirus entstehen auch f\u00fcr die Arbeitgeber unz\u00e4hlige Fragen, wie sie sich verhalten und ihre Mitarbeitenden sch\u00fctzen sollen und was ihnen das Gesetz vorschreibt. Roland Bachmann, Fachanwalt f\u00fcr Arbeitsrecht, hat die Antworten.","breadcrumb":{"@id":"https:\/\/www.jobcloud.ch\/c\/de-ch\/blog\/2020\/03\/rechtliche-verpflichtungen-und-moeglichkeiten-fuer-arbeitgeber-rund-um-das-coronavirus\/#breadcrumb"},"inLanguage":"de-CH","potentialAction":[{"@type":"ReadAction","target":["https:\/\/www.jobcloud.ch\/c\/de-ch\/blog\/2020\/03\/rechtliche-verpflichtungen-und-moeglichkeiten-fuer-arbeitgeber-rund-um-das-coronavirus\/"]}]},{"@type":"ImageObject","inLanguage":"de-CH","@id":"https:\/\/www.jobcloud.ch\/c\/de-ch\/blog\/2020\/03\/rechtliche-verpflichtungen-und-moeglichkeiten-fuer-arbeitgeber-rund-um-das-coronavirus\/#primaryimage","url":"https:\/\/www.jobcloud.ch\/wp-content\/uploads\/2020\/03\/corona-1.jpeg","contentUrl":"https:\/\/www.jobcloud.ch\/wp-content\/uploads\/2020\/03\/corona-1.jpeg","width":1024,"height":401,"caption":"Corona - rechtliche Infos"},{"@type":"BreadcrumbList","@id":"https:\/\/www.jobcloud.ch\/c\/de-ch\/blog\/2020\/03\/rechtliche-verpflichtungen-und-moeglichkeiten-fuer-arbeitgeber-rund-um-das-coronavirus\/#breadcrumb","itemListElement":[{"@type":"ListItem","position":1,"name":"Wettbewerbskommission stimmt \u00dcbernahme von jobs.ch durch Ringier und Tamedia zu","item":"https:\/\/www.jobcloud.ch\/c\/de-ch\/blog\/press-release\/wettbewerbskommission-stimmt-ubernahme-von-jobs-ch-durch-ringier-und-tamedia-zu\/"},{"@type":"ListItem","position":2,"name":"Rechtliche Verpflichtungen und M\u00f6glichkeiten f\u00fcr Arbeitgeber rund um das Coronavirus"}]},{"@type":"WebSite","@id":"https:\/\/www.jobcloud.ch\/c\/de-ch\/#website","url":"https:\/\/www.jobcloud.ch\/c\/de-ch\/","name":"JobCloud","description":"JobCloud is the leading job portal for jobseekers in Switzerland","publisher":{"@id":"https:\/\/www.jobcloud.ch\/c\/de-ch\/#organization"},"potentialAction":[{"@type":"SearchAction","target":{"@type":"EntryPoint","urlTemplate":"https:\/\/www.jobcloud.ch\/c\/de-ch\/?s={search_term_string}"},"query-input":{"@type":"PropertyValueSpecification","valueRequired":true,"valueName":"search_term_string"}}],"inLanguage":"de-CH"},{"@type":"Organization","@id":"https:\/\/www.jobcloud.ch\/c\/de-ch\/#organization","name":"JobCloud","url":"https:\/\/www.jobcloud.ch\/c\/de-ch\/","logo":{"@type":"ImageObject","inLanguage":"de-CH","@id":"https:\/\/www.jobcloud.ch\/c\/de-ch\/#\/schema\/logo\/image\/","url":"https:\/\/www.jobcloud.ch\/wp-content\/uploads\/2020\/02\/jobcloude-logo.svg","contentUrl":"https:\/\/www.jobcloud.ch\/wp-content\/uploads\/2020\/02\/jobcloude-logo.svg","width":160,"height":37,"caption":"JobCloud"},"image":{"@id":"https:\/\/www.jobcloud.ch\/c\/de-ch\/#\/schema\/logo\/image\/"}},{"@type":"Person","@id":"https:\/\/www.jobcloud.ch\/c\/de-ch\/#\/schema\/person\/1f8af37d814987189cbef1b058a084a4","name":"Mathias Steger","image":{"@type":"ImageObject","inLanguage":"de-CH","@id":"https:\/\/www.jobcloud.ch\/wp-content\/uploads\/2021\/01\/Mathias-Steger_avatar-96x96.png","url":"https:\/\/www.jobcloud.ch\/wp-content\/uploads\/2021\/01\/Mathias-Steger_avatar-96x96.png","contentUrl":"https:\/\/www.jobcloud.ch\/wp-content\/uploads\/2021\/01\/Mathias-Steger_avatar-96x96.png","caption":"Mathias Steger"},"sameAs":["https:\/\/www.linkedin.com\/in\/mathias-steger-52164a11b?"],"url":"https:\/\/www.jobcloud.ch\/c\/de-ch\/blog\/author\/msteger\/"}]}},"_links":{"self":[{"href":"https:\/\/www.jobcloud.ch\/c\/de-ch\/wp-json\/wp\/v2\/posts\/21260","targetHints":{"allow":["GET"]}}],"collection":[{"href":"https:\/\/www.jobcloud.ch\/c\/de-ch\/wp-json\/wp\/v2\/posts"}],"about":[{"href":"https:\/\/www.jobcloud.ch\/c\/de-ch\/wp-json\/wp\/v2\/types\/post"}],"author":[{"embeddable":true,"href":"https:\/\/www.jobcloud.ch\/c\/de-ch\/wp-json\/wp\/v2\/users\/27"}],"replies":[{"embeddable":true,"href":"https:\/\/www.jobcloud.ch\/c\/de-ch\/wp-json\/wp\/v2\/comments?post=21260"}],"version-history":[{"count":0,"href":"https:\/\/www.jobcloud.ch\/c\/de-ch\/wp-json\/wp\/v2\/posts\/21260\/revisions"}],"wp:featuredmedia":[{"embeddable":true,"href":"https:\/\/www.jobcloud.ch\/c\/de-ch\/wp-json\/wp\/v2\/media\/21261"}],"wp:attachment":[{"href":"https:\/\/www.jobcloud.ch\/c\/de-ch\/wp-json\/wp\/v2\/media?parent=21260"}],"wp:term":[{"taxonomy":"category","embeddable":true,"href":"https:\/\/www.jobcloud.ch\/c\/de-ch\/wp-json\/wp\/v2\/categories?post=21260"},{"taxonomy":"post_tag","embeddable":true,"href":"https:\/\/www.jobcloud.ch\/c\/de-ch\/wp-json\/wp\/v2\/tags?post=21260"}],"curies":[{"name":"wp","href":"https:\/\/api.w.org\/{rel}","templated":true}]}}