     {"id":15397,"date":"2018-08-13T09:50:40","date_gmt":"2018-08-13T07:50:40","guid":{"rendered":"https:\/\/www.jobcloud.ch\/c\/de-ch\/?p=15397"},"modified":"2018-08-13T09:50:40","modified_gmt":"2018-08-13T07:50:40","slug":"unternehmen-aus-fast-allen-branchen-wollen-neue-stellen-schaffen","status":"publish","type":"post","link":"https:\/\/www.jobcloud.ch\/c\/de-ch\/blog\/2018\/08\/unternehmen-aus-fast-allen-branchen-wollen-neue-stellen-schaffen\/","title":{"rendered":"Unternehmen aus fast allen Branchen wollen neue Stellen schaffen"},"content":{"rendered":"","protected":false},"excerpt":{"rendered":"","protected":false},"author":12,"featured_media":15403,"comment_status":"open","ping_status":"closed","sticky":false,"template":"","format":"standard","meta":{"_acf_changed":false,"inline_featured_image":false,"footnotes":""},"categories":[898],"tags":[],"class_list":["post-15397","post","type-post","status-publish","format-standard","has-post-thumbnail","hentry","category-trends-studien"],"acf":[],"yoast_head":"<!-- This site is optimized with the Yoast SEO plugin v27.2 - https:\/\/yoast.com\/product\/yoast-seo-wordpress\/ -->\n<title>Unternehmen aus fast allen Branchen wollen neue Stellen schaffen | JobCloud<\/title>\n<meta name=\"description\" content=\"Es gibt positive News f\u00fcr den Schweizer Arbeitsmarkt! Laut KOF Besch\u00e4ftigungsindikator vom 2. Quartal 2018 m\u00f6chten Unternehmen zus\u00e4tzliche Stellen schaffen.\" \/>\n<meta name=\"robots\" content=\"index, follow, max-snippet:-1, max-image-preview:large, max-video-preview:-1\" \/>\n<link rel=\"canonical\" href=\"https:\/\/www.jobcloud.ch\/c\/de-ch\/blog\/2018\/08\/unternehmen-aus-fast-allen-branchen-wollen-neue-stellen-schaffen\/\" \/>\n<meta property=\"og:locale\" content=\"de_DE\" \/>\n<meta property=\"og:type\" content=\"article\" \/>\n<meta property=\"og:title\" content=\"Unternehmen aus fast allen Branchen wollen neue Stellen schaffen | JobCloud\" \/>\n<meta property=\"og:description\" content=\"Es gibt positive News f\u00fcr den Schweizer Arbeitsmarkt! Laut KOF Besch\u00e4ftigungsindikator vom 2. Quartal 2018 m\u00f6chten Unternehmen zus\u00e4tzliche Stellen schaffen.\" \/>\n<meta property=\"og:url\" content=\"https:\/\/www.jobcloud.ch\/c\/de-ch\/blog\/2018\/08\/unternehmen-aus-fast-allen-branchen-wollen-neue-stellen-schaffen\/\" \/>\n<meta property=\"og:site_name\" content=\"JobCloud\" \/>\n<meta property=\"article:published_time\" content=\"2018-08-13T07:50:40+00:00\" \/>\n<meta property=\"og:image\" content=\"https:\/\/www.jobcloud.ch\/wp-content\/uploads\/2018\/08\/unternehmen-wollen-mehr-mitarbeiter-einstellen-2018-2-1.jpg\" \/>\n\t<meta property=\"og:image:width\" content=\"996\" \/>\n\t<meta property=\"og:image:height\" content=\"564\" \/>\n\t<meta property=\"og:image:type\" content=\"image\/jpeg\" \/>\n<meta name=\"author\" content=\"Rebekka H\u00e4nggi\" \/>\n<meta name=\"twitter:card\" content=\"summary_large_image\" \/>\n<meta name=\"twitter:label1\" content=\"Geschrieben von\" \/>\n\t<meta name=\"twitter:data1\" content=\"Rebekka H\u00e4nggi\" \/>\n<script type=\"application\/ld+json\" class=\"yoast-schema-graph\">{\"@context\":\"https:\/\/schema.org\",\"@graph\":[{\"@type\":\"Article\",\"@id\":\"https:\/\/www.jobcloud.ch\/c\/de-ch\/blog\/2018\/08\/unternehmen-aus-fast-allen-branchen-wollen-neue-stellen-schaffen\/#article\",\"isPartOf\":{\"@id\":\"https:\/\/www.jobcloud.ch\/c\/de-ch\/blog\/2018\/08\/unternehmen-aus-fast-allen-branchen-wollen-neue-stellen-schaffen\/\"},\"author\":{\"name\":\"Rebekka H\u00e4nggi\",\"@id\":\"https:\/\/www.jobcloud.ch\/c\/de-ch\/#\/schema\/person\/77630b275e0f27fc4e48d5a2367855af\"},\"headline\":\"Unternehmen aus fast allen Branchen wollen neue Stellen schaffen\",\"datePublished\":\"2018-08-13T07:50:40+00:00\",\"mainEntityOfPage\":{\"@id\":\"https:\/\/www.jobcloud.ch\/c\/de-ch\/blog\/2018\/08\/unternehmen-aus-fast-allen-branchen-wollen-neue-stellen-schaffen\/\"},\"wordCount\":9,\"commentCount\":0,\"publisher\":{\"@id\":\"https:\/\/www.jobcloud.ch\/c\/de-ch\/#organization\"},\"image\":{\"@id\":\"https:\/\/www.jobcloud.ch\/c\/de-ch\/blog\/2018\/08\/unternehmen-aus-fast-allen-branchen-wollen-neue-stellen-schaffen\/#primaryimage\"},\"thumbnailUrl\":\"https:\/\/www.jobcloud.ch\/wp-content\/uploads\/2018\/08\/unternehmen-wollen-mehr-mitarbeiter-einstellen-2018-2-1.jpg\",\"articleSection\":[\"Trends &amp; Studien\"],\"inLanguage\":\"de-CH\",\"potentialAction\":[{\"@type\":\"CommentAction\",\"name\":\"Comment\",\"target\":[\"https:\/\/www.jobcloud.ch\/c\/de-ch\/blog\/2018\/08\/unternehmen-aus-fast-allen-branchen-wollen-neue-stellen-schaffen\/#respond\"]}]},{\"@type\":\"WebPage\",\"@id\":\"https:\/\/www.jobcloud.ch\/c\/de-ch\/blog\/2018\/08\/unternehmen-aus-fast-allen-branchen-wollen-neue-stellen-schaffen\/\",\"url\":\"https:\/\/www.jobcloud.ch\/c\/de-ch\/blog\/2018\/08\/unternehmen-aus-fast-allen-branchen-wollen-neue-stellen-schaffen\/\",\"name\":\"Unternehmen aus fast allen Branchen wollen neue Stellen schaffen | JobCloud\",\"isPartOf\":{\"@id\":\"https:\/\/www.jobcloud.ch\/c\/de-ch\/#website\"},\"primaryImageOfPage\":{\"@id\":\"https:\/\/www.jobcloud.ch\/c\/de-ch\/blog\/2018\/08\/unternehmen-aus-fast-allen-branchen-wollen-neue-stellen-schaffen\/#primaryimage\"},\"image\":{\"@id\":\"https:\/\/www.jobcloud.ch\/c\/de-ch\/blog\/2018\/08\/unternehmen-aus-fast-allen-branchen-wollen-neue-stellen-schaffen\/#primaryimage\"},\"thumbnailUrl\":\"https:\/\/www.jobcloud.ch\/wp-content\/uploads\/2018\/08\/unternehmen-wollen-mehr-mitarbeiter-einstellen-2018-2-1.jpg\",\"datePublished\":\"2018-08-13T07:50:40+00:00\",\"description\":\"Es gibt positive News f\u00fcr den Schweizer Arbeitsmarkt! Laut KOF Besch\u00e4ftigungsindikator vom 2. Quartal 2018 m\u00f6chten Unternehmen zus\u00e4tzliche Stellen schaffen.\",\"breadcrumb\":{\"@id\":\"https:\/\/www.jobcloud.ch\/c\/de-ch\/blog\/2018\/08\/unternehmen-aus-fast-allen-branchen-wollen-neue-stellen-schaffen\/#breadcrumb\"},\"inLanguage\":\"de-CH\",\"potentialAction\":[{\"@type\":\"ReadAction\",\"target\":[\"https:\/\/www.jobcloud.ch\/c\/de-ch\/blog\/2018\/08\/unternehmen-aus-fast-allen-branchen-wollen-neue-stellen-schaffen\/\"]}]},{\"@type\":\"ImageObject\",\"inLanguage\":\"de-CH\",\"@id\":\"https:\/\/www.jobcloud.ch\/c\/de-ch\/blog\/2018\/08\/unternehmen-aus-fast-allen-branchen-wollen-neue-stellen-schaffen\/#primaryimage\",\"url\":\"https:\/\/www.jobcloud.ch\/wp-content\/uploads\/2018\/08\/unternehmen-wollen-mehr-mitarbeiter-einstellen-2018-2-1.jpg\",\"contentUrl\":\"https:\/\/www.jobcloud.ch\/wp-content\/uploads\/2018\/08\/unternehmen-wollen-mehr-mitarbeiter-einstellen-2018-2-1.jpg\",\"width\":996,\"height\":564,\"caption\":\"KOF vom 2. Quartal 2018 analysiert im JobCloud-Blog\"},{\"@type\":\"BreadcrumbList\",\"@id\":\"https:\/\/www.jobcloud.ch\/c\/de-ch\/blog\/2018\/08\/unternehmen-aus-fast-allen-branchen-wollen-neue-stellen-schaffen\/#breadcrumb\",\"itemListElement\":[{\"@type\":\"ListItem\",\"position\":1,\"name\":\"Wettbewerbskommission stimmt \u00dcbernahme von jobs.ch durch Ringier und Tamedia zu\",\"item\":\"https:\/\/www.jobcloud.ch\/c\/de-ch\/blog\/press-release\/wettbewerbskommission-stimmt-ubernahme-von-jobs-ch-durch-ringier-und-tamedia-zu\/\"},{\"@type\":\"ListItem\",\"position\":2,\"name\":\"Unternehmen aus fast allen Branchen wollen neue Stellen schaffen\"}]},{\"@type\":\"WebSite\",\"@id\":\"https:\/\/www.jobcloud.ch\/c\/de-ch\/#website\",\"url\":\"https:\/\/www.jobcloud.ch\/c\/de-ch\/\",\"name\":\"JobCloud\",\"description\":\"JobCloud is the leading job portal for jobseekers in Switzerland\",\"publisher\":{\"@id\":\"https:\/\/www.jobcloud.ch\/c\/de-ch\/#organization\"},\"potentialAction\":[{\"@type\":\"SearchAction\",\"target\":{\"@type\":\"EntryPoint\",\"urlTemplate\":\"https:\/\/www.jobcloud.ch\/c\/de-ch\/?s={search_term_string}\"},\"query-input\":{\"@type\":\"PropertyValueSpecification\",\"valueRequired\":true,\"valueName\":\"search_term_string\"}}],\"inLanguage\":\"de-CH\"},{\"@type\":\"Organization\",\"@id\":\"https:\/\/www.jobcloud.ch\/c\/de-ch\/#organization\",\"name\":\"JobCloud\",\"url\":\"https:\/\/www.jobcloud.ch\/c\/de-ch\/\",\"logo\":{\"@type\":\"ImageObject\",\"inLanguage\":\"de-CH\",\"@id\":\"https:\/\/www.jobcloud.ch\/c\/de-ch\/#\/schema\/logo\/image\/\",\"url\":\"https:\/\/www.jobcloud.ch\/wp-content\/uploads\/2020\/02\/jobcloude-logo.svg\",\"contentUrl\":\"https:\/\/www.jobcloud.ch\/wp-content\/uploads\/2020\/02\/jobcloude-logo.svg\",\"width\":160,\"height\":37,\"caption\":\"JobCloud\"},\"image\":{\"@id\":\"https:\/\/www.jobcloud.ch\/c\/de-ch\/#\/schema\/logo\/image\/\"}},{\"@type\":\"Person\",\"@id\":\"https:\/\/www.jobcloud.ch\/c\/de-ch\/#\/schema\/person\/77630b275e0f27fc4e48d5a2367855af\",\"name\":\"Rebekka H\u00e4nggi\",\"image\":{\"@type\":\"ImageObject\",\"inLanguage\":\"de-CH\",\"@id\":\"https:\/\/www.jobcloud.ch\/wp-content\/uploads\/2021\/01\/Rebekka-Haenggi_avatar-96x96.jpg\",\"url\":\"https:\/\/www.jobcloud.ch\/wp-content\/uploads\/2021\/01\/Rebekka-Haenggi_avatar-96x96.jpg\",\"contentUrl\":\"https:\/\/www.jobcloud.ch\/wp-content\/uploads\/2021\/01\/Rebekka-Haenggi_avatar-96x96.jpg\",\"caption\":\"Rebekka H\u00e4nggi\"},\"description\":\"Depuis janvier 2013, je suis en charge de la communication de JobCloud SA. Avant cela, je travaillais dans le d\u00e9partement marketing au sein de la soci\u00e9t\u00e9 Jobup AG. Le domaine du marketing et de la communication est ma passion et cela fait maintenant 8 ans que je m\u2019occupe des sujets relatifs aux RH Management. J\u2019ai un fort attrait pour le marketing du personnel, le recrutement en ligne et la direction du personnel, sujets que j\u2019aborderai sur notre blog. En outre, je vous donnerai un coup d\u2019\u0153il dans les coulisses de JobCloud en m\u2019exprimant sur la vie et le travail chez nous.\",\"sameAs\":[\"https:\/\/www.linkedin.com\/in\/rebekka-hnggi-affolter-9678b142\"],\"url\":\"https:\/\/www.jobcloud.ch\/c\/de-ch\/blog\/author\/rebekka\/\"}]}<\/script>\n<!-- \/ Yoast SEO plugin. -->","yoast_head_json":{"title":"Unternehmen aus fast allen Branchen wollen neue Stellen schaffen | JobCloud","description":"Es gibt positive News f\u00fcr den Schweizer Arbeitsmarkt! Laut KOF Besch\u00e4ftigungsindikator vom 2. Quartal 2018 m\u00f6chten Unternehmen zus\u00e4tzliche Stellen schaffen.","robots":{"index":"index","follow":"follow","max-snippet":"max-snippet:-1","max-image-preview":"max-image-preview:large","max-video-preview":"max-video-preview:-1"},"canonical":"https:\/\/www.jobcloud.ch\/c\/de-ch\/blog\/2018\/08\/unternehmen-aus-fast-allen-branchen-wollen-neue-stellen-schaffen\/","og_locale":"de_DE","og_type":"article","og_title":"Unternehmen aus fast allen Branchen wollen neue Stellen schaffen | JobCloud","og_description":"Es gibt positive News f\u00fcr den Schweizer Arbeitsmarkt! Laut KOF Besch\u00e4ftigungsindikator vom 2. Quartal 2018 m\u00f6chten Unternehmen zus\u00e4tzliche Stellen schaffen.","og_url":"https:\/\/www.jobcloud.ch\/c\/de-ch\/blog\/2018\/08\/unternehmen-aus-fast-allen-branchen-wollen-neue-stellen-schaffen\/","og_site_name":"JobCloud","article_published_time":"2018-08-13T07:50:40+00:00","og_image":[{"width":996,"height":564,"url":"https:\/\/www.jobcloud.ch\/wp-content\/uploads\/2018\/08\/unternehmen-wollen-mehr-mitarbeiter-einstellen-2018-2-1.jpg","type":"image\/jpeg"}],"author":"Rebekka H\u00e4nggi","twitter_card":"summary_large_image","twitter_misc":{"Geschrieben von":"Rebekka H\u00e4nggi"},"schema":{"@context":"https:\/\/schema.org","@graph":[{"@type":"Article","@id":"https:\/\/www.jobcloud.ch\/c\/de-ch\/blog\/2018\/08\/unternehmen-aus-fast-allen-branchen-wollen-neue-stellen-schaffen\/#article","isPartOf":{"@id":"https:\/\/www.jobcloud.ch\/c\/de-ch\/blog\/2018\/08\/unternehmen-aus-fast-allen-branchen-wollen-neue-stellen-schaffen\/"},"author":{"name":"Rebekka H\u00e4nggi","@id":"https:\/\/www.jobcloud.ch\/c\/de-ch\/#\/schema\/person\/77630b275e0f27fc4e48d5a2367855af"},"headline":"Unternehmen aus fast allen Branchen wollen neue Stellen schaffen","datePublished":"2018-08-13T07:50:40+00:00","mainEntityOfPage":{"@id":"https:\/\/www.jobcloud.ch\/c\/de-ch\/blog\/2018\/08\/unternehmen-aus-fast-allen-branchen-wollen-neue-stellen-schaffen\/"},"wordCount":9,"commentCount":0,"publisher":{"@id":"https:\/\/www.jobcloud.ch\/c\/de-ch\/#organization"},"image":{"@id":"https:\/\/www.jobcloud.ch\/c\/de-ch\/blog\/2018\/08\/unternehmen-aus-fast-allen-branchen-wollen-neue-stellen-schaffen\/#primaryimage"},"thumbnailUrl":"https:\/\/www.jobcloud.ch\/wp-content\/uploads\/2018\/08\/unternehmen-wollen-mehr-mitarbeiter-einstellen-2018-2-1.jpg","articleSection":["Trends &amp; Studien"],"inLanguage":"de-CH","potentialAction":[{"@type":"CommentAction","name":"Comment","target":["https:\/\/www.jobcloud.ch\/c\/de-ch\/blog\/2018\/08\/unternehmen-aus-fast-allen-branchen-wollen-neue-stellen-schaffen\/#respond"]}]},{"@type":"WebPage","@id":"https:\/\/www.jobcloud.ch\/c\/de-ch\/blog\/2018\/08\/unternehmen-aus-fast-allen-branchen-wollen-neue-stellen-schaffen\/","url":"https:\/\/www.jobcloud.ch\/c\/de-ch\/blog\/2018\/08\/unternehmen-aus-fast-allen-branchen-wollen-neue-stellen-schaffen\/","name":"Unternehmen aus fast allen Branchen wollen neue Stellen schaffen | JobCloud","isPartOf":{"@id":"https:\/\/www.jobcloud.ch\/c\/de-ch\/#website"},"primaryImageOfPage":{"@id":"https:\/\/www.jobcloud.ch\/c\/de-ch\/blog\/2018\/08\/unternehmen-aus-fast-allen-branchen-wollen-neue-stellen-schaffen\/#primaryimage"},"image":{"@id":"https:\/\/www.jobcloud.ch\/c\/de-ch\/blog\/2018\/08\/unternehmen-aus-fast-allen-branchen-wollen-neue-stellen-schaffen\/#primaryimage"},"thumbnailUrl":"https:\/\/www.jobcloud.ch\/wp-content\/uploads\/2018\/08\/unternehmen-wollen-mehr-mitarbeiter-einstellen-2018-2-1.jpg","datePublished":"2018-08-13T07:50:40+00:00","description":"Es gibt positive News f\u00fcr den Schweizer Arbeitsmarkt! Laut KOF Besch\u00e4ftigungsindikator vom 2. Quartal 2018 m\u00f6chten Unternehmen zus\u00e4tzliche Stellen schaffen.","breadcrumb":{"@id":"https:\/\/www.jobcloud.ch\/c\/de-ch\/blog\/2018\/08\/unternehmen-aus-fast-allen-branchen-wollen-neue-stellen-schaffen\/#breadcrumb"},"inLanguage":"de-CH","potentialAction":[{"@type":"ReadAction","target":["https:\/\/www.jobcloud.ch\/c\/de-ch\/blog\/2018\/08\/unternehmen-aus-fast-allen-branchen-wollen-neue-stellen-schaffen\/"]}]},{"@type":"ImageObject","inLanguage":"de-CH","@id":"https:\/\/www.jobcloud.ch\/c\/de-ch\/blog\/2018\/08\/unternehmen-aus-fast-allen-branchen-wollen-neue-stellen-schaffen\/#primaryimage","url":"https:\/\/www.jobcloud.ch\/wp-content\/uploads\/2018\/08\/unternehmen-wollen-mehr-mitarbeiter-einstellen-2018-2-1.jpg","contentUrl":"https:\/\/www.jobcloud.ch\/wp-content\/uploads\/2018\/08\/unternehmen-wollen-mehr-mitarbeiter-einstellen-2018-2-1.jpg","width":996,"height":564,"caption":"KOF vom 2. Quartal 2018 analysiert im JobCloud-Blog"},{"@type":"BreadcrumbList","@id":"https:\/\/www.jobcloud.ch\/c\/de-ch\/blog\/2018\/08\/unternehmen-aus-fast-allen-branchen-wollen-neue-stellen-schaffen\/#breadcrumb","itemListElement":[{"@type":"ListItem","position":1,"name":"Wettbewerbskommission stimmt \u00dcbernahme von jobs.ch durch Ringier und Tamedia zu","item":"https:\/\/www.jobcloud.ch\/c\/de-ch\/blog\/press-release\/wettbewerbskommission-stimmt-ubernahme-von-jobs-ch-durch-ringier-und-tamedia-zu\/"},{"@type":"ListItem","position":2,"name":"Unternehmen aus fast allen Branchen wollen neue Stellen schaffen"}]},{"@type":"WebSite","@id":"https:\/\/www.jobcloud.ch\/c\/de-ch\/#website","url":"https:\/\/www.jobcloud.ch\/c\/de-ch\/","name":"JobCloud","description":"JobCloud is the leading job portal for jobseekers in Switzerland","publisher":{"@id":"https:\/\/www.jobcloud.ch\/c\/de-ch\/#organization"},"potentialAction":[{"@type":"SearchAction","target":{"@type":"EntryPoint","urlTemplate":"https:\/\/www.jobcloud.ch\/c\/de-ch\/?s={search_term_string}"},"query-input":{"@type":"PropertyValueSpecification","valueRequired":true,"valueName":"search_term_string"}}],"inLanguage":"de-CH"},{"@type":"Organization","@id":"https:\/\/www.jobcloud.ch\/c\/de-ch\/#organization","name":"JobCloud","url":"https:\/\/www.jobcloud.ch\/c\/de-ch\/","logo":{"@type":"ImageObject","inLanguage":"de-CH","@id":"https:\/\/www.jobcloud.ch\/c\/de-ch\/#\/schema\/logo\/image\/","url":"https:\/\/www.jobcloud.ch\/wp-content\/uploads\/2020\/02\/jobcloude-logo.svg","contentUrl":"https:\/\/www.jobcloud.ch\/wp-content\/uploads\/2020\/02\/jobcloude-logo.svg","width":160,"height":37,"caption":"JobCloud"},"image":{"@id":"https:\/\/www.jobcloud.ch\/c\/de-ch\/#\/schema\/logo\/image\/"}},{"@type":"Person","@id":"https:\/\/www.jobcloud.ch\/c\/de-ch\/#\/schema\/person\/77630b275e0f27fc4e48d5a2367855af","name":"Rebekka H\u00e4nggi","image":{"@type":"ImageObject","inLanguage":"de-CH","@id":"https:\/\/www.jobcloud.ch\/wp-content\/uploads\/2021\/01\/Rebekka-Haenggi_avatar-96x96.jpg","url":"https:\/\/www.jobcloud.ch\/wp-content\/uploads\/2021\/01\/Rebekka-Haenggi_avatar-96x96.jpg","contentUrl":"https:\/\/www.jobcloud.ch\/wp-content\/uploads\/2021\/01\/Rebekka-Haenggi_avatar-96x96.jpg","caption":"Rebekka H\u00e4nggi"},"description":"Depuis janvier 2013, je suis en charge de la communication de JobCloud SA. Avant cela, je travaillais dans le d\u00e9partement marketing au sein de la soci\u00e9t\u00e9 Jobup AG. Le domaine du marketing et de la communication est ma passion et cela fait maintenant 8 ans que je m\u2019occupe des sujets relatifs aux RH Management. J\u2019ai un fort attrait pour le marketing du personnel, le recrutement en ligne et la direction du personnel, sujets que j\u2019aborderai sur notre blog. En outre, je vous donnerai un coup d\u2019\u0153il dans les coulisses de JobCloud en m\u2019exprimant sur la vie et le travail chez nous.","sameAs":["https:\/\/www.linkedin.com\/in\/rebekka-hnggi-affolter-9678b142"],"url":"https:\/\/www.jobcloud.ch\/c\/de-ch\/blog\/author\/rebekka\/"}]}},"_links":{"self":[{"href":"https:\/\/www.jobcloud.ch\/c\/de-ch\/wp-json\/wp\/v2\/posts\/15397","targetHints":{"allow":["GET"]}}],"collection":[{"href":"https:\/\/www.jobcloud.ch\/c\/de-ch\/wp-json\/wp\/v2\/posts"}],"about":[{"href":"https:\/\/www.jobcloud.ch\/c\/de-ch\/wp-json\/wp\/v2\/types\/post"}],"author":[{"embeddable":true,"href":"https:\/\/www.jobcloud.ch\/c\/de-ch\/wp-json\/wp\/v2\/users\/12"}],"replies":[{"embeddable":true,"href":"https:\/\/www.jobcloud.ch\/c\/de-ch\/wp-json\/wp\/v2\/comments?post=15397"}],"version-history":[{"count":0,"href":"https:\/\/www.jobcloud.ch\/c\/de-ch\/wp-json\/wp\/v2\/posts\/15397\/revisions"}],"wp:featuredmedia":[{"embeddable":true,"href":"https:\/\/www.jobcloud.ch\/c\/de-ch\/wp-json\/wp\/v2\/media\/15403"}],"wp:attachment":[{"href":"https:\/\/www.jobcloud.ch\/c\/de-ch\/wp-json\/wp\/v2\/media?parent=15397"}],"wp:term":[{"taxonomy":"category","embeddable":true,"href":"https:\/\/www.jobcloud.ch\/c\/de-ch\/wp-json\/wp\/v2\/categories?post=15397"},{"taxonomy":"post_tag","embeddable":true,"href":"https:\/\/www.jobcloud.ch\/c\/de-ch\/wp-json\/wp\/v2\/tags?post=15397"}],"curies":[{"name":"wp","href":"https:\/\/api.w.org\/{rel}","templated":true}]}}