     {"id":13698,"date":"2018-08-22T08:00:24","date_gmt":"2018-08-22T06:00:24","guid":{"rendered":"https:\/\/www.jobcloud.ch\/c\/de-ch\/?p=13698"},"modified":"2018-08-22T08:00:24","modified_gmt":"2018-08-22T06:00:24","slug":"internationale-arbeitsmarkt-studie-zeigt-schweiz-nr-8-der-beliebtesten-laender","status":"publish","type":"post","link":"https:\/\/www.jobcloud.ch\/c\/de-ch\/blog\/2018\/08\/internationale-arbeitsmarkt-studie-zeigt-schweiz-nr-8-der-beliebtesten-laender\/","title":{"rendered":"Internationale Arbeitsmarkt-Studie zeigt: Schweiz Nr. 8 der beliebtesten L\u00e4nder"},"content":{"rendered":"","protected":false},"excerpt":{"rendered":"","protected":false},"author":12,"featured_media":13702,"comment_status":"open","ping_status":"closed","sticky":false,"template":"","format":"standard","meta":{"_acf_changed":false,"inline_featured_image":false,"footnotes":""},"categories":[898],"tags":[963,925,939],"class_list":["post-13698","post","type-post","status-publish","format-standard","has-post-thumbnail","hentry","category-trends-studien","tag-arbeitswelt","tag-international-recruiting","tag-studie"],"acf":[],"yoast_head":"<!-- This site is optimized with the Yoast SEO plugin v27.2 - https:\/\/yoast.com\/product\/yoast-seo-wordpress\/ -->\n<title>Internationale Arbeitsmarkt-Studie zeigt: Schweiz Nr. 8 der beliebtesten L\u00e4nder | JobCloud<\/title>\n<meta name=\"description\" content=\"Die Studie \u00abDecoding Global Talent\u00bb befragt Arbeitnehmende und Arbeitssuchende \u00fcber ihre Bereitschaft und Priorit\u00e4ten im Ausland zu arbeiten.\" \/>\n<meta name=\"robots\" content=\"index, follow, max-snippet:-1, max-image-preview:large, max-video-preview:-1\" \/>\n<link rel=\"canonical\" href=\"https:\/\/www.jobcloud.ch\/c\/de-ch\/blog\/2018\/08\/internationale-arbeitsmarkt-studie-zeigt-schweiz-nr-8-der-beliebtesten-laender\/\" \/>\n<meta property=\"og:locale\" content=\"de_DE\" \/>\n<meta property=\"og:type\" content=\"article\" \/>\n<meta property=\"og:title\" content=\"Internationale Arbeitsmarkt-Studie zeigt: Schweiz Nr. 8 der beliebtesten L\u00e4nder | JobCloud\" \/>\n<meta property=\"og:description\" content=\"Die Studie \u00abDecoding Global Talent\u00bb befragt Arbeitnehmende und Arbeitssuchende \u00fcber ihre Bereitschaft und Priorit\u00e4ten im Ausland zu arbeiten.\" \/>\n<meta property=\"og:url\" content=\"https:\/\/www.jobcloud.ch\/c\/de-ch\/blog\/2018\/08\/internationale-arbeitsmarkt-studie-zeigt-schweiz-nr-8-der-beliebtesten-laender\/\" \/>\n<meta property=\"og:site_name\" content=\"JobCloud\" \/>\n<meta property=\"article:published_time\" content=\"2018-08-22T06:00:24+00:00\" \/>\n<meta property=\"og:image\" content=\"https:\/\/www.jobcloud.ch\/wp-content\/uploads\/2018\/07\/decoding-global-talent-study-1-scaled.jpg\" \/>\n\t<meta property=\"og:image:width\" content=\"2560\" \/>\n\t<meta property=\"og:image:height\" content=\"1291\" \/>\n\t<meta property=\"og:image:type\" content=\"image\/jpeg\" \/>\n<meta name=\"author\" content=\"Rebekka H\u00e4nggi\" \/>\n<meta name=\"twitter:card\" content=\"summary_large_image\" \/>\n<meta name=\"twitter:label1\" content=\"Geschrieben von\" \/>\n\t<meta name=\"twitter:data1\" content=\"Rebekka H\u00e4nggi\" \/>\n<script type=\"application\/ld+json\" class=\"yoast-schema-graph\">{\"@context\":\"https:\/\/schema.org\",\"@graph\":[{\"@type\":\"Article\",\"@id\":\"https:\/\/www.jobcloud.ch\/c\/de-ch\/blog\/2018\/08\/internationale-arbeitsmarkt-studie-zeigt-schweiz-nr-8-der-beliebtesten-laender\/#article\",\"isPartOf\":{\"@id\":\"https:\/\/www.jobcloud.ch\/c\/de-ch\/blog\/2018\/08\/internationale-arbeitsmarkt-studie-zeigt-schweiz-nr-8-der-beliebtesten-laender\/\"},\"author\":{\"name\":\"Rebekka H\u00e4nggi\",\"@id\":\"https:\/\/www.jobcloud.ch\/c\/de-ch\/#\/schema\/person\/77630b275e0f27fc4e48d5a2367855af\"},\"headline\":\"Internationale Arbeitsmarkt-Studie zeigt: Schweiz Nr. 8 der beliebtesten L\u00e4nder\",\"datePublished\":\"2018-08-22T06:00:24+00:00\",\"mainEntityOfPage\":{\"@id\":\"https:\/\/www.jobcloud.ch\/c\/de-ch\/blog\/2018\/08\/internationale-arbeitsmarkt-studie-zeigt-schweiz-nr-8-der-beliebtesten-laender\/\"},\"wordCount\":9,\"commentCount\":0,\"publisher\":{\"@id\":\"https:\/\/www.jobcloud.ch\/c\/de-ch\/#organization\"},\"image\":{\"@id\":\"https:\/\/www.jobcloud.ch\/c\/de-ch\/blog\/2018\/08\/internationale-arbeitsmarkt-studie-zeigt-schweiz-nr-8-der-beliebtesten-laender\/#primaryimage\"},\"thumbnailUrl\":\"https:\/\/www.jobcloud.ch\/wp-content\/uploads\/2018\/07\/decoding-global-talent-study-1-scaled.jpg\",\"keywords\":[\"Arbeitswelt\",\"International Recruiting\",\"Studie\"],\"articleSection\":[\"Trends &amp; Studien\"],\"inLanguage\":\"de-CH\",\"potentialAction\":[{\"@type\":\"CommentAction\",\"name\":\"Comment\",\"target\":[\"https:\/\/www.jobcloud.ch\/c\/de-ch\/blog\/2018\/08\/internationale-arbeitsmarkt-studie-zeigt-schweiz-nr-8-der-beliebtesten-laender\/#respond\"]}]},{\"@type\":\"WebPage\",\"@id\":\"https:\/\/www.jobcloud.ch\/c\/de-ch\/blog\/2018\/08\/internationale-arbeitsmarkt-studie-zeigt-schweiz-nr-8-der-beliebtesten-laender\/\",\"url\":\"https:\/\/www.jobcloud.ch\/c\/de-ch\/blog\/2018\/08\/internationale-arbeitsmarkt-studie-zeigt-schweiz-nr-8-der-beliebtesten-laender\/\",\"name\":\"Internationale Arbeitsmarkt-Studie zeigt: Schweiz Nr. 8 der beliebtesten L\u00e4nder | JobCloud\",\"isPartOf\":{\"@id\":\"https:\/\/www.jobcloud.ch\/c\/de-ch\/#website\"},\"primaryImageOfPage\":{\"@id\":\"https:\/\/www.jobcloud.ch\/c\/de-ch\/blog\/2018\/08\/internationale-arbeitsmarkt-studie-zeigt-schweiz-nr-8-der-beliebtesten-laender\/#primaryimage\"},\"image\":{\"@id\":\"https:\/\/www.jobcloud.ch\/c\/de-ch\/blog\/2018\/08\/internationale-arbeitsmarkt-studie-zeigt-schweiz-nr-8-der-beliebtesten-laender\/#primaryimage\"},\"thumbnailUrl\":\"https:\/\/www.jobcloud.ch\/wp-content\/uploads\/2018\/07\/decoding-global-talent-study-1-scaled.jpg\",\"datePublished\":\"2018-08-22T06:00:24+00:00\",\"description\":\"Die Studie \u00abDecoding Global Talent\u00bb befragt Arbeitnehmende und Arbeitssuchende \u00fcber ihre Bereitschaft und Priorit\u00e4ten im Ausland zu arbeiten.\",\"breadcrumb\":{\"@id\":\"https:\/\/www.jobcloud.ch\/c\/de-ch\/blog\/2018\/08\/internationale-arbeitsmarkt-studie-zeigt-schweiz-nr-8-der-beliebtesten-laender\/#breadcrumb\"},\"inLanguage\":\"de-CH\",\"potentialAction\":[{\"@type\":\"ReadAction\",\"target\":[\"https:\/\/www.jobcloud.ch\/c\/de-ch\/blog\/2018\/08\/internationale-arbeitsmarkt-studie-zeigt-schweiz-nr-8-der-beliebtesten-laender\/\"]}]},{\"@type\":\"ImageObject\",\"inLanguage\":\"de-CH\",\"@id\":\"https:\/\/www.jobcloud.ch\/c\/de-ch\/blog\/2018\/08\/internationale-arbeitsmarkt-studie-zeigt-schweiz-nr-8-der-beliebtesten-laender\/#primaryimage\",\"url\":\"https:\/\/www.jobcloud.ch\/wp-content\/uploads\/2018\/07\/decoding-global-talent-study-1-scaled.jpg\",\"contentUrl\":\"https:\/\/www.jobcloud.ch\/wp-content\/uploads\/2018\/07\/decoding-global-talent-study-1-scaled.jpg\",\"width\":2560,\"height\":1291,\"caption\":\"Internationale Arbeitsmarkt-Studie von JobCloud\"},{\"@type\":\"BreadcrumbList\",\"@id\":\"https:\/\/www.jobcloud.ch\/c\/de-ch\/blog\/2018\/08\/internationale-arbeitsmarkt-studie-zeigt-schweiz-nr-8-der-beliebtesten-laender\/#breadcrumb\",\"itemListElement\":[{\"@type\":\"ListItem\",\"position\":1,\"name\":\"Wettbewerbskommission stimmt \u00dcbernahme von jobs.ch durch Ringier und Tamedia zu\",\"item\":\"https:\/\/www.jobcloud.ch\/c\/de-ch\/blog\/press-release\/wettbewerbskommission-stimmt-ubernahme-von-jobs-ch-durch-ringier-und-tamedia-zu\/\"},{\"@type\":\"ListItem\",\"position\":2,\"name\":\"Internationale Arbeitsmarkt-Studie zeigt: Schweiz Nr. 8 der beliebtesten L\u00e4nder\"}]},{\"@type\":\"WebSite\",\"@id\":\"https:\/\/www.jobcloud.ch\/c\/de-ch\/#website\",\"url\":\"https:\/\/www.jobcloud.ch\/c\/de-ch\/\",\"name\":\"JobCloud\",\"description\":\"JobCloud is the leading job portal for jobseekers in Switzerland\",\"publisher\":{\"@id\":\"https:\/\/www.jobcloud.ch\/c\/de-ch\/#organization\"},\"potentialAction\":[{\"@type\":\"SearchAction\",\"target\":{\"@type\":\"EntryPoint\",\"urlTemplate\":\"https:\/\/www.jobcloud.ch\/c\/de-ch\/?s={search_term_string}\"},\"query-input\":{\"@type\":\"PropertyValueSpecification\",\"valueRequired\":true,\"valueName\":\"search_term_string\"}}],\"inLanguage\":\"de-CH\"},{\"@type\":\"Organization\",\"@id\":\"https:\/\/www.jobcloud.ch\/c\/de-ch\/#organization\",\"name\":\"JobCloud\",\"url\":\"https:\/\/www.jobcloud.ch\/c\/de-ch\/\",\"logo\":{\"@type\":\"ImageObject\",\"inLanguage\":\"de-CH\",\"@id\":\"https:\/\/www.jobcloud.ch\/c\/de-ch\/#\/schema\/logo\/image\/\",\"url\":\"https:\/\/www.jobcloud.ch\/wp-content\/uploads\/2020\/02\/jobcloude-logo.svg\",\"contentUrl\":\"https:\/\/www.jobcloud.ch\/wp-content\/uploads\/2020\/02\/jobcloude-logo.svg\",\"width\":160,\"height\":37,\"caption\":\"JobCloud\"},\"image\":{\"@id\":\"https:\/\/www.jobcloud.ch\/c\/de-ch\/#\/schema\/logo\/image\/\"}},{\"@type\":\"Person\",\"@id\":\"https:\/\/www.jobcloud.ch\/c\/de-ch\/#\/schema\/person\/77630b275e0f27fc4e48d5a2367855af\",\"name\":\"Rebekka H\u00e4nggi\",\"image\":{\"@type\":\"ImageObject\",\"inLanguage\":\"de-CH\",\"@id\":\"https:\/\/www.jobcloud.ch\/wp-content\/uploads\/2021\/01\/Rebekka-Haenggi_avatar-96x96.jpg\",\"url\":\"https:\/\/www.jobcloud.ch\/wp-content\/uploads\/2021\/01\/Rebekka-Haenggi_avatar-96x96.jpg\",\"contentUrl\":\"https:\/\/www.jobcloud.ch\/wp-content\/uploads\/2021\/01\/Rebekka-Haenggi_avatar-96x96.jpg\",\"caption\":\"Rebekka H\u00e4nggi\"},\"description\":\"Depuis janvier 2013, je suis en charge de la communication de JobCloud SA. Avant cela, je travaillais dans le d\u00e9partement marketing au sein de la soci\u00e9t\u00e9 Jobup AG. Le domaine du marketing et de la communication est ma passion et cela fait maintenant 8 ans que je m\u2019occupe des sujets relatifs aux RH Management. J\u2019ai un fort attrait pour le marketing du personnel, le recrutement en ligne et la direction du personnel, sujets que j\u2019aborderai sur notre blog. En outre, je vous donnerai un coup d\u2019\u0153il dans les coulisses de JobCloud en m\u2019exprimant sur la vie et le travail chez nous.\",\"sameAs\":[\"https:\/\/www.linkedin.com\/in\/rebekka-hnggi-affolter-9678b142\"],\"url\":\"https:\/\/www.jobcloud.ch\/c\/de-ch\/blog\/author\/rebekka\/\"}]}<\/script>\n<!-- \/ Yoast SEO plugin. -->","yoast_head_json":{"title":"Internationale Arbeitsmarkt-Studie zeigt: Schweiz Nr. 8 der beliebtesten L\u00e4nder | JobCloud","description":"Die Studie \u00abDecoding Global Talent\u00bb befragt Arbeitnehmende und Arbeitssuchende \u00fcber ihre Bereitschaft und Priorit\u00e4ten im Ausland zu arbeiten.","robots":{"index":"index","follow":"follow","max-snippet":"max-snippet:-1","max-image-preview":"max-image-preview:large","max-video-preview":"max-video-preview:-1"},"canonical":"https:\/\/www.jobcloud.ch\/c\/de-ch\/blog\/2018\/08\/internationale-arbeitsmarkt-studie-zeigt-schweiz-nr-8-der-beliebtesten-laender\/","og_locale":"de_DE","og_type":"article","og_title":"Internationale Arbeitsmarkt-Studie zeigt: Schweiz Nr. 8 der beliebtesten L\u00e4nder | JobCloud","og_description":"Die Studie \u00abDecoding Global Talent\u00bb befragt Arbeitnehmende und Arbeitssuchende \u00fcber ihre Bereitschaft und Priorit\u00e4ten im Ausland zu arbeiten.","og_url":"https:\/\/www.jobcloud.ch\/c\/de-ch\/blog\/2018\/08\/internationale-arbeitsmarkt-studie-zeigt-schweiz-nr-8-der-beliebtesten-laender\/","og_site_name":"JobCloud","article_published_time":"2018-08-22T06:00:24+00:00","og_image":[{"width":2560,"height":1291,"url":"https:\/\/www.jobcloud.ch\/wp-content\/uploads\/2018\/07\/decoding-global-talent-study-1-scaled.jpg","type":"image\/jpeg"}],"author":"Rebekka H\u00e4nggi","twitter_card":"summary_large_image","twitter_misc":{"Geschrieben von":"Rebekka H\u00e4nggi"},"schema":{"@context":"https:\/\/schema.org","@graph":[{"@type":"Article","@id":"https:\/\/www.jobcloud.ch\/c\/de-ch\/blog\/2018\/08\/internationale-arbeitsmarkt-studie-zeigt-schweiz-nr-8-der-beliebtesten-laender\/#article","isPartOf":{"@id":"https:\/\/www.jobcloud.ch\/c\/de-ch\/blog\/2018\/08\/internationale-arbeitsmarkt-studie-zeigt-schweiz-nr-8-der-beliebtesten-laender\/"},"author":{"name":"Rebekka H\u00e4nggi","@id":"https:\/\/www.jobcloud.ch\/c\/de-ch\/#\/schema\/person\/77630b275e0f27fc4e48d5a2367855af"},"headline":"Internationale Arbeitsmarkt-Studie zeigt: Schweiz Nr. 8 der beliebtesten L\u00e4nder","datePublished":"2018-08-22T06:00:24+00:00","mainEntityOfPage":{"@id":"https:\/\/www.jobcloud.ch\/c\/de-ch\/blog\/2018\/08\/internationale-arbeitsmarkt-studie-zeigt-schweiz-nr-8-der-beliebtesten-laender\/"},"wordCount":9,"commentCount":0,"publisher":{"@id":"https:\/\/www.jobcloud.ch\/c\/de-ch\/#organization"},"image":{"@id":"https:\/\/www.jobcloud.ch\/c\/de-ch\/blog\/2018\/08\/internationale-arbeitsmarkt-studie-zeigt-schweiz-nr-8-der-beliebtesten-laender\/#primaryimage"},"thumbnailUrl":"https:\/\/www.jobcloud.ch\/wp-content\/uploads\/2018\/07\/decoding-global-talent-study-1-scaled.jpg","keywords":["Arbeitswelt","International Recruiting","Studie"],"articleSection":["Trends &amp; Studien"],"inLanguage":"de-CH","potentialAction":[{"@type":"CommentAction","name":"Comment","target":["https:\/\/www.jobcloud.ch\/c\/de-ch\/blog\/2018\/08\/internationale-arbeitsmarkt-studie-zeigt-schweiz-nr-8-der-beliebtesten-laender\/#respond"]}]},{"@type":"WebPage","@id":"https:\/\/www.jobcloud.ch\/c\/de-ch\/blog\/2018\/08\/internationale-arbeitsmarkt-studie-zeigt-schweiz-nr-8-der-beliebtesten-laender\/","url":"https:\/\/www.jobcloud.ch\/c\/de-ch\/blog\/2018\/08\/internationale-arbeitsmarkt-studie-zeigt-schweiz-nr-8-der-beliebtesten-laender\/","name":"Internationale Arbeitsmarkt-Studie zeigt: Schweiz Nr. 8 der beliebtesten L\u00e4nder | JobCloud","isPartOf":{"@id":"https:\/\/www.jobcloud.ch\/c\/de-ch\/#website"},"primaryImageOfPage":{"@id":"https:\/\/www.jobcloud.ch\/c\/de-ch\/blog\/2018\/08\/internationale-arbeitsmarkt-studie-zeigt-schweiz-nr-8-der-beliebtesten-laender\/#primaryimage"},"image":{"@id":"https:\/\/www.jobcloud.ch\/c\/de-ch\/blog\/2018\/08\/internationale-arbeitsmarkt-studie-zeigt-schweiz-nr-8-der-beliebtesten-laender\/#primaryimage"},"thumbnailUrl":"https:\/\/www.jobcloud.ch\/wp-content\/uploads\/2018\/07\/decoding-global-talent-study-1-scaled.jpg","datePublished":"2018-08-22T06:00:24+00:00","description":"Die Studie \u00abDecoding Global Talent\u00bb befragt Arbeitnehmende und Arbeitssuchende \u00fcber ihre Bereitschaft und Priorit\u00e4ten im Ausland zu arbeiten.","breadcrumb":{"@id":"https:\/\/www.jobcloud.ch\/c\/de-ch\/blog\/2018\/08\/internationale-arbeitsmarkt-studie-zeigt-schweiz-nr-8-der-beliebtesten-laender\/#breadcrumb"},"inLanguage":"de-CH","potentialAction":[{"@type":"ReadAction","target":["https:\/\/www.jobcloud.ch\/c\/de-ch\/blog\/2018\/08\/internationale-arbeitsmarkt-studie-zeigt-schweiz-nr-8-der-beliebtesten-laender\/"]}]},{"@type":"ImageObject","inLanguage":"de-CH","@id":"https:\/\/www.jobcloud.ch\/c\/de-ch\/blog\/2018\/08\/internationale-arbeitsmarkt-studie-zeigt-schweiz-nr-8-der-beliebtesten-laender\/#primaryimage","url":"https:\/\/www.jobcloud.ch\/wp-content\/uploads\/2018\/07\/decoding-global-talent-study-1-scaled.jpg","contentUrl":"https:\/\/www.jobcloud.ch\/wp-content\/uploads\/2018\/07\/decoding-global-talent-study-1-scaled.jpg","width":2560,"height":1291,"caption":"Internationale Arbeitsmarkt-Studie von JobCloud"},{"@type":"BreadcrumbList","@id":"https:\/\/www.jobcloud.ch\/c\/de-ch\/blog\/2018\/08\/internationale-arbeitsmarkt-studie-zeigt-schweiz-nr-8-der-beliebtesten-laender\/#breadcrumb","itemListElement":[{"@type":"ListItem","position":1,"name":"Wettbewerbskommission stimmt \u00dcbernahme von jobs.ch durch Ringier und Tamedia zu","item":"https:\/\/www.jobcloud.ch\/c\/de-ch\/blog\/press-release\/wettbewerbskommission-stimmt-ubernahme-von-jobs-ch-durch-ringier-und-tamedia-zu\/"},{"@type":"ListItem","position":2,"name":"Internationale Arbeitsmarkt-Studie zeigt: Schweiz Nr. 8 der beliebtesten L\u00e4nder"}]},{"@type":"WebSite","@id":"https:\/\/www.jobcloud.ch\/c\/de-ch\/#website","url":"https:\/\/www.jobcloud.ch\/c\/de-ch\/","name":"JobCloud","description":"JobCloud is the leading job portal for jobseekers in Switzerland","publisher":{"@id":"https:\/\/www.jobcloud.ch\/c\/de-ch\/#organization"},"potentialAction":[{"@type":"SearchAction","target":{"@type":"EntryPoint","urlTemplate":"https:\/\/www.jobcloud.ch\/c\/de-ch\/?s={search_term_string}"},"query-input":{"@type":"PropertyValueSpecification","valueRequired":true,"valueName":"search_term_string"}}],"inLanguage":"de-CH"},{"@type":"Organization","@id":"https:\/\/www.jobcloud.ch\/c\/de-ch\/#organization","name":"JobCloud","url":"https:\/\/www.jobcloud.ch\/c\/de-ch\/","logo":{"@type":"ImageObject","inLanguage":"de-CH","@id":"https:\/\/www.jobcloud.ch\/c\/de-ch\/#\/schema\/logo\/image\/","url":"https:\/\/www.jobcloud.ch\/wp-content\/uploads\/2020\/02\/jobcloude-logo.svg","contentUrl":"https:\/\/www.jobcloud.ch\/wp-content\/uploads\/2020\/02\/jobcloude-logo.svg","width":160,"height":37,"caption":"JobCloud"},"image":{"@id":"https:\/\/www.jobcloud.ch\/c\/de-ch\/#\/schema\/logo\/image\/"}},{"@type":"Person","@id":"https:\/\/www.jobcloud.ch\/c\/de-ch\/#\/schema\/person\/77630b275e0f27fc4e48d5a2367855af","name":"Rebekka H\u00e4nggi","image":{"@type":"ImageObject","inLanguage":"de-CH","@id":"https:\/\/www.jobcloud.ch\/wp-content\/uploads\/2021\/01\/Rebekka-Haenggi_avatar-96x96.jpg","url":"https:\/\/www.jobcloud.ch\/wp-content\/uploads\/2021\/01\/Rebekka-Haenggi_avatar-96x96.jpg","contentUrl":"https:\/\/www.jobcloud.ch\/wp-content\/uploads\/2021\/01\/Rebekka-Haenggi_avatar-96x96.jpg","caption":"Rebekka H\u00e4nggi"},"description":"Depuis janvier 2013, je suis en charge de la communication de JobCloud SA. Avant cela, je travaillais dans le d\u00e9partement marketing au sein de la soci\u00e9t\u00e9 Jobup AG. Le domaine du marketing et de la communication est ma passion et cela fait maintenant 8 ans que je m\u2019occupe des sujets relatifs aux RH Management. J\u2019ai un fort attrait pour le marketing du personnel, le recrutement en ligne et la direction du personnel, sujets que j\u2019aborderai sur notre blog. En outre, je vous donnerai un coup d\u2019\u0153il dans les coulisses de JobCloud en m\u2019exprimant sur la vie et le travail chez nous.","sameAs":["https:\/\/www.linkedin.com\/in\/rebekka-hnggi-affolter-9678b142"],"url":"https:\/\/www.jobcloud.ch\/c\/de-ch\/blog\/author\/rebekka\/"}]}},"_links":{"self":[{"href":"https:\/\/www.jobcloud.ch\/c\/de-ch\/wp-json\/wp\/v2\/posts\/13698","targetHints":{"allow":["GET"]}}],"collection":[{"href":"https:\/\/www.jobcloud.ch\/c\/de-ch\/wp-json\/wp\/v2\/posts"}],"about":[{"href":"https:\/\/www.jobcloud.ch\/c\/de-ch\/wp-json\/wp\/v2\/types\/post"}],"author":[{"embeddable":true,"href":"https:\/\/www.jobcloud.ch\/c\/de-ch\/wp-json\/wp\/v2\/users\/12"}],"replies":[{"embeddable":true,"href":"https:\/\/www.jobcloud.ch\/c\/de-ch\/wp-json\/wp\/v2\/comments?post=13698"}],"version-history":[{"count":0,"href":"https:\/\/www.jobcloud.ch\/c\/de-ch\/wp-json\/wp\/v2\/posts\/13698\/revisions"}],"wp:featuredmedia":[{"embeddable":true,"href":"https:\/\/www.jobcloud.ch\/c\/de-ch\/wp-json\/wp\/v2\/media\/13702"}],"wp:attachment":[{"href":"https:\/\/www.jobcloud.ch\/c\/de-ch\/wp-json\/wp\/v2\/media?parent=13698"}],"wp:term":[{"taxonomy":"category","embeddable":true,"href":"https:\/\/www.jobcloud.ch\/c\/de-ch\/wp-json\/wp\/v2\/categories?post=13698"},{"taxonomy":"post_tag","embeddable":true,"href":"https:\/\/www.jobcloud.ch\/c\/de-ch\/wp-json\/wp\/v2\/tags?post=13698"}],"curies":[{"name":"wp","href":"https:\/\/api.w.org\/{rel}","templated":true}]}}