     {"id":13143,"date":"2018-06-28T10:33:25","date_gmt":"2018-06-28T08:33:25","guid":{"rendered":"https:\/\/www.jobcloud.ch\/c\/de-ch\/?p=13143"},"modified":"2018-06-28T10:33:25","modified_gmt":"2018-06-28T08:33:25","slug":"arbeitsmarkt-studie-jeder-zweite-auf-jobsuche","status":"publish","type":"post","link":"https:\/\/www.jobcloud.ch\/c\/de-ch\/blog\/2018\/06\/arbeitsmarkt-studie-jeder-zweite-auf-jobsuche\/","title":{"rendered":"Arbeitsmarkt-Studie: jeder zweite auf Jobsuche"},"content":{"rendered":"","protected":false},"excerpt":{"rendered":"","protected":false},"author":12,"featured_media":13190,"comment_status":"open","ping_status":"closed","sticky":false,"template":"","format":"standard","meta":{"_acf_changed":false,"inline_featured_image":false,"footnotes":""},"categories":[916,898],"tags":[985],"class_list":["post-13143","post","type-post","status-publish","format-standard","has-post-thumbnail","hentry","category-jobcloud-news","category-trends-studien","tag-arbeitsmarkt-studie"],"acf":[],"yoast_head":"<!-- This site is optimized with the Yoast SEO plugin v27.2 - https:\/\/yoast.com\/product\/yoast-seo-wordpress\/ -->\n<title>Arbeitsmarkt-Studie: jeder zweite auf Jobsuche | JobCloud<\/title>\n<meta name=\"description\" content=\"Immer mehr Personen sind latent auf Jobsuche. Es ist heute \u00fcblich, sich latent nach neuen M\u00f6glichkeiten umzusehen, sagt die JobCloud Arbeitsmarkt-Studie.\" \/>\n<meta name=\"robots\" content=\"index, follow, max-snippet:-1, max-image-preview:large, max-video-preview:-1\" \/>\n<link rel=\"canonical\" href=\"https:\/\/www.jobcloud.ch\/c\/de-ch\/blog\/2018\/06\/arbeitsmarkt-studie-jeder-zweite-auf-jobsuche\/\" \/>\n<meta property=\"og:locale\" content=\"de_DE\" \/>\n<meta property=\"og:type\" content=\"article\" \/>\n<meta property=\"og:title\" content=\"Arbeitsmarkt-Studie: jeder zweite auf Jobsuche | JobCloud\" \/>\n<meta property=\"og:description\" content=\"Immer mehr Personen sind latent auf Jobsuche. Es ist heute \u00fcblich, sich latent nach neuen M\u00f6glichkeiten umzusehen, sagt die JobCloud Arbeitsmarkt-Studie.\" \/>\n<meta property=\"og:url\" content=\"https:\/\/www.jobcloud.ch\/c\/de-ch\/blog\/2018\/06\/arbeitsmarkt-studie-jeder-zweite-auf-jobsuche\/\" \/>\n<meta property=\"og:site_name\" content=\"JobCloud\" \/>\n<meta property=\"article:published_time\" content=\"2018-06-28T08:33:25+00:00\" \/>\n<meta property=\"og:image\" content=\"https:\/\/www.jobcloud.ch\/wp-content\/uploads\/2018\/06\/bildschirmfoto-2018-06-27-um-07-13-59-1.png\" \/>\n\t<meta property=\"og:image:width\" content=\"2142\" \/>\n\t<meta property=\"og:image:height\" content=\"834\" \/>\n\t<meta property=\"og:image:type\" content=\"image\/png\" \/>\n<meta name=\"author\" content=\"Rebekka H\u00e4nggi\" \/>\n<meta name=\"twitter:card\" content=\"summary_large_image\" \/>\n<meta name=\"twitter:label1\" content=\"Geschrieben von\" \/>\n\t<meta name=\"twitter:data1\" content=\"Rebekka H\u00e4nggi\" \/>\n<script type=\"application\/ld+json\" class=\"yoast-schema-graph\">{\"@context\":\"https:\/\/schema.org\",\"@graph\":[{\"@type\":\"Article\",\"@id\":\"https:\/\/www.jobcloud.ch\/c\/de-ch\/blog\/2018\/06\/arbeitsmarkt-studie-jeder-zweite-auf-jobsuche\/#article\",\"isPartOf\":{\"@id\":\"https:\/\/www.jobcloud.ch\/c\/de-ch\/blog\/2018\/06\/arbeitsmarkt-studie-jeder-zweite-auf-jobsuche\/\"},\"author\":{\"name\":\"Rebekka H\u00e4nggi\",\"@id\":\"https:\/\/www.jobcloud.ch\/c\/de-ch\/#\/schema\/person\/77630b275e0f27fc4e48d5a2367855af\"},\"headline\":\"Arbeitsmarkt-Studie: jeder zweite auf Jobsuche\",\"datePublished\":\"2018-06-28T08:33:25+00:00\",\"mainEntityOfPage\":{\"@id\":\"https:\/\/www.jobcloud.ch\/c\/de-ch\/blog\/2018\/06\/arbeitsmarkt-studie-jeder-zweite-auf-jobsuche\/\"},\"wordCount\":5,\"commentCount\":0,\"publisher\":{\"@id\":\"https:\/\/www.jobcloud.ch\/c\/de-ch\/#organization\"},\"image\":{\"@id\":\"https:\/\/www.jobcloud.ch\/c\/de-ch\/blog\/2018\/06\/arbeitsmarkt-studie-jeder-zweite-auf-jobsuche\/#primaryimage\"},\"thumbnailUrl\":\"https:\/\/www.jobcloud.ch\/wp-content\/uploads\/2018\/06\/bildschirmfoto-2018-06-27-um-07-13-59-1.png\",\"keywords\":[\"Arbeitsmarkt-Studie\"],\"articleSection\":[\"JobCloud-News\",\"Trends &amp; Studien\"],\"inLanguage\":\"de-CH\",\"potentialAction\":[{\"@type\":\"CommentAction\",\"name\":\"Comment\",\"target\":[\"https:\/\/www.jobcloud.ch\/c\/de-ch\/blog\/2018\/06\/arbeitsmarkt-studie-jeder-zweite-auf-jobsuche\/#respond\"]}]},{\"@type\":\"WebPage\",\"@id\":\"https:\/\/www.jobcloud.ch\/c\/de-ch\/blog\/2018\/06\/arbeitsmarkt-studie-jeder-zweite-auf-jobsuche\/\",\"url\":\"https:\/\/www.jobcloud.ch\/c\/de-ch\/blog\/2018\/06\/arbeitsmarkt-studie-jeder-zweite-auf-jobsuche\/\",\"name\":\"Arbeitsmarkt-Studie: jeder zweite auf Jobsuche | JobCloud\",\"isPartOf\":{\"@id\":\"https:\/\/www.jobcloud.ch\/c\/de-ch\/#website\"},\"primaryImageOfPage\":{\"@id\":\"https:\/\/www.jobcloud.ch\/c\/de-ch\/blog\/2018\/06\/arbeitsmarkt-studie-jeder-zweite-auf-jobsuche\/#primaryimage\"},\"image\":{\"@id\":\"https:\/\/www.jobcloud.ch\/c\/de-ch\/blog\/2018\/06\/arbeitsmarkt-studie-jeder-zweite-auf-jobsuche\/#primaryimage\"},\"thumbnailUrl\":\"https:\/\/www.jobcloud.ch\/wp-content\/uploads\/2018\/06\/bildschirmfoto-2018-06-27-um-07-13-59-1.png\",\"datePublished\":\"2018-06-28T08:33:25+00:00\",\"description\":\"Immer mehr Personen sind latent auf Jobsuche. Es ist heute \u00fcblich, sich latent nach neuen M\u00f6glichkeiten umzusehen, sagt die JobCloud Arbeitsmarkt-Studie.\",\"breadcrumb\":{\"@id\":\"https:\/\/www.jobcloud.ch\/c\/de-ch\/blog\/2018\/06\/arbeitsmarkt-studie-jeder-zweite-auf-jobsuche\/#breadcrumb\"},\"inLanguage\":\"de-CH\",\"potentialAction\":[{\"@type\":\"ReadAction\",\"target\":[\"https:\/\/www.jobcloud.ch\/c\/de-ch\/blog\/2018\/06\/arbeitsmarkt-studie-jeder-zweite-auf-jobsuche\/\"]}]},{\"@type\":\"ImageObject\",\"inLanguage\":\"de-CH\",\"@id\":\"https:\/\/www.jobcloud.ch\/c\/de-ch\/blog\/2018\/06\/arbeitsmarkt-studie-jeder-zweite-auf-jobsuche\/#primaryimage\",\"url\":\"https:\/\/www.jobcloud.ch\/wp-content\/uploads\/2018\/06\/bildschirmfoto-2018-06-27-um-07-13-59-1.png\",\"contentUrl\":\"https:\/\/www.jobcloud.ch\/wp-content\/uploads\/2018\/06\/bildschirmfoto-2018-06-27-um-07-13-59-1.png\",\"width\":2142,\"height\":834,\"caption\":\"JobCloud Arbeitsmarkt-Studie mit LINK Institut\"},{\"@type\":\"BreadcrumbList\",\"@id\":\"https:\/\/www.jobcloud.ch\/c\/de-ch\/blog\/2018\/06\/arbeitsmarkt-studie-jeder-zweite-auf-jobsuche\/#breadcrumb\",\"itemListElement\":[{\"@type\":\"ListItem\",\"position\":1,\"name\":\"Wettbewerbskommission stimmt \u00dcbernahme von jobs.ch durch Ringier und Tamedia zu\",\"item\":\"https:\/\/www.jobcloud.ch\/c\/de-ch\/blog\/press-release\/wettbewerbskommission-stimmt-ubernahme-von-jobs-ch-durch-ringier-und-tamedia-zu\/\"},{\"@type\":\"ListItem\",\"position\":2,\"name\":\"Arbeitsmarkt-Studie: jeder zweite auf Jobsuche\"}]},{\"@type\":\"WebSite\",\"@id\":\"https:\/\/www.jobcloud.ch\/c\/de-ch\/#website\",\"url\":\"https:\/\/www.jobcloud.ch\/c\/de-ch\/\",\"name\":\"JobCloud\",\"description\":\"JobCloud is the leading job portal for jobseekers in Switzerland\",\"publisher\":{\"@id\":\"https:\/\/www.jobcloud.ch\/c\/de-ch\/#organization\"},\"potentialAction\":[{\"@type\":\"SearchAction\",\"target\":{\"@type\":\"EntryPoint\",\"urlTemplate\":\"https:\/\/www.jobcloud.ch\/c\/de-ch\/?s={search_term_string}\"},\"query-input\":{\"@type\":\"PropertyValueSpecification\",\"valueRequired\":true,\"valueName\":\"search_term_string\"}}],\"inLanguage\":\"de-CH\"},{\"@type\":\"Organization\",\"@id\":\"https:\/\/www.jobcloud.ch\/c\/de-ch\/#organization\",\"name\":\"JobCloud\",\"url\":\"https:\/\/www.jobcloud.ch\/c\/de-ch\/\",\"logo\":{\"@type\":\"ImageObject\",\"inLanguage\":\"de-CH\",\"@id\":\"https:\/\/www.jobcloud.ch\/c\/de-ch\/#\/schema\/logo\/image\/\",\"url\":\"https:\/\/www.jobcloud.ch\/wp-content\/uploads\/2020\/02\/jobcloude-logo.svg\",\"contentUrl\":\"https:\/\/www.jobcloud.ch\/wp-content\/uploads\/2020\/02\/jobcloude-logo.svg\",\"width\":160,\"height\":37,\"caption\":\"JobCloud\"},\"image\":{\"@id\":\"https:\/\/www.jobcloud.ch\/c\/de-ch\/#\/schema\/logo\/image\/\"}},{\"@type\":\"Person\",\"@id\":\"https:\/\/www.jobcloud.ch\/c\/de-ch\/#\/schema\/person\/77630b275e0f27fc4e48d5a2367855af\",\"name\":\"Rebekka H\u00e4nggi\",\"image\":{\"@type\":\"ImageObject\",\"inLanguage\":\"de-CH\",\"@id\":\"https:\/\/www.jobcloud.ch\/wp-content\/uploads\/2021\/01\/Rebekka-Haenggi_avatar-96x96.jpg\",\"url\":\"https:\/\/www.jobcloud.ch\/wp-content\/uploads\/2021\/01\/Rebekka-Haenggi_avatar-96x96.jpg\",\"contentUrl\":\"https:\/\/www.jobcloud.ch\/wp-content\/uploads\/2021\/01\/Rebekka-Haenggi_avatar-96x96.jpg\",\"caption\":\"Rebekka H\u00e4nggi\"},\"description\":\"Depuis janvier 2013, je suis en charge de la communication de JobCloud SA. Avant cela, je travaillais dans le d\u00e9partement marketing au sein de la soci\u00e9t\u00e9 Jobup AG. Le domaine du marketing et de la communication est ma passion et cela fait maintenant 8 ans que je m\u2019occupe des sujets relatifs aux RH Management. J\u2019ai un fort attrait pour le marketing du personnel, le recrutement en ligne et la direction du personnel, sujets que j\u2019aborderai sur notre blog. En outre, je vous donnerai un coup d\u2019\u0153il dans les coulisses de JobCloud en m\u2019exprimant sur la vie et le travail chez nous.\",\"sameAs\":[\"https:\/\/www.linkedin.com\/in\/rebekka-hnggi-affolter-9678b142\"],\"url\":\"https:\/\/www.jobcloud.ch\/c\/de-ch\/blog\/author\/rebekka\/\"}]}<\/script>\n<!-- \/ Yoast SEO plugin. -->","yoast_head_json":{"title":"Arbeitsmarkt-Studie: jeder zweite auf Jobsuche | JobCloud","description":"Immer mehr Personen sind latent auf Jobsuche. Es ist heute \u00fcblich, sich latent nach neuen M\u00f6glichkeiten umzusehen, sagt die JobCloud Arbeitsmarkt-Studie.","robots":{"index":"index","follow":"follow","max-snippet":"max-snippet:-1","max-image-preview":"max-image-preview:large","max-video-preview":"max-video-preview:-1"},"canonical":"https:\/\/www.jobcloud.ch\/c\/de-ch\/blog\/2018\/06\/arbeitsmarkt-studie-jeder-zweite-auf-jobsuche\/","og_locale":"de_DE","og_type":"article","og_title":"Arbeitsmarkt-Studie: jeder zweite auf Jobsuche | JobCloud","og_description":"Immer mehr Personen sind latent auf Jobsuche. Es ist heute \u00fcblich, sich latent nach neuen M\u00f6glichkeiten umzusehen, sagt die JobCloud Arbeitsmarkt-Studie.","og_url":"https:\/\/www.jobcloud.ch\/c\/de-ch\/blog\/2018\/06\/arbeitsmarkt-studie-jeder-zweite-auf-jobsuche\/","og_site_name":"JobCloud","article_published_time":"2018-06-28T08:33:25+00:00","og_image":[{"width":2142,"height":834,"url":"https:\/\/www.jobcloud.ch\/wp-content\/uploads\/2018\/06\/bildschirmfoto-2018-06-27-um-07-13-59-1.png","type":"image\/png"}],"author":"Rebekka H\u00e4nggi","twitter_card":"summary_large_image","twitter_misc":{"Geschrieben von":"Rebekka H\u00e4nggi"},"schema":{"@context":"https:\/\/schema.org","@graph":[{"@type":"Article","@id":"https:\/\/www.jobcloud.ch\/c\/de-ch\/blog\/2018\/06\/arbeitsmarkt-studie-jeder-zweite-auf-jobsuche\/#article","isPartOf":{"@id":"https:\/\/www.jobcloud.ch\/c\/de-ch\/blog\/2018\/06\/arbeitsmarkt-studie-jeder-zweite-auf-jobsuche\/"},"author":{"name":"Rebekka H\u00e4nggi","@id":"https:\/\/www.jobcloud.ch\/c\/de-ch\/#\/schema\/person\/77630b275e0f27fc4e48d5a2367855af"},"headline":"Arbeitsmarkt-Studie: jeder zweite auf Jobsuche","datePublished":"2018-06-28T08:33:25+00:00","mainEntityOfPage":{"@id":"https:\/\/www.jobcloud.ch\/c\/de-ch\/blog\/2018\/06\/arbeitsmarkt-studie-jeder-zweite-auf-jobsuche\/"},"wordCount":5,"commentCount":0,"publisher":{"@id":"https:\/\/www.jobcloud.ch\/c\/de-ch\/#organization"},"image":{"@id":"https:\/\/www.jobcloud.ch\/c\/de-ch\/blog\/2018\/06\/arbeitsmarkt-studie-jeder-zweite-auf-jobsuche\/#primaryimage"},"thumbnailUrl":"https:\/\/www.jobcloud.ch\/wp-content\/uploads\/2018\/06\/bildschirmfoto-2018-06-27-um-07-13-59-1.png","keywords":["Arbeitsmarkt-Studie"],"articleSection":["JobCloud-News","Trends &amp; Studien"],"inLanguage":"de-CH","potentialAction":[{"@type":"CommentAction","name":"Comment","target":["https:\/\/www.jobcloud.ch\/c\/de-ch\/blog\/2018\/06\/arbeitsmarkt-studie-jeder-zweite-auf-jobsuche\/#respond"]}]},{"@type":"WebPage","@id":"https:\/\/www.jobcloud.ch\/c\/de-ch\/blog\/2018\/06\/arbeitsmarkt-studie-jeder-zweite-auf-jobsuche\/","url":"https:\/\/www.jobcloud.ch\/c\/de-ch\/blog\/2018\/06\/arbeitsmarkt-studie-jeder-zweite-auf-jobsuche\/","name":"Arbeitsmarkt-Studie: jeder zweite auf Jobsuche | JobCloud","isPartOf":{"@id":"https:\/\/www.jobcloud.ch\/c\/de-ch\/#website"},"primaryImageOfPage":{"@id":"https:\/\/www.jobcloud.ch\/c\/de-ch\/blog\/2018\/06\/arbeitsmarkt-studie-jeder-zweite-auf-jobsuche\/#primaryimage"},"image":{"@id":"https:\/\/www.jobcloud.ch\/c\/de-ch\/blog\/2018\/06\/arbeitsmarkt-studie-jeder-zweite-auf-jobsuche\/#primaryimage"},"thumbnailUrl":"https:\/\/www.jobcloud.ch\/wp-content\/uploads\/2018\/06\/bildschirmfoto-2018-06-27-um-07-13-59-1.png","datePublished":"2018-06-28T08:33:25+00:00","description":"Immer mehr Personen sind latent auf Jobsuche. Es ist heute \u00fcblich, sich latent nach neuen M\u00f6glichkeiten umzusehen, sagt die JobCloud Arbeitsmarkt-Studie.","breadcrumb":{"@id":"https:\/\/www.jobcloud.ch\/c\/de-ch\/blog\/2018\/06\/arbeitsmarkt-studie-jeder-zweite-auf-jobsuche\/#breadcrumb"},"inLanguage":"de-CH","potentialAction":[{"@type":"ReadAction","target":["https:\/\/www.jobcloud.ch\/c\/de-ch\/blog\/2018\/06\/arbeitsmarkt-studie-jeder-zweite-auf-jobsuche\/"]}]},{"@type":"ImageObject","inLanguage":"de-CH","@id":"https:\/\/www.jobcloud.ch\/c\/de-ch\/blog\/2018\/06\/arbeitsmarkt-studie-jeder-zweite-auf-jobsuche\/#primaryimage","url":"https:\/\/www.jobcloud.ch\/wp-content\/uploads\/2018\/06\/bildschirmfoto-2018-06-27-um-07-13-59-1.png","contentUrl":"https:\/\/www.jobcloud.ch\/wp-content\/uploads\/2018\/06\/bildschirmfoto-2018-06-27-um-07-13-59-1.png","width":2142,"height":834,"caption":"JobCloud Arbeitsmarkt-Studie mit LINK Institut"},{"@type":"BreadcrumbList","@id":"https:\/\/www.jobcloud.ch\/c\/de-ch\/blog\/2018\/06\/arbeitsmarkt-studie-jeder-zweite-auf-jobsuche\/#breadcrumb","itemListElement":[{"@type":"ListItem","position":1,"name":"Wettbewerbskommission stimmt \u00dcbernahme von jobs.ch durch Ringier und Tamedia zu","item":"https:\/\/www.jobcloud.ch\/c\/de-ch\/blog\/press-release\/wettbewerbskommission-stimmt-ubernahme-von-jobs-ch-durch-ringier-und-tamedia-zu\/"},{"@type":"ListItem","position":2,"name":"Arbeitsmarkt-Studie: jeder zweite auf Jobsuche"}]},{"@type":"WebSite","@id":"https:\/\/www.jobcloud.ch\/c\/de-ch\/#website","url":"https:\/\/www.jobcloud.ch\/c\/de-ch\/","name":"JobCloud","description":"JobCloud is the leading job portal for jobseekers in Switzerland","publisher":{"@id":"https:\/\/www.jobcloud.ch\/c\/de-ch\/#organization"},"potentialAction":[{"@type":"SearchAction","target":{"@type":"EntryPoint","urlTemplate":"https:\/\/www.jobcloud.ch\/c\/de-ch\/?s={search_term_string}"},"query-input":{"@type":"PropertyValueSpecification","valueRequired":true,"valueName":"search_term_string"}}],"inLanguage":"de-CH"},{"@type":"Organization","@id":"https:\/\/www.jobcloud.ch\/c\/de-ch\/#organization","name":"JobCloud","url":"https:\/\/www.jobcloud.ch\/c\/de-ch\/","logo":{"@type":"ImageObject","inLanguage":"de-CH","@id":"https:\/\/www.jobcloud.ch\/c\/de-ch\/#\/schema\/logo\/image\/","url":"https:\/\/www.jobcloud.ch\/wp-content\/uploads\/2020\/02\/jobcloude-logo.svg","contentUrl":"https:\/\/www.jobcloud.ch\/wp-content\/uploads\/2020\/02\/jobcloude-logo.svg","width":160,"height":37,"caption":"JobCloud"},"image":{"@id":"https:\/\/www.jobcloud.ch\/c\/de-ch\/#\/schema\/logo\/image\/"}},{"@type":"Person","@id":"https:\/\/www.jobcloud.ch\/c\/de-ch\/#\/schema\/person\/77630b275e0f27fc4e48d5a2367855af","name":"Rebekka H\u00e4nggi","image":{"@type":"ImageObject","inLanguage":"de-CH","@id":"https:\/\/www.jobcloud.ch\/wp-content\/uploads\/2021\/01\/Rebekka-Haenggi_avatar-96x96.jpg","url":"https:\/\/www.jobcloud.ch\/wp-content\/uploads\/2021\/01\/Rebekka-Haenggi_avatar-96x96.jpg","contentUrl":"https:\/\/www.jobcloud.ch\/wp-content\/uploads\/2021\/01\/Rebekka-Haenggi_avatar-96x96.jpg","caption":"Rebekka H\u00e4nggi"},"description":"Depuis janvier 2013, je suis en charge de la communication de JobCloud SA. Avant cela, je travaillais dans le d\u00e9partement marketing au sein de la soci\u00e9t\u00e9 Jobup AG. Le domaine du marketing et de la communication est ma passion et cela fait maintenant 8 ans que je m\u2019occupe des sujets relatifs aux RH Management. J\u2019ai un fort attrait pour le marketing du personnel, le recrutement en ligne et la direction du personnel, sujets que j\u2019aborderai sur notre blog. En outre, je vous donnerai un coup d\u2019\u0153il dans les coulisses de JobCloud en m\u2019exprimant sur la vie et le travail chez nous.","sameAs":["https:\/\/www.linkedin.com\/in\/rebekka-hnggi-affolter-9678b142"],"url":"https:\/\/www.jobcloud.ch\/c\/de-ch\/blog\/author\/rebekka\/"}]}},"_links":{"self":[{"href":"https:\/\/www.jobcloud.ch\/c\/de-ch\/wp-json\/wp\/v2\/posts\/13143","targetHints":{"allow":["GET"]}}],"collection":[{"href":"https:\/\/www.jobcloud.ch\/c\/de-ch\/wp-json\/wp\/v2\/posts"}],"about":[{"href":"https:\/\/www.jobcloud.ch\/c\/de-ch\/wp-json\/wp\/v2\/types\/post"}],"author":[{"embeddable":true,"href":"https:\/\/www.jobcloud.ch\/c\/de-ch\/wp-json\/wp\/v2\/users\/12"}],"replies":[{"embeddable":true,"href":"https:\/\/www.jobcloud.ch\/c\/de-ch\/wp-json\/wp\/v2\/comments?post=13143"}],"version-history":[{"count":0,"href":"https:\/\/www.jobcloud.ch\/c\/de-ch\/wp-json\/wp\/v2\/posts\/13143\/revisions"}],"wp:featuredmedia":[{"embeddable":true,"href":"https:\/\/www.jobcloud.ch\/c\/de-ch\/wp-json\/wp\/v2\/media\/13190"}],"wp:attachment":[{"href":"https:\/\/www.jobcloud.ch\/c\/de-ch\/wp-json\/wp\/v2\/media?parent=13143"}],"wp:term":[{"taxonomy":"category","embeddable":true,"href":"https:\/\/www.jobcloud.ch\/c\/de-ch\/wp-json\/wp\/v2\/categories?post=13143"},{"taxonomy":"post_tag","embeddable":true,"href":"https:\/\/www.jobcloud.ch\/c\/de-ch\/wp-json\/wp\/v2\/tags?post=13143"}],"curies":[{"name":"wp","href":"https:\/\/api.w.org\/{rel}","templated":true}]}}