     {"id":12772,"date":"2022-04-02T07:15:36","date_gmt":"2022-04-02T05:15:36","guid":{"rendered":"https:\/\/www.jobcloud.ch\/c\/de-ch\/?p=12772"},"modified":"2022-04-12T17:07:30","modified_gmt":"2022-04-12T15:07:30","slug":"das-zweite-bewerbungsgespraech","status":"publish","type":"post","link":"https:\/\/www.jobcloud.ch\/c\/de-ch\/blog\/das-zweite-bewerbungsgespraech\/","title":{"rendered":"Das zweite Bewerbungsgespr\u00e4ch"},"content":{"rendered":"","protected":false},"excerpt":{"rendered":"","protected":false},"author":35,"featured_media":12770,"comment_status":"open","ping_status":"closed","sticky":false,"template":"","format":"standard","meta":{"_acf_changed":false,"inline_featured_image":false,"footnotes":""},"categories":[899],"tags":[1103,1266,1317],"class_list":["post-12772","post","type-post","status-publish","format-standard","has-post-thumbnail","hentry","category-recruiting","tag-bewerbungsgesprach","tag-jobinterview","tag-zweitgespraech"],"acf":[],"yoast_head":"<!-- This site is optimized with the Yoast SEO plugin v27.2 - https:\/\/yoast.com\/product\/yoast-seo-wordpress\/ -->\n<title>Das zweite Bewerbungsgespr\u00e4ch | JobCloud<\/title>\n<meta name=\"description\" content=\"Sie haben die erste Interviewrunde mit m\u00f6glichen Kandidatinnen und Kandidaten f\u00fcr eine Stelle hinter sich gebracht. Aber wie geht es nun weiter? Ich begleite Sie beim zweiten Bewerbungsgespr\u00e4ch.\" \/>\n<meta name=\"robots\" content=\"index, follow, max-snippet:-1, max-image-preview:large, max-video-preview:-1\" \/>\n<link rel=\"canonical\" href=\"https:\/\/www.jobcloud.ch\/c\/de-ch\/blog\/das-zweite-bewerbungsgespraech\/\" \/>\n<meta property=\"og:locale\" content=\"de_DE\" \/>\n<meta property=\"og:type\" content=\"article\" \/>\n<meta property=\"og:title\" content=\"Das zweite Bewerbungsgespr\u00e4ch | JobCloud\" \/>\n<meta property=\"og:description\" content=\"Sie haben die erste Interviewrunde mit m\u00f6glichen Kandidatinnen und Kandidaten f\u00fcr eine Stelle hinter sich gebracht. Aber wie geht es nun weiter? Ich begleite Sie beim zweiten Bewerbungsgespr\u00e4ch.\" \/>\n<meta property=\"og:url\" content=\"https:\/\/www.jobcloud.ch\/c\/de-ch\/blog\/das-zweite-bewerbungsgespraech\/\" \/>\n<meta property=\"og:site_name\" content=\"JobCloud\" \/>\n<meta property=\"article:published_time\" content=\"2022-04-02T05:15:36+00:00\" \/>\n<meta property=\"article:modified_time\" content=\"2022-04-12T15:07:30+00:00\" \/>\n<meta property=\"og:image\" content=\"https:\/\/www.jobcloud.ch\/wp-content\/uploads\/2018\/05\/2-bewerbungsgespraech-1.jpg\" \/>\n\t<meta property=\"og:image:width\" content=\"1022\" \/>\n\t<meta property=\"og:image:height\" content=\"391\" \/>\n\t<meta property=\"og:image:type\" content=\"image\/jpeg\" \/>\n<meta name=\"author\" content=\"Diana Roth\" \/>\n<meta name=\"twitter:card\" content=\"summary_large_image\" \/>\n<meta name=\"twitter:label1\" content=\"Geschrieben von\" \/>\n\t<meta name=\"twitter:data1\" content=\"Diana Roth\" \/>\n<script type=\"application\/ld+json\" class=\"yoast-schema-graph\">{\"@context\":\"https:\/\/schema.org\",\"@graph\":[{\"@type\":\"Article\",\"@id\":\"https:\/\/www.jobcloud.ch\/c\/de-ch\/blog\/das-zweite-bewerbungsgespraech\/#article\",\"isPartOf\":{\"@id\":\"https:\/\/www.jobcloud.ch\/c\/de-ch\/blog\/das-zweite-bewerbungsgespraech\/\"},\"author\":{\"name\":\"Diana Roth\",\"@id\":\"https:\/\/www.jobcloud.ch\/c\/de-ch\/#\/schema\/person\/e85aa33ed36695266e843cebf5a18e37\"},\"headline\":\"Das zweite Bewerbungsgespr\u00e4ch\",\"datePublished\":\"2022-04-02T05:15:36+00:00\",\"dateModified\":\"2022-04-12T15:07:30+00:00\",\"mainEntityOfPage\":{\"@id\":\"https:\/\/www.jobcloud.ch\/c\/de-ch\/blog\/das-zweite-bewerbungsgespraech\/\"},\"wordCount\":4,\"commentCount\":2,\"publisher\":{\"@id\":\"https:\/\/www.jobcloud.ch\/c\/de-ch\/#organization\"},\"image\":{\"@id\":\"https:\/\/www.jobcloud.ch\/c\/de-ch\/blog\/das-zweite-bewerbungsgespraech\/#primaryimage\"},\"thumbnailUrl\":\"https:\/\/www.jobcloud.ch\/wp-content\/uploads\/2018\/05\/2-bewerbungsgespraech-1.jpg\",\"keywords\":[\"Bewerbungsgespr\u00e4ch\",\"Jobinterview\",\"Zweitgespr\u00e4ch\"],\"articleSection\":[\"Recruiting\"],\"inLanguage\":\"de-CH\",\"potentialAction\":[{\"@type\":\"CommentAction\",\"name\":\"Comment\",\"target\":[\"https:\/\/www.jobcloud.ch\/c\/de-ch\/blog\/das-zweite-bewerbungsgespraech\/#respond\"]}]},{\"@type\":\"WebPage\",\"@id\":\"https:\/\/www.jobcloud.ch\/c\/de-ch\/blog\/das-zweite-bewerbungsgespraech\/\",\"url\":\"https:\/\/www.jobcloud.ch\/c\/de-ch\/blog\/das-zweite-bewerbungsgespraech\/\",\"name\":\"Das zweite Bewerbungsgespr\u00e4ch | JobCloud\",\"isPartOf\":{\"@id\":\"https:\/\/www.jobcloud.ch\/c\/de-ch\/#website\"},\"primaryImageOfPage\":{\"@id\":\"https:\/\/www.jobcloud.ch\/c\/de-ch\/blog\/das-zweite-bewerbungsgespraech\/#primaryimage\"},\"image\":{\"@id\":\"https:\/\/www.jobcloud.ch\/c\/de-ch\/blog\/das-zweite-bewerbungsgespraech\/#primaryimage\"},\"thumbnailUrl\":\"https:\/\/www.jobcloud.ch\/wp-content\/uploads\/2018\/05\/2-bewerbungsgespraech-1.jpg\",\"datePublished\":\"2022-04-02T05:15:36+00:00\",\"dateModified\":\"2022-04-12T15:07:30+00:00\",\"description\":\"Sie haben die erste Interviewrunde mit m\u00f6glichen Kandidatinnen und Kandidaten f\u00fcr eine Stelle hinter sich gebracht. Aber wie geht es nun weiter? Ich begleite Sie beim zweiten Bewerbungsgespr\u00e4ch.\",\"inLanguage\":\"de-CH\",\"potentialAction\":[{\"@type\":\"ReadAction\",\"target\":[\"https:\/\/www.jobcloud.ch\/c\/de-ch\/blog\/das-zweite-bewerbungsgespraech\/\"]}]},{\"@type\":\"ImageObject\",\"inLanguage\":\"de-CH\",\"@id\":\"https:\/\/www.jobcloud.ch\/c\/de-ch\/blog\/das-zweite-bewerbungsgespraech\/#primaryimage\",\"url\":\"https:\/\/www.jobcloud.ch\/wp-content\/uploads\/2018\/05\/2-bewerbungsgespraech-1.jpg\",\"contentUrl\":\"https:\/\/www.jobcloud.ch\/wp-content\/uploads\/2018\/05\/2-bewerbungsgespraech-1.jpg\",\"width\":1022,\"height\":391},{\"@type\":\"WebSite\",\"@id\":\"https:\/\/www.jobcloud.ch\/c\/de-ch\/#website\",\"url\":\"https:\/\/www.jobcloud.ch\/c\/de-ch\/\",\"name\":\"JobCloud\",\"description\":\"JobCloud is the leading job portal for jobseekers in Switzerland\",\"publisher\":{\"@id\":\"https:\/\/www.jobcloud.ch\/c\/de-ch\/#organization\"},\"potentialAction\":[{\"@type\":\"SearchAction\",\"target\":{\"@type\":\"EntryPoint\",\"urlTemplate\":\"https:\/\/www.jobcloud.ch\/c\/de-ch\/?s={search_term_string}\"},\"query-input\":{\"@type\":\"PropertyValueSpecification\",\"valueRequired\":true,\"valueName\":\"search_term_string\"}}],\"inLanguage\":\"de-CH\"},{\"@type\":\"Organization\",\"@id\":\"https:\/\/www.jobcloud.ch\/c\/de-ch\/#organization\",\"name\":\"JobCloud\",\"url\":\"https:\/\/www.jobcloud.ch\/c\/de-ch\/\",\"logo\":{\"@type\":\"ImageObject\",\"inLanguage\":\"de-CH\",\"@id\":\"https:\/\/www.jobcloud.ch\/c\/de-ch\/#\/schema\/logo\/image\/\",\"url\":\"https:\/\/www.jobcloud.ch\/wp-content\/uploads\/2020\/02\/jobcloude-logo.svg\",\"contentUrl\":\"https:\/\/www.jobcloud.ch\/wp-content\/uploads\/2020\/02\/jobcloude-logo.svg\",\"width\":160,\"height\":37,\"caption\":\"JobCloud\"},\"image\":{\"@id\":\"https:\/\/www.jobcloud.ch\/c\/de-ch\/#\/schema\/logo\/image\/\"}},{\"@type\":\"Person\",\"@id\":\"https:\/\/www.jobcloud.ch\/c\/de-ch\/#\/schema\/person\/e85aa33ed36695266e843cebf5a18e37\",\"name\":\"Diana Roth\",\"image\":{\"@type\":\"ImageObject\",\"inLanguage\":\"de-CH\",\"@id\":\"https:\/\/www.jobcloud.ch\/wp-content\/uploads\/2021\/01\/Diana-Roth_avatar-96x96.jpg\",\"url\":\"https:\/\/www.jobcloud.ch\/wp-content\/uploads\/2021\/01\/Diana-Roth_avatar-96x96.jpg\",\"contentUrl\":\"https:\/\/www.jobcloud.ch\/wp-content\/uploads\/2021\/01\/Diana-Roth_avatar-96x96.jpg\",\"caption\":\"Diana Roth\"},\"sameAs\":[\"http:\/\/bit.ly\/2qjhI3F\"],\"url\":\"https:\/\/www.jobcloud.ch\/c\/de-ch\/blog\/author\/dianaroth\/\"}]}<\/script>\n<!-- \/ Yoast SEO plugin. -->","yoast_head_json":{"title":"Das zweite Bewerbungsgespr\u00e4ch | JobCloud","description":"Sie haben die erste Interviewrunde mit m\u00f6glichen Kandidatinnen und Kandidaten f\u00fcr eine Stelle hinter sich gebracht. Aber wie geht es nun weiter? Ich begleite Sie beim zweiten Bewerbungsgespr\u00e4ch.","robots":{"index":"index","follow":"follow","max-snippet":"max-snippet:-1","max-image-preview":"max-image-preview:large","max-video-preview":"max-video-preview:-1"},"canonical":"https:\/\/www.jobcloud.ch\/c\/de-ch\/blog\/das-zweite-bewerbungsgespraech\/","og_locale":"de_DE","og_type":"article","og_title":"Das zweite Bewerbungsgespr\u00e4ch | JobCloud","og_description":"Sie haben die erste Interviewrunde mit m\u00f6glichen Kandidatinnen und Kandidaten f\u00fcr eine Stelle hinter sich gebracht. Aber wie geht es nun weiter? Ich begleite Sie beim zweiten Bewerbungsgespr\u00e4ch.","og_url":"https:\/\/www.jobcloud.ch\/c\/de-ch\/blog\/das-zweite-bewerbungsgespraech\/","og_site_name":"JobCloud","article_published_time":"2022-04-02T05:15:36+00:00","article_modified_time":"2022-04-12T15:07:30+00:00","og_image":[{"width":1022,"height":391,"url":"https:\/\/www.jobcloud.ch\/wp-content\/uploads\/2018\/05\/2-bewerbungsgespraech-1.jpg","type":"image\/jpeg"}],"author":"Diana Roth","twitter_card":"summary_large_image","twitter_misc":{"Geschrieben von":"Diana Roth"},"schema":{"@context":"https:\/\/schema.org","@graph":[{"@type":"Article","@id":"https:\/\/www.jobcloud.ch\/c\/de-ch\/blog\/das-zweite-bewerbungsgespraech\/#article","isPartOf":{"@id":"https:\/\/www.jobcloud.ch\/c\/de-ch\/blog\/das-zweite-bewerbungsgespraech\/"},"author":{"name":"Diana Roth","@id":"https:\/\/www.jobcloud.ch\/c\/de-ch\/#\/schema\/person\/e85aa33ed36695266e843cebf5a18e37"},"headline":"Das zweite Bewerbungsgespr\u00e4ch","datePublished":"2022-04-02T05:15:36+00:00","dateModified":"2022-04-12T15:07:30+00:00","mainEntityOfPage":{"@id":"https:\/\/www.jobcloud.ch\/c\/de-ch\/blog\/das-zweite-bewerbungsgespraech\/"},"wordCount":4,"commentCount":2,"publisher":{"@id":"https:\/\/www.jobcloud.ch\/c\/de-ch\/#organization"},"image":{"@id":"https:\/\/www.jobcloud.ch\/c\/de-ch\/blog\/das-zweite-bewerbungsgespraech\/#primaryimage"},"thumbnailUrl":"https:\/\/www.jobcloud.ch\/wp-content\/uploads\/2018\/05\/2-bewerbungsgespraech-1.jpg","keywords":["Bewerbungsgespr\u00e4ch","Jobinterview","Zweitgespr\u00e4ch"],"articleSection":["Recruiting"],"inLanguage":"de-CH","potentialAction":[{"@type":"CommentAction","name":"Comment","target":["https:\/\/www.jobcloud.ch\/c\/de-ch\/blog\/das-zweite-bewerbungsgespraech\/#respond"]}]},{"@type":"WebPage","@id":"https:\/\/www.jobcloud.ch\/c\/de-ch\/blog\/das-zweite-bewerbungsgespraech\/","url":"https:\/\/www.jobcloud.ch\/c\/de-ch\/blog\/das-zweite-bewerbungsgespraech\/","name":"Das zweite Bewerbungsgespr\u00e4ch | JobCloud","isPartOf":{"@id":"https:\/\/www.jobcloud.ch\/c\/de-ch\/#website"},"primaryImageOfPage":{"@id":"https:\/\/www.jobcloud.ch\/c\/de-ch\/blog\/das-zweite-bewerbungsgespraech\/#primaryimage"},"image":{"@id":"https:\/\/www.jobcloud.ch\/c\/de-ch\/blog\/das-zweite-bewerbungsgespraech\/#primaryimage"},"thumbnailUrl":"https:\/\/www.jobcloud.ch\/wp-content\/uploads\/2018\/05\/2-bewerbungsgespraech-1.jpg","datePublished":"2022-04-02T05:15:36+00:00","dateModified":"2022-04-12T15:07:30+00:00","description":"Sie haben die erste Interviewrunde mit m\u00f6glichen Kandidatinnen und Kandidaten f\u00fcr eine Stelle hinter sich gebracht. Aber wie geht es nun weiter? Ich begleite Sie beim zweiten Bewerbungsgespr\u00e4ch.","inLanguage":"de-CH","potentialAction":[{"@type":"ReadAction","target":["https:\/\/www.jobcloud.ch\/c\/de-ch\/blog\/das-zweite-bewerbungsgespraech\/"]}]},{"@type":"ImageObject","inLanguage":"de-CH","@id":"https:\/\/www.jobcloud.ch\/c\/de-ch\/blog\/das-zweite-bewerbungsgespraech\/#primaryimage","url":"https:\/\/www.jobcloud.ch\/wp-content\/uploads\/2018\/05\/2-bewerbungsgespraech-1.jpg","contentUrl":"https:\/\/www.jobcloud.ch\/wp-content\/uploads\/2018\/05\/2-bewerbungsgespraech-1.jpg","width":1022,"height":391},{"@type":"WebSite","@id":"https:\/\/www.jobcloud.ch\/c\/de-ch\/#website","url":"https:\/\/www.jobcloud.ch\/c\/de-ch\/","name":"JobCloud","description":"JobCloud is the leading job portal for jobseekers in Switzerland","publisher":{"@id":"https:\/\/www.jobcloud.ch\/c\/de-ch\/#organization"},"potentialAction":[{"@type":"SearchAction","target":{"@type":"EntryPoint","urlTemplate":"https:\/\/www.jobcloud.ch\/c\/de-ch\/?s={search_term_string}"},"query-input":{"@type":"PropertyValueSpecification","valueRequired":true,"valueName":"search_term_string"}}],"inLanguage":"de-CH"},{"@type":"Organization","@id":"https:\/\/www.jobcloud.ch\/c\/de-ch\/#organization","name":"JobCloud","url":"https:\/\/www.jobcloud.ch\/c\/de-ch\/","logo":{"@type":"ImageObject","inLanguage":"de-CH","@id":"https:\/\/www.jobcloud.ch\/c\/de-ch\/#\/schema\/logo\/image\/","url":"https:\/\/www.jobcloud.ch\/wp-content\/uploads\/2020\/02\/jobcloude-logo.svg","contentUrl":"https:\/\/www.jobcloud.ch\/wp-content\/uploads\/2020\/02\/jobcloude-logo.svg","width":160,"height":37,"caption":"JobCloud"},"image":{"@id":"https:\/\/www.jobcloud.ch\/c\/de-ch\/#\/schema\/logo\/image\/"}},{"@type":"Person","@id":"https:\/\/www.jobcloud.ch\/c\/de-ch\/#\/schema\/person\/e85aa33ed36695266e843cebf5a18e37","name":"Diana Roth","image":{"@type":"ImageObject","inLanguage":"de-CH","@id":"https:\/\/www.jobcloud.ch\/wp-content\/uploads\/2021\/01\/Diana-Roth_avatar-96x96.jpg","url":"https:\/\/www.jobcloud.ch\/wp-content\/uploads\/2021\/01\/Diana-Roth_avatar-96x96.jpg","contentUrl":"https:\/\/www.jobcloud.ch\/wp-content\/uploads\/2021\/01\/Diana-Roth_avatar-96x96.jpg","caption":"Diana Roth"},"sameAs":["http:\/\/bit.ly\/2qjhI3F"],"url":"https:\/\/www.jobcloud.ch\/c\/de-ch\/blog\/author\/dianaroth\/"}]}},"_links":{"self":[{"href":"https:\/\/www.jobcloud.ch\/c\/de-ch\/wp-json\/wp\/v2\/posts\/12772","targetHints":{"allow":["GET"]}}],"collection":[{"href":"https:\/\/www.jobcloud.ch\/c\/de-ch\/wp-json\/wp\/v2\/posts"}],"about":[{"href":"https:\/\/www.jobcloud.ch\/c\/de-ch\/wp-json\/wp\/v2\/types\/post"}],"author":[{"embeddable":true,"href":"https:\/\/www.jobcloud.ch\/c\/de-ch\/wp-json\/wp\/v2\/users\/35"}],"replies":[{"embeddable":true,"href":"https:\/\/www.jobcloud.ch\/c\/de-ch\/wp-json\/wp\/v2\/comments?post=12772"}],"version-history":[{"count":0,"href":"https:\/\/www.jobcloud.ch\/c\/de-ch\/wp-json\/wp\/v2\/posts\/12772\/revisions"}],"wp:featuredmedia":[{"embeddable":true,"href":"https:\/\/www.jobcloud.ch\/c\/de-ch\/wp-json\/wp\/v2\/media\/12770"}],"wp:attachment":[{"href":"https:\/\/www.jobcloud.ch\/c\/de-ch\/wp-json\/wp\/v2\/media?parent=12772"}],"wp:term":[{"taxonomy":"category","embeddable":true,"href":"https:\/\/www.jobcloud.ch\/c\/de-ch\/wp-json\/wp\/v2\/categories?post=12772"},{"taxonomy":"post_tag","embeddable":true,"href":"https:\/\/www.jobcloud.ch\/c\/de-ch\/wp-json\/wp\/v2\/tags?post=12772"}],"curies":[{"name":"wp","href":"https:\/\/api.w.org\/{rel}","templated":true}]}}