     {"id":11147,"date":"2022-04-08T11:51:48","date_gmt":"2022-04-08T09:51:48","guid":{"rendered":"https:\/\/www.jobcloud.ch\/c\/de-ch\/?p=11147"},"modified":"2022-04-12T15:35:37","modified_gmt":"2022-04-12T13:35:37","slug":"rechtsfragen-bei-gleitender-arbeitszeit","status":"publish","type":"post","link":"https:\/\/www.jobcloud.ch\/c\/de-ch\/blog\/rechtsfragen-gleitende-arbeitszeit\/","title":{"rendered":"Rechtsfragen bei gleitender Arbeitszeit in der Schweiz"},"content":{"rendered":"","protected":false},"excerpt":{"rendered":"","protected":false},"author":32,"featured_media":11148,"comment_status":"open","ping_status":"closed","sticky":false,"template":"","format":"standard","meta":{"_acf_changed":false,"inline_featured_image":false,"footnotes":""},"categories":[1116],"tags":[1247,1248,1249,1250,1251],"class_list":["post-11147","post","type-post","status-publish","format-standard","has-post-thumbnail","hentry","category-arbeitsrecht","tag-arbeitszeitmodelle","tag-flexible-arbeiszeit","tag-gleitende-arbeitszeit","tag-gleitzeit","tag-ueberstunden"],"acf":[],"yoast_head":"<!-- This site is optimized with the Yoast SEO plugin v27.2 - https:\/\/yoast.com\/product\/yoast-seo-wordpress\/ -->\n<title>Rechtsfragen bei gleitender Arbeitszeit in der Schweiz | JobCloud<\/title>\n<meta name=\"description\" content=\"Gleitende Arbeitszeit ist ein beliebtes Arbeitszeitmodell. Aus arbeitsrechtlicher Sicht m\u00fcssen Unternehmen und Arbeitnehmer jedoch einiges beachten.\" \/>\n<meta name=\"robots\" content=\"index, follow, max-snippet:-1, max-image-preview:large, max-video-preview:-1\" \/>\n<link rel=\"canonical\" href=\"https:\/\/www.jobcloud.ch\/c\/de-ch\/blog\/rechtsfragen-gleitende-arbeitszeit\/\" \/>\n<meta property=\"og:locale\" content=\"de_DE\" \/>\n<meta property=\"og:type\" content=\"article\" \/>\n<meta property=\"og:title\" content=\"Rechtsfragen bei gleitender Arbeitszeit in der Schweiz | JobCloud\" \/>\n<meta property=\"og:description\" content=\"Gleitende Arbeitszeit ist ein beliebtes Arbeitszeitmodell. Aus arbeitsrechtlicher Sicht m\u00fcssen Unternehmen und Arbeitnehmer jedoch einiges beachten.\" \/>\n<meta property=\"og:url\" content=\"https:\/\/www.jobcloud.ch\/c\/de-ch\/blog\/rechtsfragen-gleitende-arbeitszeit\/\" \/>\n<meta property=\"og:site_name\" content=\"JobCloud\" \/>\n<meta property=\"article:published_time\" content=\"2022-04-08T09:51:48+00:00\" \/>\n<meta property=\"article:modified_time\" content=\"2022-04-12T13:35:37+00:00\" \/>\n<meta property=\"og:image\" content=\"https:\/\/www.jobcloud.ch\/wp-content\/uploads\/2017\/12\/gleitzeit-1.jpg\" \/>\n\t<meta property=\"og:image:width\" content=\"1000\" \/>\n\t<meta property=\"og:image:height\" content=\"386\" \/>\n\t<meta property=\"og:image:type\" content=\"image\/jpeg\" \/>\n<meta name=\"author\" content=\"Roland Bachmann\" \/>\n<meta name=\"twitter:card\" content=\"summary_large_image\" \/>\n<meta name=\"twitter:label1\" content=\"Geschrieben von\" \/>\n\t<meta name=\"twitter:data1\" content=\"Roland Bachmann\" \/>\n<script type=\"application\/ld+json\" class=\"yoast-schema-graph\">{\"@context\":\"https:\/\/schema.org\",\"@graph\":[{\"@type\":\"Article\",\"@id\":\"https:\/\/www.jobcloud.ch\/c\/de-ch\/blog\/rechtsfragen-gleitende-arbeitszeit\/#article\",\"isPartOf\":{\"@id\":\"https:\/\/www.jobcloud.ch\/c\/de-ch\/blog\/rechtsfragen-gleitende-arbeitszeit\/\"},\"author\":{\"name\":\"Roland Bachmann\",\"@id\":\"https:\/\/www.jobcloud.ch\/c\/de-ch\/#\/schema\/person\/b5a1acb8751624420c1b9b41a55929b4\"},\"headline\":\"Rechtsfragen bei gleitender Arbeitszeit in der Schweiz\",\"datePublished\":\"2022-04-08T09:51:48+00:00\",\"dateModified\":\"2022-04-12T13:35:37+00:00\",\"mainEntityOfPage\":{\"@id\":\"https:\/\/www.jobcloud.ch\/c\/de-ch\/blog\/rechtsfragen-gleitende-arbeitszeit\/\"},\"wordCount\":7,\"commentCount\":1,\"publisher\":{\"@id\":\"https:\/\/www.jobcloud.ch\/c\/de-ch\/#organization\"},\"image\":{\"@id\":\"https:\/\/www.jobcloud.ch\/c\/de-ch\/blog\/rechtsfragen-gleitende-arbeitszeit\/#primaryimage\"},\"thumbnailUrl\":\"https:\/\/www.jobcloud.ch\/wp-content\/uploads\/2017\/12\/gleitzeit-1.jpg\",\"keywords\":[\"Arbeitszeitmodelle\",\"flexible Arbeiszeit\",\"Gleitende Arbeitszeit\",\"Gleitzeit\",\"\u00dcberstunden\"],\"articleSection\":[\"Arbeitsrecht\"],\"inLanguage\":\"de-CH\",\"potentialAction\":[{\"@type\":\"CommentAction\",\"name\":\"Comment\",\"target\":[\"https:\/\/www.jobcloud.ch\/c\/de-ch\/blog\/rechtsfragen-gleitende-arbeitszeit\/#respond\"]}]},{\"@type\":\"WebPage\",\"@id\":\"https:\/\/www.jobcloud.ch\/c\/de-ch\/blog\/rechtsfragen-gleitende-arbeitszeit\/\",\"url\":\"https:\/\/www.jobcloud.ch\/c\/de-ch\/blog\/rechtsfragen-gleitende-arbeitszeit\/\",\"name\":\"Rechtsfragen bei gleitender Arbeitszeit in der Schweiz | JobCloud\",\"isPartOf\":{\"@id\":\"https:\/\/www.jobcloud.ch\/c\/de-ch\/#website\"},\"primaryImageOfPage\":{\"@id\":\"https:\/\/www.jobcloud.ch\/c\/de-ch\/blog\/rechtsfragen-gleitende-arbeitszeit\/#primaryimage\"},\"image\":{\"@id\":\"https:\/\/www.jobcloud.ch\/c\/de-ch\/blog\/rechtsfragen-gleitende-arbeitszeit\/#primaryimage\"},\"thumbnailUrl\":\"https:\/\/www.jobcloud.ch\/wp-content\/uploads\/2017\/12\/gleitzeit-1.jpg\",\"datePublished\":\"2022-04-08T09:51:48+00:00\",\"dateModified\":\"2022-04-12T13:35:37+00:00\",\"description\":\"Gleitende Arbeitszeit ist ein beliebtes Arbeitszeitmodell. Aus arbeitsrechtlicher Sicht m\u00fcssen Unternehmen und Arbeitnehmer jedoch einiges beachten.\",\"breadcrumb\":{\"@id\":\"https:\/\/www.jobcloud.ch\/c\/de-ch\/blog\/rechtsfragen-gleitende-arbeitszeit\/#breadcrumb\"},\"inLanguage\":\"de-CH\",\"potentialAction\":[{\"@type\":\"ReadAction\",\"target\":[\"https:\/\/www.jobcloud.ch\/c\/de-ch\/blog\/rechtsfragen-gleitende-arbeitszeit\/\"]}]},{\"@type\":\"ImageObject\",\"inLanguage\":\"de-CH\",\"@id\":\"https:\/\/www.jobcloud.ch\/c\/de-ch\/blog\/rechtsfragen-gleitende-arbeitszeit\/#primaryimage\",\"url\":\"https:\/\/www.jobcloud.ch\/wp-content\/uploads\/2017\/12\/gleitzeit-1.jpg\",\"contentUrl\":\"https:\/\/www.jobcloud.ch\/wp-content\/uploads\/2017\/12\/gleitzeit-1.jpg\",\"width\":1000,\"height\":386},{\"@type\":\"BreadcrumbList\",\"@id\":\"https:\/\/www.jobcloud.ch\/c\/de-ch\/blog\/rechtsfragen-gleitende-arbeitszeit\/#breadcrumb\",\"itemListElement\":[{\"@type\":\"ListItem\",\"position\":1,\"name\":\"Wettbewerbskommission stimmt \u00dcbernahme von jobs.ch durch Ringier und Tamedia zu\",\"item\":\"https:\/\/www.jobcloud.ch\/c\/de-ch\/blog\/press-release\/wettbewerbskommission-stimmt-ubernahme-von-jobs-ch-durch-ringier-und-tamedia-zu\/\"},{\"@type\":\"ListItem\",\"position\":2,\"name\":\"Rechtsfragen bei gleitender Arbeitszeit in der Schweiz\"}]},{\"@type\":\"WebSite\",\"@id\":\"https:\/\/www.jobcloud.ch\/c\/de-ch\/#website\",\"url\":\"https:\/\/www.jobcloud.ch\/c\/de-ch\/\",\"name\":\"JobCloud\",\"description\":\"JobCloud is the leading job portal for jobseekers in Switzerland\",\"publisher\":{\"@id\":\"https:\/\/www.jobcloud.ch\/c\/de-ch\/#organization\"},\"potentialAction\":[{\"@type\":\"SearchAction\",\"target\":{\"@type\":\"EntryPoint\",\"urlTemplate\":\"https:\/\/www.jobcloud.ch\/c\/de-ch\/?s={search_term_string}\"},\"query-input\":{\"@type\":\"PropertyValueSpecification\",\"valueRequired\":true,\"valueName\":\"search_term_string\"}}],\"inLanguage\":\"de-CH\"},{\"@type\":\"Organization\",\"@id\":\"https:\/\/www.jobcloud.ch\/c\/de-ch\/#organization\",\"name\":\"JobCloud\",\"url\":\"https:\/\/www.jobcloud.ch\/c\/de-ch\/\",\"logo\":{\"@type\":\"ImageObject\",\"inLanguage\":\"de-CH\",\"@id\":\"https:\/\/www.jobcloud.ch\/c\/de-ch\/#\/schema\/logo\/image\/\",\"url\":\"https:\/\/www.jobcloud.ch\/wp-content\/uploads\/2020\/02\/jobcloude-logo.svg\",\"contentUrl\":\"https:\/\/www.jobcloud.ch\/wp-content\/uploads\/2020\/02\/jobcloude-logo.svg\",\"width\":160,\"height\":37,\"caption\":\"JobCloud\"},\"image\":{\"@id\":\"https:\/\/www.jobcloud.ch\/c\/de-ch\/#\/schema\/logo\/image\/\"}},{\"@type\":\"Person\",\"@id\":\"https:\/\/www.jobcloud.ch\/c\/de-ch\/#\/schema\/person\/b5a1acb8751624420c1b9b41a55929b4\",\"name\":\"Roland Bachmann\",\"image\":{\"@type\":\"ImageObject\",\"inLanguage\":\"de-CH\",\"@id\":\"https:\/\/www.jobcloud.ch\/wp-content\/uploads\/2021\/01\/Roland-Bachmann_avatar-96x96.png\",\"url\":\"https:\/\/www.jobcloud.ch\/wp-content\/uploads\/2021\/01\/Roland-Bachmann_avatar-96x96.png\",\"contentUrl\":\"https:\/\/www.jobcloud.ch\/wp-content\/uploads\/2021\/01\/Roland-Bachmann_avatar-96x96.png\",\"caption\":\"Roland Bachmann\"},\"description\":\"Docteur en droit et avocat sp\u00e9cialis\u00e9 en droit commercial et en droit du travail, Roland Bachmann s\u2019int\u00e9resse plus particuli\u00e8rement aux processus intervenant dans le droit des assurances et celui du travail. A travers son activit\u00e9 d\u2019expert en droit, Roland Bachmann assiste de pr\u00e8s \u00e0 l\u2019\u00e9vitement ou \u00e0 la r\u00e9solution de conflits juridiques. Au cours de ses articles, il abordera les questions sensibles li\u00e9es au droit du travail.\",\"sameAs\":[\"http:\/\/www.naterdallafior.ch\/\",\"https:\/\/www.linkedin.com\/in\/roland-bachmann-a7a09419\/\"],\"url\":\"https:\/\/www.jobcloud.ch\/c\/de-ch\/blog\/author\/rolandbachmann\/\"}]}<\/script>\n<!-- \/ Yoast SEO plugin. -->","yoast_head_json":{"title":"Rechtsfragen bei gleitender Arbeitszeit in der Schweiz | JobCloud","description":"Gleitende Arbeitszeit ist ein beliebtes Arbeitszeitmodell. Aus arbeitsrechtlicher Sicht m\u00fcssen Unternehmen und Arbeitnehmer jedoch einiges beachten.","robots":{"index":"index","follow":"follow","max-snippet":"max-snippet:-1","max-image-preview":"max-image-preview:large","max-video-preview":"max-video-preview:-1"},"canonical":"https:\/\/www.jobcloud.ch\/c\/de-ch\/blog\/rechtsfragen-gleitende-arbeitszeit\/","og_locale":"de_DE","og_type":"article","og_title":"Rechtsfragen bei gleitender Arbeitszeit in der Schweiz | JobCloud","og_description":"Gleitende Arbeitszeit ist ein beliebtes Arbeitszeitmodell. Aus arbeitsrechtlicher Sicht m\u00fcssen Unternehmen und Arbeitnehmer jedoch einiges beachten.","og_url":"https:\/\/www.jobcloud.ch\/c\/de-ch\/blog\/rechtsfragen-gleitende-arbeitszeit\/","og_site_name":"JobCloud","article_published_time":"2022-04-08T09:51:48+00:00","article_modified_time":"2022-04-12T13:35:37+00:00","og_image":[{"width":1000,"height":386,"url":"https:\/\/www.jobcloud.ch\/wp-content\/uploads\/2017\/12\/gleitzeit-1.jpg","type":"image\/jpeg"}],"author":"Roland Bachmann","twitter_card":"summary_large_image","twitter_misc":{"Geschrieben von":"Roland Bachmann"},"schema":{"@context":"https:\/\/schema.org","@graph":[{"@type":"Article","@id":"https:\/\/www.jobcloud.ch\/c\/de-ch\/blog\/rechtsfragen-gleitende-arbeitszeit\/#article","isPartOf":{"@id":"https:\/\/www.jobcloud.ch\/c\/de-ch\/blog\/rechtsfragen-gleitende-arbeitszeit\/"},"author":{"name":"Roland Bachmann","@id":"https:\/\/www.jobcloud.ch\/c\/de-ch\/#\/schema\/person\/b5a1acb8751624420c1b9b41a55929b4"},"headline":"Rechtsfragen bei gleitender Arbeitszeit in der Schweiz","datePublished":"2022-04-08T09:51:48+00:00","dateModified":"2022-04-12T13:35:37+00:00","mainEntityOfPage":{"@id":"https:\/\/www.jobcloud.ch\/c\/de-ch\/blog\/rechtsfragen-gleitende-arbeitszeit\/"},"wordCount":7,"commentCount":1,"publisher":{"@id":"https:\/\/www.jobcloud.ch\/c\/de-ch\/#organization"},"image":{"@id":"https:\/\/www.jobcloud.ch\/c\/de-ch\/blog\/rechtsfragen-gleitende-arbeitszeit\/#primaryimage"},"thumbnailUrl":"https:\/\/www.jobcloud.ch\/wp-content\/uploads\/2017\/12\/gleitzeit-1.jpg","keywords":["Arbeitszeitmodelle","flexible Arbeiszeit","Gleitende Arbeitszeit","Gleitzeit","\u00dcberstunden"],"articleSection":["Arbeitsrecht"],"inLanguage":"de-CH","potentialAction":[{"@type":"CommentAction","name":"Comment","target":["https:\/\/www.jobcloud.ch\/c\/de-ch\/blog\/rechtsfragen-gleitende-arbeitszeit\/#respond"]}]},{"@type":"WebPage","@id":"https:\/\/www.jobcloud.ch\/c\/de-ch\/blog\/rechtsfragen-gleitende-arbeitszeit\/","url":"https:\/\/www.jobcloud.ch\/c\/de-ch\/blog\/rechtsfragen-gleitende-arbeitszeit\/","name":"Rechtsfragen bei gleitender Arbeitszeit in der Schweiz | JobCloud","isPartOf":{"@id":"https:\/\/www.jobcloud.ch\/c\/de-ch\/#website"},"primaryImageOfPage":{"@id":"https:\/\/www.jobcloud.ch\/c\/de-ch\/blog\/rechtsfragen-gleitende-arbeitszeit\/#primaryimage"},"image":{"@id":"https:\/\/www.jobcloud.ch\/c\/de-ch\/blog\/rechtsfragen-gleitende-arbeitszeit\/#primaryimage"},"thumbnailUrl":"https:\/\/www.jobcloud.ch\/wp-content\/uploads\/2017\/12\/gleitzeit-1.jpg","datePublished":"2022-04-08T09:51:48+00:00","dateModified":"2022-04-12T13:35:37+00:00","description":"Gleitende Arbeitszeit ist ein beliebtes Arbeitszeitmodell. Aus arbeitsrechtlicher Sicht m\u00fcssen Unternehmen und Arbeitnehmer jedoch einiges beachten.","breadcrumb":{"@id":"https:\/\/www.jobcloud.ch\/c\/de-ch\/blog\/rechtsfragen-gleitende-arbeitszeit\/#breadcrumb"},"inLanguage":"de-CH","potentialAction":[{"@type":"ReadAction","target":["https:\/\/www.jobcloud.ch\/c\/de-ch\/blog\/rechtsfragen-gleitende-arbeitszeit\/"]}]},{"@type":"ImageObject","inLanguage":"de-CH","@id":"https:\/\/www.jobcloud.ch\/c\/de-ch\/blog\/rechtsfragen-gleitende-arbeitszeit\/#primaryimage","url":"https:\/\/www.jobcloud.ch\/wp-content\/uploads\/2017\/12\/gleitzeit-1.jpg","contentUrl":"https:\/\/www.jobcloud.ch\/wp-content\/uploads\/2017\/12\/gleitzeit-1.jpg","width":1000,"height":386},{"@type":"BreadcrumbList","@id":"https:\/\/www.jobcloud.ch\/c\/de-ch\/blog\/rechtsfragen-gleitende-arbeitszeit\/#breadcrumb","itemListElement":[{"@type":"ListItem","position":1,"name":"Wettbewerbskommission stimmt \u00dcbernahme von jobs.ch durch Ringier und Tamedia zu","item":"https:\/\/www.jobcloud.ch\/c\/de-ch\/blog\/press-release\/wettbewerbskommission-stimmt-ubernahme-von-jobs-ch-durch-ringier-und-tamedia-zu\/"},{"@type":"ListItem","position":2,"name":"Rechtsfragen bei gleitender Arbeitszeit in der Schweiz"}]},{"@type":"WebSite","@id":"https:\/\/www.jobcloud.ch\/c\/de-ch\/#website","url":"https:\/\/www.jobcloud.ch\/c\/de-ch\/","name":"JobCloud","description":"JobCloud is the leading job portal for jobseekers in Switzerland","publisher":{"@id":"https:\/\/www.jobcloud.ch\/c\/de-ch\/#organization"},"potentialAction":[{"@type":"SearchAction","target":{"@type":"EntryPoint","urlTemplate":"https:\/\/www.jobcloud.ch\/c\/de-ch\/?s={search_term_string}"},"query-input":{"@type":"PropertyValueSpecification","valueRequired":true,"valueName":"search_term_string"}}],"inLanguage":"de-CH"},{"@type":"Organization","@id":"https:\/\/www.jobcloud.ch\/c\/de-ch\/#organization","name":"JobCloud","url":"https:\/\/www.jobcloud.ch\/c\/de-ch\/","logo":{"@type":"ImageObject","inLanguage":"de-CH","@id":"https:\/\/www.jobcloud.ch\/c\/de-ch\/#\/schema\/logo\/image\/","url":"https:\/\/www.jobcloud.ch\/wp-content\/uploads\/2020\/02\/jobcloude-logo.svg","contentUrl":"https:\/\/www.jobcloud.ch\/wp-content\/uploads\/2020\/02\/jobcloude-logo.svg","width":160,"height":37,"caption":"JobCloud"},"image":{"@id":"https:\/\/www.jobcloud.ch\/c\/de-ch\/#\/schema\/logo\/image\/"}},{"@type":"Person","@id":"https:\/\/www.jobcloud.ch\/c\/de-ch\/#\/schema\/person\/b5a1acb8751624420c1b9b41a55929b4","name":"Roland Bachmann","image":{"@type":"ImageObject","inLanguage":"de-CH","@id":"https:\/\/www.jobcloud.ch\/wp-content\/uploads\/2021\/01\/Roland-Bachmann_avatar-96x96.png","url":"https:\/\/www.jobcloud.ch\/wp-content\/uploads\/2021\/01\/Roland-Bachmann_avatar-96x96.png","contentUrl":"https:\/\/www.jobcloud.ch\/wp-content\/uploads\/2021\/01\/Roland-Bachmann_avatar-96x96.png","caption":"Roland Bachmann"},"description":"Docteur en droit et avocat sp\u00e9cialis\u00e9 en droit commercial et en droit du travail, Roland Bachmann s\u2019int\u00e9resse plus particuli\u00e8rement aux processus intervenant dans le droit des assurances et celui du travail. A travers son activit\u00e9 d\u2019expert en droit, Roland Bachmann assiste de pr\u00e8s \u00e0 l\u2019\u00e9vitement ou \u00e0 la r\u00e9solution de conflits juridiques. Au cours de ses articles, il abordera les questions sensibles li\u00e9es au droit du travail.","sameAs":["http:\/\/www.naterdallafior.ch\/","https:\/\/www.linkedin.com\/in\/roland-bachmann-a7a09419\/"],"url":"https:\/\/www.jobcloud.ch\/c\/de-ch\/blog\/author\/rolandbachmann\/"}]}},"_links":{"self":[{"href":"https:\/\/www.jobcloud.ch\/c\/de-ch\/wp-json\/wp\/v2\/posts\/11147","targetHints":{"allow":["GET"]}}],"collection":[{"href":"https:\/\/www.jobcloud.ch\/c\/de-ch\/wp-json\/wp\/v2\/posts"}],"about":[{"href":"https:\/\/www.jobcloud.ch\/c\/de-ch\/wp-json\/wp\/v2\/types\/post"}],"author":[{"embeddable":true,"href":"https:\/\/www.jobcloud.ch\/c\/de-ch\/wp-json\/wp\/v2\/users\/32"}],"replies":[{"embeddable":true,"href":"https:\/\/www.jobcloud.ch\/c\/de-ch\/wp-json\/wp\/v2\/comments?post=11147"}],"version-history":[{"count":0,"href":"https:\/\/www.jobcloud.ch\/c\/de-ch\/wp-json\/wp\/v2\/posts\/11147\/revisions"}],"wp:featuredmedia":[{"embeddable":true,"href":"https:\/\/www.jobcloud.ch\/c\/de-ch\/wp-json\/wp\/v2\/media\/11148"}],"wp:attachment":[{"href":"https:\/\/www.jobcloud.ch\/c\/de-ch\/wp-json\/wp\/v2\/media?parent=11147"}],"wp:term":[{"taxonomy":"category","embeddable":true,"href":"https:\/\/www.jobcloud.ch\/c\/de-ch\/wp-json\/wp\/v2\/categories?post=11147"},{"taxonomy":"post_tag","embeddable":true,"href":"https:\/\/www.jobcloud.ch\/c\/de-ch\/wp-json\/wp\/v2\/tags?post=11147"}],"curies":[{"name":"wp","href":"https:\/\/api.w.org\/{rel}","templated":true}]}}