     {"id":101918,"date":"2025-10-16T10:00:14","date_gmt":"2025-10-16T08:00:14","guid":{"rendered":"https:\/\/www.jobcloud.ch\/c\/?p=101918"},"modified":"2025-10-21T16:48:55","modified_gmt":"2025-10-21T14:48:55","slug":"kienbaum-gehaltsentwicklungsprognose-2026-zurueck-zur-normalitaet-aber-unter-neuen-vorzeichen","status":"publish","type":"post","link":"https:\/\/www.jobcloud.ch\/c\/de-ch\/blog\/kienbaum-gehaltsentwicklungsprognose-2026-zurueck-zur-normalitaet-aber-unter-neuen-vorzeichen\/","title":{"rendered":"Kienbaum Gehaltsentwicklungsprognose 2026: Zur\u00fcck zur Normalit\u00e4t, aber unter neuen Vorzeichen"},"content":{"rendered":"","protected":false},"excerpt":{"rendered":"","protected":false},"author":101,"featured_media":102493,"comment_status":"closed","ping_status":"open","sticky":false,"template":"","format":"standard","meta":{"_acf_changed":false,"inline_featured_image":false,"footnotes":""},"categories":[898],"tags":[963,1229],"class_list":["post-101918","post","type-post","status-publish","format-standard","has-post-thumbnail","hentry","category-trends-studien","tag-arbeitswelt","tag-lohntransparenz"],"acf":[],"yoast_head":"<!-- This site is optimized with the Yoast SEO plugin v27.2 - https:\/\/yoast.com\/product\/yoast-seo-wordpress\/ -->\n<title>Kienbaum Gehaltsentwicklungsprognose 2026: Zur\u00fcck zur Normalit\u00e4t, aber unter neuen Vorzeichen | JobCloud<\/title>\n<meta name=\"description\" content=\"Gehaltsprognose Schweiz 2026: Moderate Lohnerh\u00f6hungen von \u00d8 1.3 %, sinkende Bedeutung des Fachkr\u00e4ftemangels und Fokus auf Produktivit\u00e4t &amp; Performance.\" \/>\n<meta name=\"robots\" content=\"index, follow, max-snippet:-1, max-image-preview:large, max-video-preview:-1\" \/>\n<link rel=\"canonical\" href=\"https:\/\/www.jobcloud.ch\/c\/de-ch\/blog\/kienbaum-gehaltsentwicklungsprognose-2026-zurueck-zur-normalitaet-aber-unter-neuen-vorzeichen\/\" \/>\n<meta property=\"og:locale\" content=\"de_DE\" \/>\n<meta property=\"og:type\" content=\"article\" \/>\n<meta property=\"og:title\" content=\"Kienbaum Gehaltsentwicklungsprognose 2026: Zur\u00fcck zur Normalit\u00e4t, aber unter neuen Vorzeichen | JobCloud\" \/>\n<meta property=\"og:description\" content=\"Gehaltsprognose Schweiz 2026: Moderate Lohnerh\u00f6hungen von \u00d8 1.3 %, sinkende Bedeutung des Fachkr\u00e4ftemangels und Fokus auf Produktivit\u00e4t &amp; Performance.\" \/>\n<meta property=\"og:url\" content=\"https:\/\/www.jobcloud.ch\/c\/de-ch\/blog\/kienbaum-gehaltsentwicklungsprognose-2026-zurueck-zur-normalitaet-aber-unter-neuen-vorzeichen\/\" \/>\n<meta property=\"og:site_name\" content=\"JobCloud\" \/>\n<meta property=\"article:published_time\" content=\"2025-10-16T08:00:14+00:00\" \/>\n<meta property=\"article:modified_time\" content=\"2025-10-21T14:48:55+00:00\" \/>\n<meta property=\"og:image\" content=\"https:\/\/www.jobcloud.ch\/wp-content\/uploads\/2025\/10\/piggy-bank-scaled.png\" \/>\n\t<meta property=\"og:image:width\" content=\"2560\" \/>\n\t<meta property=\"og:image:height\" content=\"1440\" \/>\n\t<meta property=\"og:image:type\" content=\"image\/png\" \/>\n<meta name=\"author\" content=\"Timon Forrer, Kienbaum\" \/>\n<meta name=\"twitter:card\" content=\"summary_large_image\" \/>\n<meta name=\"twitter:label1\" content=\"Geschrieben von\" \/>\n\t<meta name=\"twitter:data1\" content=\"Timon Forrer, Kienbaum\" \/>\n\t<meta name=\"twitter:label2\" content=\"Gesch\u00e4tzte Lesezeit\" \/>\n\t<meta name=\"twitter:data2\" content=\"1\u00a0Minute\" \/>\n<script type=\"application\/ld+json\" class=\"yoast-schema-graph\">{\"@context\":\"https:\/\/schema.org\",\"@graph\":[{\"@type\":\"Article\",\"@id\":\"https:\/\/www.jobcloud.ch\/c\/de-ch\/blog\/kienbaum-gehaltsentwicklungsprognose-2026-zurueck-zur-normalitaet-aber-unter-neuen-vorzeichen\/#article\",\"isPartOf\":{\"@id\":\"https:\/\/www.jobcloud.ch\/c\/de-ch\/blog\/kienbaum-gehaltsentwicklungsprognose-2026-zurueck-zur-normalitaet-aber-unter-neuen-vorzeichen\/\"},\"author\":{\"name\":\"Timon Forrer, Kienbaum\",\"@id\":\"https:\/\/www.jobcloud.ch\/c\/de-ch\/#\/schema\/person\/4356319be0ef197ddb43ceec45f8a90a\"},\"headline\":\"Kienbaum Gehaltsentwicklungsprognose 2026: Zur\u00fcck zur Normalit\u00e4t, aber unter neuen Vorzeichen\",\"datePublished\":\"2025-10-16T08:00:14+00:00\",\"dateModified\":\"2025-10-21T14:48:55+00:00\",\"mainEntityOfPage\":{\"@id\":\"https:\/\/www.jobcloud.ch\/c\/de-ch\/blog\/kienbaum-gehaltsentwicklungsprognose-2026-zurueck-zur-normalitaet-aber-unter-neuen-vorzeichen\/\"},\"wordCount\":11,\"publisher\":{\"@id\":\"https:\/\/www.jobcloud.ch\/c\/de-ch\/#organization\"},\"image\":{\"@id\":\"https:\/\/www.jobcloud.ch\/c\/de-ch\/blog\/kienbaum-gehaltsentwicklungsprognose-2026-zurueck-zur-normalitaet-aber-unter-neuen-vorzeichen\/#primaryimage\"},\"thumbnailUrl\":\"https:\/\/www.jobcloud.ch\/wp-content\/uploads\/2025\/10\/piggy-bank-scaled.png\",\"keywords\":[\"Arbeitswelt\",\"Lohntransparenz\"],\"articleSection\":[\"Trends &amp; Studien\"],\"inLanguage\":\"de-CH\"},{\"@type\":\"WebPage\",\"@id\":\"https:\/\/www.jobcloud.ch\/c\/de-ch\/blog\/kienbaum-gehaltsentwicklungsprognose-2026-zurueck-zur-normalitaet-aber-unter-neuen-vorzeichen\/\",\"url\":\"https:\/\/www.jobcloud.ch\/c\/de-ch\/blog\/kienbaum-gehaltsentwicklungsprognose-2026-zurueck-zur-normalitaet-aber-unter-neuen-vorzeichen\/\",\"name\":\"Kienbaum Gehaltsentwicklungsprognose 2026: Zur\u00fcck zur Normalit\u00e4t, aber unter neuen Vorzeichen | JobCloud\",\"isPartOf\":{\"@id\":\"https:\/\/www.jobcloud.ch\/c\/de-ch\/#website\"},\"primaryImageOfPage\":{\"@id\":\"https:\/\/www.jobcloud.ch\/c\/de-ch\/blog\/kienbaum-gehaltsentwicklungsprognose-2026-zurueck-zur-normalitaet-aber-unter-neuen-vorzeichen\/#primaryimage\"},\"image\":{\"@id\":\"https:\/\/www.jobcloud.ch\/c\/de-ch\/blog\/kienbaum-gehaltsentwicklungsprognose-2026-zurueck-zur-normalitaet-aber-unter-neuen-vorzeichen\/#primaryimage\"},\"thumbnailUrl\":\"https:\/\/www.jobcloud.ch\/wp-content\/uploads\/2025\/10\/piggy-bank-scaled.png\",\"datePublished\":\"2025-10-16T08:00:14+00:00\",\"dateModified\":\"2025-10-21T14:48:55+00:00\",\"description\":\"Gehaltsprognose Schweiz 2026: Moderate Lohnerh\u00f6hungen von \u00d8 1.3 %, sinkende Bedeutung des Fachkr\u00e4ftemangels und Fokus auf Produktivit\u00e4t & Performance.\",\"inLanguage\":\"de-CH\",\"potentialAction\":[{\"@type\":\"ReadAction\",\"target\":[\"https:\/\/www.jobcloud.ch\/c\/de-ch\/blog\/kienbaum-gehaltsentwicklungsprognose-2026-zurueck-zur-normalitaet-aber-unter-neuen-vorzeichen\/\"]}]},{\"@type\":\"ImageObject\",\"inLanguage\":\"de-CH\",\"@id\":\"https:\/\/www.jobcloud.ch\/c\/de-ch\/blog\/kienbaum-gehaltsentwicklungsprognose-2026-zurueck-zur-normalitaet-aber-unter-neuen-vorzeichen\/#primaryimage\",\"url\":\"https:\/\/www.jobcloud.ch\/wp-content\/uploads\/2025\/10\/piggy-bank-scaled.png\",\"contentUrl\":\"https:\/\/www.jobcloud.ch\/wp-content\/uploads\/2025\/10\/piggy-bank-scaled.png\",\"width\":2560,\"height\":1440},{\"@type\":\"WebSite\",\"@id\":\"https:\/\/www.jobcloud.ch\/c\/de-ch\/#website\",\"url\":\"https:\/\/www.jobcloud.ch\/c\/de-ch\/\",\"name\":\"JobCloud\",\"description\":\"JobCloud is the leading job portal for jobseekers in Switzerland\",\"publisher\":{\"@id\":\"https:\/\/www.jobcloud.ch\/c\/de-ch\/#organization\"},\"potentialAction\":[{\"@type\":\"SearchAction\",\"target\":{\"@type\":\"EntryPoint\",\"urlTemplate\":\"https:\/\/www.jobcloud.ch\/c\/de-ch\/?s={search_term_string}\"},\"query-input\":{\"@type\":\"PropertyValueSpecification\",\"valueRequired\":true,\"valueName\":\"search_term_string\"}}],\"inLanguage\":\"de-CH\"},{\"@type\":\"Organization\",\"@id\":\"https:\/\/www.jobcloud.ch\/c\/de-ch\/#organization\",\"name\":\"JobCloud\",\"url\":\"https:\/\/www.jobcloud.ch\/c\/de-ch\/\",\"logo\":{\"@type\":\"ImageObject\",\"inLanguage\":\"de-CH\",\"@id\":\"https:\/\/www.jobcloud.ch\/c\/de-ch\/#\/schema\/logo\/image\/\",\"url\":\"https:\/\/www.jobcloud.ch\/wp-content\/uploads\/2020\/02\/jobcloude-logo.svg\",\"contentUrl\":\"https:\/\/www.jobcloud.ch\/wp-content\/uploads\/2020\/02\/jobcloude-logo.svg\",\"width\":160,\"height\":37,\"caption\":\"JobCloud\"},\"image\":{\"@id\":\"https:\/\/www.jobcloud.ch\/c\/de-ch\/#\/schema\/logo\/image\/\"}},{\"@type\":\"Person\",\"@id\":\"https:\/\/www.jobcloud.ch\/c\/de-ch\/#\/schema\/person\/4356319be0ef197ddb43ceec45f8a90a\",\"name\":\"Timon Forrer, Kienbaum\",\"image\":{\"@type\":\"ImageObject\",\"inLanguage\":\"de-CH\",\"@id\":\"https:\/\/secure.gravatar.com\/avatar\/f2bbed0766b30a9e22b19fee60e4d05970fd6d0f7ae20785dbae56e6f1c6cfa2?s=96&d=mm&r=g\",\"url\":\"https:\/\/secure.gravatar.com\/avatar\/f2bbed0766b30a9e22b19fee60e4d05970fd6d0f7ae20785dbae56e6f1c6cfa2?s=96&d=mm&r=g\",\"contentUrl\":\"https:\/\/secure.gravatar.com\/avatar\/f2bbed0766b30a9e22b19fee60e4d05970fd6d0f7ae20785dbae56e6f1c6cfa2?s=96&d=mm&r=g\",\"caption\":\"Timon Forrer, Kienbaum\"},\"url\":\"https:\/\/www.jobcloud.ch\/c\/de-ch\/blog\/author\/kienbaum\/\"}]}<\/script>\n<!-- \/ Yoast SEO plugin. -->","yoast_head_json":{"title":"Kienbaum Gehaltsentwicklungsprognose 2026: Zur\u00fcck zur Normalit\u00e4t, aber unter neuen Vorzeichen | JobCloud","description":"Gehaltsprognose Schweiz 2026: Moderate Lohnerh\u00f6hungen von \u00d8 1.3 %, sinkende Bedeutung des Fachkr\u00e4ftemangels und Fokus auf Produktivit\u00e4t & Performance.","robots":{"index":"index","follow":"follow","max-snippet":"max-snippet:-1","max-image-preview":"max-image-preview:large","max-video-preview":"max-video-preview:-1"},"canonical":"https:\/\/www.jobcloud.ch\/c\/de-ch\/blog\/kienbaum-gehaltsentwicklungsprognose-2026-zurueck-zur-normalitaet-aber-unter-neuen-vorzeichen\/","og_locale":"de_DE","og_type":"article","og_title":"Kienbaum Gehaltsentwicklungsprognose 2026: Zur\u00fcck zur Normalit\u00e4t, aber unter neuen Vorzeichen | JobCloud","og_description":"Gehaltsprognose Schweiz 2026: Moderate Lohnerh\u00f6hungen von \u00d8 1.3 %, sinkende Bedeutung des Fachkr\u00e4ftemangels und Fokus auf Produktivit\u00e4t & Performance.","og_url":"https:\/\/www.jobcloud.ch\/c\/de-ch\/blog\/kienbaum-gehaltsentwicklungsprognose-2026-zurueck-zur-normalitaet-aber-unter-neuen-vorzeichen\/","og_site_name":"JobCloud","article_published_time":"2025-10-16T08:00:14+00:00","article_modified_time":"2025-10-21T14:48:55+00:00","og_image":[{"width":2560,"height":1440,"url":"https:\/\/www.jobcloud.ch\/wp-content\/uploads\/2025\/10\/piggy-bank-scaled.png","type":"image\/png"}],"author":"Timon Forrer, Kienbaum","twitter_card":"summary_large_image","twitter_misc":{"Geschrieben von":"Timon Forrer, Kienbaum","Gesch\u00e4tzte Lesezeit":"1\u00a0Minute"},"schema":{"@context":"https:\/\/schema.org","@graph":[{"@type":"Article","@id":"https:\/\/www.jobcloud.ch\/c\/de-ch\/blog\/kienbaum-gehaltsentwicklungsprognose-2026-zurueck-zur-normalitaet-aber-unter-neuen-vorzeichen\/#article","isPartOf":{"@id":"https:\/\/www.jobcloud.ch\/c\/de-ch\/blog\/kienbaum-gehaltsentwicklungsprognose-2026-zurueck-zur-normalitaet-aber-unter-neuen-vorzeichen\/"},"author":{"name":"Timon Forrer, Kienbaum","@id":"https:\/\/www.jobcloud.ch\/c\/de-ch\/#\/schema\/person\/4356319be0ef197ddb43ceec45f8a90a"},"headline":"Kienbaum Gehaltsentwicklungsprognose 2026: Zur\u00fcck zur Normalit\u00e4t, aber unter neuen Vorzeichen","datePublished":"2025-10-16T08:00:14+00:00","dateModified":"2025-10-21T14:48:55+00:00","mainEntityOfPage":{"@id":"https:\/\/www.jobcloud.ch\/c\/de-ch\/blog\/kienbaum-gehaltsentwicklungsprognose-2026-zurueck-zur-normalitaet-aber-unter-neuen-vorzeichen\/"},"wordCount":11,"publisher":{"@id":"https:\/\/www.jobcloud.ch\/c\/de-ch\/#organization"},"image":{"@id":"https:\/\/www.jobcloud.ch\/c\/de-ch\/blog\/kienbaum-gehaltsentwicklungsprognose-2026-zurueck-zur-normalitaet-aber-unter-neuen-vorzeichen\/#primaryimage"},"thumbnailUrl":"https:\/\/www.jobcloud.ch\/wp-content\/uploads\/2025\/10\/piggy-bank-scaled.png","keywords":["Arbeitswelt","Lohntransparenz"],"articleSection":["Trends &amp; Studien"],"inLanguage":"de-CH"},{"@type":"WebPage","@id":"https:\/\/www.jobcloud.ch\/c\/de-ch\/blog\/kienbaum-gehaltsentwicklungsprognose-2026-zurueck-zur-normalitaet-aber-unter-neuen-vorzeichen\/","url":"https:\/\/www.jobcloud.ch\/c\/de-ch\/blog\/kienbaum-gehaltsentwicklungsprognose-2026-zurueck-zur-normalitaet-aber-unter-neuen-vorzeichen\/","name":"Kienbaum Gehaltsentwicklungsprognose 2026: Zur\u00fcck zur Normalit\u00e4t, aber unter neuen Vorzeichen | JobCloud","isPartOf":{"@id":"https:\/\/www.jobcloud.ch\/c\/de-ch\/#website"},"primaryImageOfPage":{"@id":"https:\/\/www.jobcloud.ch\/c\/de-ch\/blog\/kienbaum-gehaltsentwicklungsprognose-2026-zurueck-zur-normalitaet-aber-unter-neuen-vorzeichen\/#primaryimage"},"image":{"@id":"https:\/\/www.jobcloud.ch\/c\/de-ch\/blog\/kienbaum-gehaltsentwicklungsprognose-2026-zurueck-zur-normalitaet-aber-unter-neuen-vorzeichen\/#primaryimage"},"thumbnailUrl":"https:\/\/www.jobcloud.ch\/wp-content\/uploads\/2025\/10\/piggy-bank-scaled.png","datePublished":"2025-10-16T08:00:14+00:00","dateModified":"2025-10-21T14:48:55+00:00","description":"Gehaltsprognose Schweiz 2026: Moderate Lohnerh\u00f6hungen von \u00d8 1.3 %, sinkende Bedeutung des Fachkr\u00e4ftemangels und Fokus auf Produktivit\u00e4t & Performance.","inLanguage":"de-CH","potentialAction":[{"@type":"ReadAction","target":["https:\/\/www.jobcloud.ch\/c\/de-ch\/blog\/kienbaum-gehaltsentwicklungsprognose-2026-zurueck-zur-normalitaet-aber-unter-neuen-vorzeichen\/"]}]},{"@type":"ImageObject","inLanguage":"de-CH","@id":"https:\/\/www.jobcloud.ch\/c\/de-ch\/blog\/kienbaum-gehaltsentwicklungsprognose-2026-zurueck-zur-normalitaet-aber-unter-neuen-vorzeichen\/#primaryimage","url":"https:\/\/www.jobcloud.ch\/wp-content\/uploads\/2025\/10\/piggy-bank-scaled.png","contentUrl":"https:\/\/www.jobcloud.ch\/wp-content\/uploads\/2025\/10\/piggy-bank-scaled.png","width":2560,"height":1440},{"@type":"WebSite","@id":"https:\/\/www.jobcloud.ch\/c\/de-ch\/#website","url":"https:\/\/www.jobcloud.ch\/c\/de-ch\/","name":"JobCloud","description":"JobCloud is the leading job portal for jobseekers in Switzerland","publisher":{"@id":"https:\/\/www.jobcloud.ch\/c\/de-ch\/#organization"},"potentialAction":[{"@type":"SearchAction","target":{"@type":"EntryPoint","urlTemplate":"https:\/\/www.jobcloud.ch\/c\/de-ch\/?s={search_term_string}"},"query-input":{"@type":"PropertyValueSpecification","valueRequired":true,"valueName":"search_term_string"}}],"inLanguage":"de-CH"},{"@type":"Organization","@id":"https:\/\/www.jobcloud.ch\/c\/de-ch\/#organization","name":"JobCloud","url":"https:\/\/www.jobcloud.ch\/c\/de-ch\/","logo":{"@type":"ImageObject","inLanguage":"de-CH","@id":"https:\/\/www.jobcloud.ch\/c\/de-ch\/#\/schema\/logo\/image\/","url":"https:\/\/www.jobcloud.ch\/wp-content\/uploads\/2020\/02\/jobcloude-logo.svg","contentUrl":"https:\/\/www.jobcloud.ch\/wp-content\/uploads\/2020\/02\/jobcloude-logo.svg","width":160,"height":37,"caption":"JobCloud"},"image":{"@id":"https:\/\/www.jobcloud.ch\/c\/de-ch\/#\/schema\/logo\/image\/"}},{"@type":"Person","@id":"https:\/\/www.jobcloud.ch\/c\/de-ch\/#\/schema\/person\/4356319be0ef197ddb43ceec45f8a90a","name":"Timon Forrer, Kienbaum","image":{"@type":"ImageObject","inLanguage":"de-CH","@id":"https:\/\/secure.gravatar.com\/avatar\/f2bbed0766b30a9e22b19fee60e4d05970fd6d0f7ae20785dbae56e6f1c6cfa2?s=96&d=mm&r=g","url":"https:\/\/secure.gravatar.com\/avatar\/f2bbed0766b30a9e22b19fee60e4d05970fd6d0f7ae20785dbae56e6f1c6cfa2?s=96&d=mm&r=g","contentUrl":"https:\/\/secure.gravatar.com\/avatar\/f2bbed0766b30a9e22b19fee60e4d05970fd6d0f7ae20785dbae56e6f1c6cfa2?s=96&d=mm&r=g","caption":"Timon Forrer, Kienbaum"},"url":"https:\/\/www.jobcloud.ch\/c\/de-ch\/blog\/author\/kienbaum\/"}]}},"_links":{"self":[{"href":"https:\/\/www.jobcloud.ch\/c\/de-ch\/wp-json\/wp\/v2\/posts\/101918","targetHints":{"allow":["GET"]}}],"collection":[{"href":"https:\/\/www.jobcloud.ch\/c\/de-ch\/wp-json\/wp\/v2\/posts"}],"about":[{"href":"https:\/\/www.jobcloud.ch\/c\/de-ch\/wp-json\/wp\/v2\/types\/post"}],"author":[{"embeddable":true,"href":"https:\/\/www.jobcloud.ch\/c\/de-ch\/wp-json\/wp\/v2\/users\/101"}],"replies":[{"embeddable":true,"href":"https:\/\/www.jobcloud.ch\/c\/de-ch\/wp-json\/wp\/v2\/comments?post=101918"}],"version-history":[{"count":0,"href":"https:\/\/www.jobcloud.ch\/c\/de-ch\/wp-json\/wp\/v2\/posts\/101918\/revisions"}],"wp:featuredmedia":[{"embeddable":true,"href":"https:\/\/www.jobcloud.ch\/c\/de-ch\/wp-json\/wp\/v2\/media\/102493"}],"wp:attachment":[{"href":"https:\/\/www.jobcloud.ch\/c\/de-ch\/wp-json\/wp\/v2\/media?parent=101918"}],"wp:term":[{"taxonomy":"category","embeddable":true,"href":"https:\/\/www.jobcloud.ch\/c\/de-ch\/wp-json\/wp\/v2\/categories?post=101918"},{"taxonomy":"post_tag","embeddable":true,"href":"https:\/\/www.jobcloud.ch\/c\/de-ch\/wp-json\/wp\/v2\/tags?post=101918"}],"curies":[{"name":"wp","href":"https:\/\/api.w.org\/{rel}","templated":true}]}}